{"id":13607,"date":"2016-11-22T21:54:25","date_gmt":"2016-11-23T00:54:25","guid":{"rendered":"http:\/\/blogdoeloiltoncajuhy.com.br\/site\/?p=13607"},"modified":"2016-11-22T21:54:25","modified_gmt":"2016-11-23T00:54:25","slug":"rei-da-sofrencia-pablo-revela-que-nunca-foi-traido","status":"publish","type":"post","link":"https:\/\/blogdoeloiltoncajuhy.com.br\/site\/rei-da-sofrencia-pablo-revela-que-nunca-foi-traido\/","title":{"rendered":"\u201cRei da sofr\u00eancia\u201d, Pablo revela que nunca foi tra\u00eddo"},"content":{"rendered":"<figure id=\"attachment_13608\" aria-describedby=\"caption-attachment-13608\" style=\"width: 500px\" class=\"wp-caption aligncenter\"><a href=\"https:\/\/i0.wp.com\/blogdoeloiltoncajuhy.com.br\/site\/wp-content\/uploads\/2016\/11\/pablo_nov-16-e1479862345393.jpg\"><img data-recalc-dims=\"1\" fetchpriority=\"high\" decoding=\"async\" class=\"wp-image-13608 size-full\" src=\"https:\/\/i0.wp.com\/blogdoeloiltoncajuhy.com.br\/site\/wp-content\/uploads\/2016\/11\/pablo_nov-16-e1479862345393.jpg?resize=500%2C500\" alt=\"pablo_nov-16\" width=\"500\" height=\"500\" \/><\/a><figcaption id=\"caption-attachment-13608\" class=\"wp-caption-text\">Pablo revela no Programa de Xuxa que nunca foi tra\u00eddo (Reprodu\u00e7\u00e3o\/Facebook)<\/figcaption><\/figure>\n<p>Pablo foi o convidado desta segunda-feira (21) do Programa Xuxa Meneghel, da TV Record. O cantor participou de um quadro em que respondia perguntas da apresentadora e do p\u00fablico.<\/p>\n<p>Quando questionado se j\u00e1 foi tra\u00eddo alguma vez, ele, que casou com 15 anos, revelou que n\u00e3o.\u00a0\u201cN\u00e3o, n\u00e3o porque eu casei muito cedo, e pra mim sempre foi um relacionamento s\u00e9rio, n\u00e3o era aqueles namoricos n\u00e3o\u201d.<\/p>\n<p>Naiara Azevedo, dona do hit \u201c50 reais\u201d, tamb\u00e9m foi questionada por Xuxa com a mesma pergunta, e a reposta foi a mesma do cantor.\u00a0\u201cN\u00e3o, menina, pode falar n\u00e3o, tem crian\u00e7a vendo em casa\u201d.<\/p>\n<p>Xuxa vendo a resposta negativa dos convidados revela que j\u00e1 passou por isso.\u00a0\u201cVoc\u00eas s\u00e3o muito bobos, eu j\u00e1 tra\u00ed e fui tra\u00edda. A gente \u00e9 humano, erra mesmo\u201d.<\/p>\n<p><em>*Observat\u00f3rio da Televis\u00e3o<\/em><\/p>\n","protected":false},"excerpt":{"rendered":"<p>Pablo foi o convidado desta segunda-feira (21) do Programa Xuxa Meneghel, da TV Record. O cantor participou de um quadro em que respondia perguntas da apresentadora e do p\u00fablico. Quando questionado se j\u00e1 foi tra\u00eddo alguma vez, ele, que casou com 15 anos, revelou que n\u00e3o.\u00a0\u201cN\u00e3o, n\u00e3o porque eu casei muito cedo, e pra mim [&hellip;]<\/p>\n","protected":false},"author":2,"featured_media":13608,"comment_status":"open","ping_status":"open","sticky":false,"template":"","format":"standard","meta":{"_acf_changed":false,"_monsterinsights_skip_tracking":false,"_monsterinsights_sitenote_active":false,"_monsterinsights_sitenote_note":"","_monsterinsights_sitenote_category":0,"_jetpack_memberships_contains_paid_content":false,"footnotes":"","jetpack_publicize_message":"","jetpack_publicize_feature_enabled":true,"jetpack_social_post_already_shared":true,"jetpack_social_options":{"image_generator_settings":{"template":"highway","default_image_id":0,"font":"","enabled":false},"version":2}},"categories":[8,1],"tags":[],"class_list":["post-13607","post","type-post","status-publish","format-standard","has-post-thumbnail","hentry","category-cultura","category-noticias"],"acf":[],"jetpack_publicize_connections":[],"jetpack_featured_media_url":"https:\/\/i0.wp.com\/blogdoeloiltoncajuhy.com.br\/site\/wp-content\/uploads\/2016\/11\/pablo_nov-16-e1479862345393.jpg?fit=500%2C500&ssl=1","jetpack_sharing_enabled":true,"publishpress_future_workflow_manual_trigger":{"enabledWorkflows":[]},"_links":{"self":[{"href":"https:\/\/blogdoeloiltoncajuhy.com.br\/site\/wp-json\/wp\/v2\/posts\/13607","targetHints":{"allow":["GET"]}}],"collection":[{"href":"https:\/\/blogdoeloiltoncajuhy.com.br\/site\/wp-json\/wp\/v2\/posts"}],"about":[{"href":"https:\/\/blogdoeloiltoncajuhy.com.br\/site\/wp-json\/wp\/v2\/types\/post"}],"author":[{"embeddable":true,"href":"https:\/\/blogdoeloiltoncajuhy.com.br\/site\/wp-json\/wp\/v2\/users\/2"}],"replies":[{"embeddable":true,"href":"https:\/\/blogdoeloiltoncajuhy.com.br\/site\/wp-json\/wp\/v2\/comments?post=13607"}],"version-history":[{"count":1,"href":"https:\/\/blogdoeloiltoncajuhy.com.br\/site\/wp-json\/wp\/v2\/posts\/13607\/revisions"}],"predecessor-version":[{"id":13609,"href":"https:\/\/blogdoeloiltoncajuhy.com.br\/site\/wp-json\/wp\/v2\/posts\/13607\/revisions\/13609"}],"wp:featuredmedia":[{"embeddable":true,"href":"https:\/\/blogdoeloiltoncajuhy.com.br\/site\/wp-json\/wp\/v2\/media\/13608"}],"wp:attachment":[{"href":"https:\/\/blogdoeloiltoncajuhy.com.br\/site\/wp-json\/wp\/v2\/media?parent=13607"}],"wp:term":[{"taxonomy":"category","embeddable":true,"href":"https:\/\/blogdoeloiltoncajuhy.com.br\/site\/wp-json\/wp\/v2\/categories?post=13607"},{"taxonomy":"post_tag","embeddable":true,"href":"https:\/\/blogdoeloiltoncajuhy.com.br\/site\/wp-json\/wp\/v2\/tags?post=13607"}],"curies":[{"name":"wp","href":"https:\/\/api.w.org\/{rel}","templated":true}]}}