{"id":13604,"date":"2016-11-22T21:33:34","date_gmt":"2016-11-23T00:33:34","guid":{"rendered":"http:\/\/blogdoeloiltoncajuhy.com.br\/site\/?p=13604"},"modified":"2016-11-22T21:33:34","modified_gmt":"2016-11-23T00:33:34","slug":"cultura-zeze-di-camargo-luciano-anunciam-novo-disco","status":"publish","type":"post","link":"https:\/\/blogdoeloiltoncajuhy.com.br\/site\/cultura-zeze-di-camargo-luciano-anunciam-novo-disco\/","title":{"rendered":"CULTURA: Zez\u00e9 Di Camargo &#038; Luciano anunciam novo disco"},"content":{"rendered":"<p><a href=\"https:\/\/i0.wp.com\/blogdoeloiltoncajuhy.com.br\/site\/wp-content\/uploads\/2016\/11\/zez%C3%A9-e-luciano_nov-16.jpg\"><img data-recalc-dims=\"1\" fetchpriority=\"high\" decoding=\"async\" class=\"aligncenter size-full wp-image-13605\" src=\"https:\/\/i0.wp.com\/blogdoeloiltoncajuhy.com.br\/site\/wp-content\/uploads\/2016\/11\/zez%C3%A9-e-luciano_nov-16.jpg?resize=800%2C533\" alt=\"zeze-e-luciano_nov-16\" width=\"800\" height=\"533\" srcset=\"https:\/\/i0.wp.com\/blogdoeloiltoncajuhy.com.br\/site\/wp-content\/uploads\/2016\/11\/zez%C3%A9-e-luciano_nov-16.jpg?w=960&amp;ssl=1 960w, https:\/\/i0.wp.com\/blogdoeloiltoncajuhy.com.br\/site\/wp-content\/uploads\/2016\/11\/zez%C3%A9-e-luciano_nov-16.jpg?resize=300%2C200&amp;ssl=1 300w, https:\/\/i0.wp.com\/blogdoeloiltoncajuhy.com.br\/site\/wp-content\/uploads\/2016\/11\/zez%C3%A9-e-luciano_nov-16.jpg?resize=768%2C512&amp;ssl=1 768w, https:\/\/i0.wp.com\/blogdoeloiltoncajuhy.com.br\/site\/wp-content\/uploads\/2016\/11\/zez%C3%A9-e-luciano_nov-16.jpg?resize=250%2C167&amp;ssl=1 250w\" sizes=\"(max-width: 800px) 100vw, 800px\" \/><\/a>Comemorando 25 anos de carreira, a dupla Zez\u00e9 di Camargo &amp; Luciano chegar\u00e1 daqui a alguns dias a seu 26\u00ba \u00e1lbum. Na \u00faltima sexta-feira (18), os irm\u00e3os anunciaram a pr\u00e9-venda de seu mais novo disco. Intitulado \u201cDois Tempos\u201d, o projeto chega ao mercado na pr\u00f3xima semana, j\u00e1 com um segundo volume previsto para 2017.<\/p>\n<p>Zez\u00e9 explica o porqu\u00ea do nome escolhido para o disco. \u201cPorque o projeto tem este prop\u00f3sito: o de mostrar DOIS TEMPOS em duas vozes, que h\u00e1 duas d\u00e9cadas e meia invadem tempos, fases, estilos e, mod\u00e9stia \u00e0 parte, s\u00e3o refer\u00eancias com orgulho e prazer.\u201d O cantor dedica o trabalho ao irm\u00e3o com quem divide a cena: \u201c\u00c9 para essa metade de mim, chamada Luciano, que dedico este CD\u201d, conclui.<\/p>\n<p>Para este trabalho, que \u00e9 composto por can\u00e7\u00f5es in\u00e9ditas, a n\u00e3o ser pelo single \u201cEu e voc\u00ea\u201c, eles contaram com tr\u00eas participa\u00e7\u00f5es especiais: Jorge &amp; Mateus (em \u201cIntenso\u201d), Felipe Ara\u00fajo (\u201cPra Que Deixar Pra Amanh\u00e3\u201d) e Wanessa Camargo (\u201cThe Prayer\u201d). A produ\u00e7\u00e3o ficou a cargo de Felipe Duran e Blener Maycon.<\/p>\n<p><strong>Confira o tracklist:<\/strong><\/p>\n<p>1. AMOR DE MOTEL<br \/>\n2. DESTINO<br \/>\n3. PODE SER UM SINAL<br \/>\n4. FALTA ALGUMA COISA<br \/>\n5. MENTIRA<br \/>\n6. BUTTERFLY<br \/>\n7. TCHAU<br \/>\n8. COMO SE FOSSE UMA PRECE<br \/>\n9. PRA QUE DEIXAR PRA AMANH\u00c3 \u2013 Participa\u00e7\u00e3o Especial: Felipe Ara\u00fajo<br \/>\n10. INTENSO \u2013 Participa\u00e7\u00e3o Especial: Jorge &amp; Mateus<br \/>\n11. J\u00c1 FOI O NOSSO TEMPO<br \/>\n12. EU E VOC\u00ca<br \/>\n13. COTOVELO VAI DOER<br \/>\n14. THE PRAYER \u2013 Participa\u00e7\u00e3o especial: Wanessa Camargo<br \/>\n15. MINHA VIDA<br \/>\n16. EU VOU<\/p>\n<p><iframe title=\"Zez\u00e9 Di Camargo &amp; Luciano - Eu e Voc\u00ea (Lyric Video)\" width=\"800\" height=\"450\" src=\"https:\/\/www.youtube.com\/embed\/kN5hTGt6Buc?feature=oembed\" frameborder=\"0\" allow=\"accelerometer; autoplay; encrypted-media; gyroscope; picture-in-picture\" allowfullscreen><\/iframe><\/p>\n<p><em>*Portal Sucesso<\/em><\/p>\n","protected":false},"excerpt":{"rendered":"<p>Comemorando 25 anos de carreira, a dupla Zez\u00e9 di Camargo &amp; Luciano chegar\u00e1 daqui a alguns dias a seu 26\u00ba \u00e1lbum. Na \u00faltima sexta-feira (18), os irm\u00e3os anunciaram a pr\u00e9-venda de seu mais novo disco. Intitulado \u201cDois Tempos\u201d, o projeto chega ao mercado na pr\u00f3xima semana, j\u00e1 com um segundo volume previsto para 2017. Zez\u00e9 [&hellip;]<\/p>\n","protected":false},"author":2,"featured_media":13605,"comment_status":"open","ping_status":"open","sticky":false,"template":"","format":"standard","meta":{"_acf_changed":false,"_monsterinsights_skip_tracking":false,"_monsterinsights_sitenote_active":false,"_monsterinsights_sitenote_note":"","_monsterinsights_sitenote_category":0,"_jetpack_memberships_contains_paid_content":false,"footnotes":"","jetpack_publicize_message":"","jetpack_publicize_feature_enabled":true,"jetpack_social_post_already_shared":true,"jetpack_social_options":{"image_generator_settings":{"template":"highway","default_image_id":0,"font":"","enabled":false},"version":2}},"categories":[8,1],"tags":[],"class_list":["post-13604","post","type-post","status-publish","format-standard","has-post-thumbnail","hentry","category-cultura","category-noticias"],"acf":[],"jetpack_publicize_connections":[],"jetpack_featured_media_url":"https:\/\/i0.wp.com\/blogdoeloiltoncajuhy.com.br\/site\/wp-content\/uploads\/2016\/11\/zez%C3%A9-e-luciano_nov-16.jpg?fit=960%2C640&ssl=1","jetpack_sharing_enabled":true,"publishpress_future_workflow_manual_trigger":{"enabledWorkflows":[]},"_links":{"self":[{"href":"https:\/\/blogdoeloiltoncajuhy.com.br\/site\/wp-json\/wp\/v2\/posts\/13604","targetHints":{"allow":["GET"]}}],"collection":[{"href":"https:\/\/blogdoeloiltoncajuhy.com.br\/site\/wp-json\/wp\/v2\/posts"}],"about":[{"href":"https:\/\/blogdoeloiltoncajuhy.com.br\/site\/wp-json\/wp\/v2\/types\/post"}],"author":[{"embeddable":true,"href":"https:\/\/blogdoeloiltoncajuhy.com.br\/site\/wp-json\/wp\/v2\/users\/2"}],"replies":[{"embeddable":true,"href":"https:\/\/blogdoeloiltoncajuhy.com.br\/site\/wp-json\/wp\/v2\/comments?post=13604"}],"version-history":[{"count":1,"href":"https:\/\/blogdoeloiltoncajuhy.com.br\/site\/wp-json\/wp\/v2\/posts\/13604\/revisions"}],"predecessor-version":[{"id":13606,"href":"https:\/\/blogdoeloiltoncajuhy.com.br\/site\/wp-json\/wp\/v2\/posts\/13604\/revisions\/13606"}],"wp:featuredmedia":[{"embeddable":true,"href":"https:\/\/blogdoeloiltoncajuhy.com.br\/site\/wp-json\/wp\/v2\/media\/13605"}],"wp:attachment":[{"href":"https:\/\/blogdoeloiltoncajuhy.com.br\/site\/wp-json\/wp\/v2\/media?parent=13604"}],"wp:term":[{"taxonomy":"category","embeddable":true,"href":"https:\/\/blogdoeloiltoncajuhy.com.br\/site\/wp-json\/wp\/v2\/categories?post=13604"},{"taxonomy":"post_tag","embeddable":true,"href":"https:\/\/blogdoeloiltoncajuhy.com.br\/site\/wp-json\/wp\/v2\/tags?post=13604"}],"curies":[{"name":"wp","href":"https:\/\/api.w.org\/{rel}","templated":true}]}}