{"id":13599,"date":"2016-11-22T20:44:49","date_gmt":"2016-11-22T23:44:49","guid":{"rendered":"http:\/\/blogdoeloiltoncajuhy.com.br\/site\/?p=13599"},"modified":"2016-11-22T20:44:49","modified_gmt":"2016-11-22T23:44:49","slug":"diocese-de-bonfim-tera-programacao-de-encerramento-do-ano-da-misericordia","status":"publish","type":"post","link":"https:\/\/blogdoeloiltoncajuhy.com.br\/site\/diocese-de-bonfim-tera-programacao-de-encerramento-do-ano-da-misericordia\/","title":{"rendered":"Diocese de Bonfim ter\u00e1 programa\u00e7\u00e3o de encerramento do Ano da Miseric\u00f3rdia"},"content":{"rendered":"<p><a href=\"https:\/\/i0.wp.com\/blogdoeloiltoncajuhy.com.br\/site\/wp-content\/uploads\/2016\/11\/ano-da-misericordia-e1479858279780.jpg\"><img data-recalc-dims=\"1\" fetchpriority=\"high\" decoding=\"async\" class=\"aligncenter size-full wp-image-13600\" src=\"https:\/\/i0.wp.com\/blogdoeloiltoncajuhy.com.br\/site\/wp-content\/uploads\/2016\/11\/ano-da-misericordia-e1479858279780.jpg?resize=540%2C302\" alt=\"ano-da-misericordia\" width=\"540\" height=\"302\" \/><\/a>A Diocese de Bonfim realizar\u00e1, no pr\u00f3ximo (27), o Encerramento do Ano Extraordin\u00e1rio da Miseric\u00f3rdia com a seguinte programa\u00e7\u00e3o:<\/p>\n<p>\u27a4 \u00c0s 8h &#8211; Concentra\u00e7\u00e3o de Fi\u00e9is diocesanos no Centro Diocesano de Pastoral Nossa Senhora de Lourdes &#8211; Realiza\u00e7\u00e3o de Confiss\u00f5es com a participa\u00e7\u00e3o do Clero Diocesano;<\/p>\n<p>\u27a4 \u00c0s 8h30 &#8211; Prociss\u00e3o saindo do Centro Diocesano de Pastoral em dire\u00e7\u00e3o \u00e0 Catedral Diocesana;<\/p>\n<p>\u27a4 \u00c0s 9h &#8211; Celebra\u00e7\u00e3o da Santa Missa de Encerramento do Jubileu Extraordin\u00e1rio da Miseric\u00f3rdia presidida por Dom Francisco Canind\u00e9 Palhano.<\/p>\n<p>Por causa desta programa\u00e7\u00e3o, n\u00e3o haver\u00e1 a celebra\u00e7\u00e3o da missa das 7h da manh\u00e3 deste domingo.<\/p>\n","protected":false},"excerpt":{"rendered":"<p>A Diocese de Bonfim realizar\u00e1, no pr\u00f3ximo (27), o Encerramento do Ano Extraordin\u00e1rio da Miseric\u00f3rdia com a seguinte programa\u00e7\u00e3o: \u27a4 \u00c0s 8h &#8211; Concentra\u00e7\u00e3o de Fi\u00e9is diocesanos no Centro Diocesano de Pastoral Nossa Senhora de Lourdes &#8211; Realiza\u00e7\u00e3o de Confiss\u00f5es com a participa\u00e7\u00e3o do Clero Diocesano; \u27a4 \u00c0s 8h30 &#8211; Prociss\u00e3o saindo do Centro Diocesano [&hellip;]<\/p>\n","protected":false},"author":2,"featured_media":13600,"comment_status":"open","ping_status":"open","sticky":false,"template":"","format":"standard","meta":{"_acf_changed":false,"_monsterinsights_skip_tracking":false,"_monsterinsights_sitenote_active":false,"_monsterinsights_sitenote_note":"","_monsterinsights_sitenote_category":0,"_jetpack_memberships_contains_paid_content":false,"footnotes":"","jetpack_publicize_message":"","jetpack_publicize_feature_enabled":true,"jetpack_social_post_already_shared":true,"jetpack_social_options":{"image_generator_settings":{"template":"highway","default_image_id":0,"font":"","enabled":false},"version":2}},"categories":[1,4],"tags":[],"class_list":["post-13599","post","type-post","status-publish","format-standard","has-post-thumbnail","hentry","category-noticias","category-local"],"acf":[],"jetpack_publicize_connections":[],"jetpack_featured_media_url":"https:\/\/i0.wp.com\/blogdoeloiltoncajuhy.com.br\/site\/wp-content\/uploads\/2016\/11\/ano-da-misericordia-e1479858279780.jpg?fit=540%2C302&ssl=1","jetpack_sharing_enabled":true,"publishpress_future_workflow_manual_trigger":{"enabledWorkflows":[]},"_links":{"self":[{"href":"https:\/\/blogdoeloiltoncajuhy.com.br\/site\/wp-json\/wp\/v2\/posts\/13599","targetHints":{"allow":["GET"]}}],"collection":[{"href":"https:\/\/blogdoeloiltoncajuhy.com.br\/site\/wp-json\/wp\/v2\/posts"}],"about":[{"href":"https:\/\/blogdoeloiltoncajuhy.com.br\/site\/wp-json\/wp\/v2\/types\/post"}],"author":[{"embeddable":true,"href":"https:\/\/blogdoeloiltoncajuhy.com.br\/site\/wp-json\/wp\/v2\/users\/2"}],"replies":[{"embeddable":true,"href":"https:\/\/blogdoeloiltoncajuhy.com.br\/site\/wp-json\/wp\/v2\/comments?post=13599"}],"version-history":[{"count":1,"href":"https:\/\/blogdoeloiltoncajuhy.com.br\/site\/wp-json\/wp\/v2\/posts\/13599\/revisions"}],"predecessor-version":[{"id":13601,"href":"https:\/\/blogdoeloiltoncajuhy.com.br\/site\/wp-json\/wp\/v2\/posts\/13599\/revisions\/13601"}],"wp:featuredmedia":[{"embeddable":true,"href":"https:\/\/blogdoeloiltoncajuhy.com.br\/site\/wp-json\/wp\/v2\/media\/13600"}],"wp:attachment":[{"href":"https:\/\/blogdoeloiltoncajuhy.com.br\/site\/wp-json\/wp\/v2\/media?parent=13599"}],"wp:term":[{"taxonomy":"category","embeddable":true,"href":"https:\/\/blogdoeloiltoncajuhy.com.br\/site\/wp-json\/wp\/v2\/categories?post=13599"},{"taxonomy":"post_tag","embeddable":true,"href":"https:\/\/blogdoeloiltoncajuhy.com.br\/site\/wp-json\/wp\/v2\/tags?post=13599"}],"curies":[{"name":"wp","href":"https:\/\/api.w.org\/{rel}","templated":true}]}}