{"id":13594,"date":"2016-11-22T10:31:27","date_gmt":"2016-11-22T13:31:27","guid":{"rendered":"http:\/\/blogdoeloiltoncajuhy.com.br\/site\/?p=13594"},"modified":"2016-11-22T10:31:27","modified_gmt":"2016-11-22T13:31:27","slug":"prefeitura-de-bonfim-lanca-licitacao-de-quiosques-vendedores-acionam-mp","status":"publish","type":"post","link":"https:\/\/blogdoeloiltoncajuhy.com.br\/site\/prefeitura-de-bonfim-lanca-licitacao-de-quiosques-vendedores-acionam-mp\/","title":{"rendered":"Prefeitura de Bonfim lan\u00e7a licita\u00e7\u00e3o de quiosques. Vendedores acionam MP"},"content":{"rendered":"<p><a href=\"https:\/\/i0.wp.com\/blogdoeloiltoncajuhy.com.br\/site\/wp-content\/uploads\/2015\/06\/Prefeitura.jpg\"><img data-recalc-dims=\"1\" fetchpriority=\"high\" decoding=\"async\" class=\"aligncenter size-full wp-image-1550\" src=\"https:\/\/i0.wp.com\/blogdoeloiltoncajuhy.com.br\/site\/wp-content\/uploads\/2015\/06\/Prefeitura.jpg?resize=540%2C359\" alt=\"Prefeitura\" width=\"540\" height=\"359\" srcset=\"https:\/\/i0.wp.com\/blogdoeloiltoncajuhy.com.br\/site\/wp-content\/uploads\/2015\/06\/Prefeitura.jpg?w=540&amp;ssl=1 540w, https:\/\/i0.wp.com\/blogdoeloiltoncajuhy.com.br\/site\/wp-content\/uploads\/2015\/06\/Prefeitura.jpg?resize=300%2C199&amp;ssl=1 300w, https:\/\/i0.wp.com\/blogdoeloiltoncajuhy.com.br\/site\/wp-content\/uploads\/2015\/06\/Prefeitura.jpg?resize=250%2C166&amp;ssl=1 250w\" sizes=\"(max-width: 540px) 100vw, 540px\" \/><\/a>No apagar das luzes, o atual governo municipal de Senhor do Bonfim est\u00e1 lan\u00e7ando um edital de licita\u00e7\u00e3o para concess\u00e3o de quiosques, na sede e interior do munic\u00edpio. Estes espa\u00e7os p\u00fablicos s\u00e3o destinados \u00e0\u00a0explora\u00e7\u00e3o de venda de alimenta\u00e7\u00e3o, bebidas e servi\u00e7os de lanchonete em geral.<\/p>\n<p>Temendo que seus associados sejam prejudicados, j\u00e1 que ningu\u00e9m foi informado desse processo licitat\u00f3rio, a Associa\u00e7\u00e3o dos Feirantes e Vendedores Ambulantes de Senhor do Bonfim entrou com uma a\u00e7\u00e3o junto \u00e0 Promotoria de Justi\u00e7a para impedir que a referida licita\u00e7\u00e3o seja realizada sem o conhecimento daqueles que j\u00e1 exploram o servi\u00e7o nesses espa\u00e7os.<\/p>\n<p><strong>Veja abaixo, o teor do documento apresentado \u00e0 Promotoria pela associa\u00e7\u00e3o que representa os prestadores de servi\u00e7os:<\/strong><\/p>\n<p><em>Senhor PROMOTOR Dr. RUI GOMES SANCHES <\/em><br \/>\n<em>5\u00aa PROMOTORIA DE JUSTI\u00c7A<\/em><\/p>\n<p><em>Ao cumprimenta-lo cordialmente, venho, atrav\u00e9s deste of\u00edcio, solicitar o empenho e averigua\u00e7\u00e3o do Edital 004\/2016 de concorr\u00eancia p\u00fablica com processo administrativo n\u00ba 1488\/16 aberto pela Prefeitura de Senhor do Bonfim, atrav\u00e9s do prefeito Edivaldo Martins Correia. O\u00a0referido edital, tem como objeto a \u201cConcess\u00e3o de espa\u00e7os f\u00edsicos edificados denominados quiosques, na sede e interior do munic\u00edpio de Senhor do Bonfim, para explora\u00e7\u00e3o de venda de alimenta\u00e7\u00e3o, bebidas e servi\u00e7os de lanchonete em geral\u201d.<\/em><\/p>\n<p><em>A Associa\u00e7\u00e3o dos Feirantes e Vendedores Ambulantes informa que n\u00e3o foi consultada ou realizado o di\u00e1logo necess\u00e1rio que deixasse os trabalhadores dos quiosques a par de qualquer informa\u00e7\u00e3o a respeito do objeto do edital. As pessoas que prestam servi\u00e7o nos quiosques ou vendem seus produtos est\u00e3o preocupados dos valores abusivos que poder\u00e3o ser cobrados atrav\u00e9s dos alugu\u00e9is ou se ser\u00e3o prejudicados com a perda do espa\u00e7o de trabalho que ajuda muitas fam\u00edlias a sobreviverem.<\/em><\/p>\n<p><em>A Associa\u00e7\u00e3o solicita que a prefeitura escute os trabalhadores e detalhe com mais informa\u00e7\u00f5es qual o objetivo e de que forma dar\u00e3o os encaminhamentos, de forma que n\u00e3o prejudique os prestadores de servi\u00e7os e vendedores de servi\u00e7o dos quiosques. Por isso, \u00e9 solicitado que o minist\u00e9rio p\u00fablico entre com a\u00e7\u00e3o para impugna\u00e7\u00e3o do edital e que force o poder executivo a manter di\u00e1logo sobre o referido assunto.<\/em><\/p>\n<p><em>Ao ensejo agrade\u00e7o e desejo votos de estima e considera\u00e7\u00e3o.<\/em><\/p>\n<p><em>Jorge Jos\u00e9 do Nascimento<\/em><br \/>\n<em>Presidente AVAFLI<\/em><\/p>\n<p><strong><em>*BLOG DO ELOILTON CAJUHY<\/em><\/strong><\/p>\n","protected":false},"excerpt":{"rendered":"<p>No apagar das luzes, o atual governo municipal de Senhor do Bonfim est\u00e1 lan\u00e7ando um edital de licita\u00e7\u00e3o para concess\u00e3o de quiosques, na sede e interior do munic\u00edpio. Estes espa\u00e7os p\u00fablicos s\u00e3o destinados \u00e0\u00a0explora\u00e7\u00e3o de venda de alimenta\u00e7\u00e3o, bebidas e servi\u00e7os de lanchonete em geral. Temendo que seus associados sejam prejudicados, j\u00e1 que ningu\u00e9m foi [&hellip;]<\/p>\n","protected":false},"author":2,"featured_media":0,"comment_status":"open","ping_status":"open","sticky":false,"template":"","format":"standard","meta":{"_acf_changed":false,"_monsterinsights_skip_tracking":false,"_monsterinsights_sitenote_active":false,"_monsterinsights_sitenote_note":"","_monsterinsights_sitenote_category":0,"_jetpack_memberships_contains_paid_content":false,"footnotes":"","jetpack_publicize_message":"","jetpack_publicize_feature_enabled":true,"jetpack_social_post_already_shared":true,"jetpack_social_options":{"image_generator_settings":{"template":"highway","default_image_id":0,"font":"","enabled":false},"version":2}},"categories":[1,4],"tags":[],"class_list":["post-13594","post","type-post","status-publish","format-standard","hentry","category-noticias","category-local"],"acf":[],"jetpack_publicize_connections":[],"jetpack_featured_media_url":"","jetpack_sharing_enabled":true,"publishpress_future_workflow_manual_trigger":{"enabledWorkflows":[]},"_links":{"self":[{"href":"https:\/\/blogdoeloiltoncajuhy.com.br\/site\/wp-json\/wp\/v2\/posts\/13594","targetHints":{"allow":["GET"]}}],"collection":[{"href":"https:\/\/blogdoeloiltoncajuhy.com.br\/site\/wp-json\/wp\/v2\/posts"}],"about":[{"href":"https:\/\/blogdoeloiltoncajuhy.com.br\/site\/wp-json\/wp\/v2\/types\/post"}],"author":[{"embeddable":true,"href":"https:\/\/blogdoeloiltoncajuhy.com.br\/site\/wp-json\/wp\/v2\/users\/2"}],"replies":[{"embeddable":true,"href":"https:\/\/blogdoeloiltoncajuhy.com.br\/site\/wp-json\/wp\/v2\/comments?post=13594"}],"version-history":[{"count":1,"href":"https:\/\/blogdoeloiltoncajuhy.com.br\/site\/wp-json\/wp\/v2\/posts\/13594\/revisions"}],"predecessor-version":[{"id":13595,"href":"https:\/\/blogdoeloiltoncajuhy.com.br\/site\/wp-json\/wp\/v2\/posts\/13594\/revisions\/13595"}],"wp:attachment":[{"href":"https:\/\/blogdoeloiltoncajuhy.com.br\/site\/wp-json\/wp\/v2\/media?parent=13594"}],"wp:term":[{"taxonomy":"category","embeddable":true,"href":"https:\/\/blogdoeloiltoncajuhy.com.br\/site\/wp-json\/wp\/v2\/categories?post=13594"},{"taxonomy":"post_tag","embeddable":true,"href":"https:\/\/blogdoeloiltoncajuhy.com.br\/site\/wp-json\/wp\/v2\/tags?post=13594"}],"curies":[{"name":"wp","href":"https:\/\/api.w.org\/{rel}","templated":true}]}}