{"id":13591,"date":"2016-11-22T10:13:44","date_gmt":"2016-11-22T13:13:44","guid":{"rendered":"http:\/\/blogdoeloiltoncajuhy.com.br\/site\/?p=13591"},"modified":"2016-11-22T10:13:44","modified_gmt":"2016-11-22T13:13:44","slug":"bonfim-justica-eleitoral-manda-readmitir-funcionarios-do-samu","status":"publish","type":"post","link":"https:\/\/blogdoeloiltoncajuhy.com.br\/site\/bonfim-justica-eleitoral-manda-readmitir-funcionarios-do-samu\/","title":{"rendered":"BONFIM: Justi\u00e7a Eleitoral manda readmitir funcion\u00e1rios do SAMU"},"content":{"rendered":"<p><a href=\"https:\/\/i0.wp.com\/blogdoeloiltoncajuhy.com.br\/site\/wp-content\/uploads\/2016\/11\/justicaeleitoral.jpg\"><img data-recalc-dims=\"1\" fetchpriority=\"high\" decoding=\"async\" class=\"aligncenter size-full wp-image-13592\" src=\"https:\/\/i0.wp.com\/blogdoeloiltoncajuhy.com.br\/site\/wp-content\/uploads\/2016\/11\/justicaeleitoral.jpg?resize=409%2C326\" alt=\"justicaeleitoral\" width=\"409\" height=\"326\" srcset=\"https:\/\/i0.wp.com\/blogdoeloiltoncajuhy.com.br\/site\/wp-content\/uploads\/2016\/11\/justicaeleitoral.jpg?w=409&amp;ssl=1 409w, https:\/\/i0.wp.com\/blogdoeloiltoncajuhy.com.br\/site\/wp-content\/uploads\/2016\/11\/justicaeleitoral.jpg?resize=300%2C239&amp;ssl=1 300w, https:\/\/i0.wp.com\/blogdoeloiltoncajuhy.com.br\/site\/wp-content\/uploads\/2016\/11\/justicaeleitoral.jpg?resize=250%2C199&amp;ssl=1 250w\" sizes=\"(max-width: 409px) 100vw, 409px\" \/><\/a>Dois funcion\u00e1rios do Servi\u00e7o de Atendimento M\u00f3vel de Urg\u00eancia (SAMU) de Senhor do Bonfim, foram readmitidos esta semana, ap\u00f3s decis\u00e3o judicial, expedida pela Justi\u00e7a Eleitoral desta comarca, depois de terem contratos encerrados por persegui\u00e7\u00e3o pol\u00edtica.<\/p>\n<p>De acordo com informa\u00e7\u00f5es do <strong>BLOG MARAVILHA NOT\u00cdCIAS<\/strong>, eles haviam sido demitidos dois dias ap\u00f3s as elei\u00e7\u00f5es do dia 2 de outubro passado, pela ent\u00e3o Secret\u00e1ria de Sa\u00fade do munic\u00edpio, Jamara Amador, alegando corte no quadro de funcion\u00e1rios e conten\u00e7\u00e3o de gastos do fundo municipal de sa\u00fade.<\/p>\n<p>Por\u00e9m, ainda de acordo com o MARAVILHA NOT\u00cdCIAS, os funcion\u00e1rios, discordando da decis\u00e3o da secret\u00e1ria, acionaram o Minist\u00e9rio P\u00fablico informando que o ato se tratava de persegui\u00e7\u00e3o pol\u00edtica, pois ambos haviam declarado apoio a um\u00a0candidato de coliga\u00e7\u00e3o contr\u00e1ria ao defendido pela atual gest\u00e3o. Eles foram atendidos pela Promotora de Justi\u00e7a, Dr\u00aa. \u00cdtala Suzana, que pediu \u00e0 Titular da 45\u00aa Zona Eleitoral, Dr\u00aa. Ana L\u00facia, que atendesse ao pedido dos profissionais do SAMU.<\/p>\n<p>A Justi\u00e7a Eleitoral acatou o pedido do Minist\u00e9rio P\u00fablico e recomendou, no dia 27 de outubro, a readmiss\u00e3o dos dois funcion\u00e1rios, at\u00e9 o dia 31 de dezembro de 2016, sob pena de multa no valor de 20 mil reais. A determina\u00e7\u00e3o n\u00e3o foi cumprida no prazo e o munic\u00edpio somente readmitiu os servidores ap\u00f3s nova recomenda\u00e7\u00e3o do Minist\u00e9rio P\u00fablico.<\/p>\n","protected":false},"excerpt":{"rendered":"<p>Dois funcion\u00e1rios do Servi\u00e7o de Atendimento M\u00f3vel de Urg\u00eancia (SAMU) de Senhor do Bonfim, foram readmitidos esta semana, ap\u00f3s decis\u00e3o judicial, expedida pela Justi\u00e7a Eleitoral desta comarca, depois de terem contratos encerrados por persegui\u00e7\u00e3o pol\u00edtica. De acordo com informa\u00e7\u00f5es do BLOG MARAVILHA NOT\u00cdCIAS, eles haviam sido demitidos dois dias ap\u00f3s as elei\u00e7\u00f5es do dia 2 [&hellip;]<\/p>\n","protected":false},"author":2,"featured_media":13592,"comment_status":"open","ping_status":"open","sticky":false,"template":"","format":"standard","meta":{"_acf_changed":false,"_monsterinsights_skip_tracking":false,"_monsterinsights_sitenote_active":false,"_monsterinsights_sitenote_note":"","_monsterinsights_sitenote_category":0,"_jetpack_memberships_contains_paid_content":false,"footnotes":"","jetpack_publicize_message":"","jetpack_publicize_feature_enabled":true,"jetpack_social_post_already_shared":true,"jetpack_social_options":{"image_generator_settings":{"template":"highway","default_image_id":0,"font":"","enabled":false},"version":2}},"categories":[1,3,4],"tags":[],"class_list":["post-13591","post","type-post","status-publish","format-standard","has-post-thumbnail","hentry","category-noticias","category-politica","category-local"],"acf":[],"jetpack_publicize_connections":[],"jetpack_featured_media_url":"https:\/\/i0.wp.com\/blogdoeloiltoncajuhy.com.br\/site\/wp-content\/uploads\/2016\/11\/justicaeleitoral.jpg?fit=409%2C326&ssl=1","jetpack_sharing_enabled":true,"publishpress_future_workflow_manual_trigger":{"enabledWorkflows":[]},"_links":{"self":[{"href":"https:\/\/blogdoeloiltoncajuhy.com.br\/site\/wp-json\/wp\/v2\/posts\/13591","targetHints":{"allow":["GET"]}}],"collection":[{"href":"https:\/\/blogdoeloiltoncajuhy.com.br\/site\/wp-json\/wp\/v2\/posts"}],"about":[{"href":"https:\/\/blogdoeloiltoncajuhy.com.br\/site\/wp-json\/wp\/v2\/types\/post"}],"author":[{"embeddable":true,"href":"https:\/\/blogdoeloiltoncajuhy.com.br\/site\/wp-json\/wp\/v2\/users\/2"}],"replies":[{"embeddable":true,"href":"https:\/\/blogdoeloiltoncajuhy.com.br\/site\/wp-json\/wp\/v2\/comments?post=13591"}],"version-history":[{"count":1,"href":"https:\/\/blogdoeloiltoncajuhy.com.br\/site\/wp-json\/wp\/v2\/posts\/13591\/revisions"}],"predecessor-version":[{"id":13593,"href":"https:\/\/blogdoeloiltoncajuhy.com.br\/site\/wp-json\/wp\/v2\/posts\/13591\/revisions\/13593"}],"wp:featuredmedia":[{"embeddable":true,"href":"https:\/\/blogdoeloiltoncajuhy.com.br\/site\/wp-json\/wp\/v2\/media\/13592"}],"wp:attachment":[{"href":"https:\/\/blogdoeloiltoncajuhy.com.br\/site\/wp-json\/wp\/v2\/media?parent=13591"}],"wp:term":[{"taxonomy":"category","embeddable":true,"href":"https:\/\/blogdoeloiltoncajuhy.com.br\/site\/wp-json\/wp\/v2\/categories?post=13591"},{"taxonomy":"post_tag","embeddable":true,"href":"https:\/\/blogdoeloiltoncajuhy.com.br\/site\/wp-json\/wp\/v2\/tags?post=13591"}],"curies":[{"name":"wp","href":"https:\/\/api.w.org\/{rel}","templated":true}]}}