{"id":13588,"date":"2016-11-21T22:29:25","date_gmt":"2016-11-22T01:29:25","guid":{"rendered":"http:\/\/blogdoeloiltoncajuhy.com.br\/site\/?p=13588"},"modified":"2016-11-21T22:29:25","modified_gmt":"2016-11-22T01:29:25","slug":"enquete-de-fatima-bernardes-causa-revolta-entre-policiais","status":"publish","type":"post","link":"https:\/\/blogdoeloiltoncajuhy.com.br\/site\/enquete-de-fatima-bernardes-causa-revolta-entre-policiais\/","title":{"rendered":"Enquete de F\u00e1tima Bernardes causa revolta entre policiais"},"content":{"rendered":"<p style=\"text-align: center;\"><em><strong>Apresentadora \u00e9 alvo de cr\u00edticas por promover enquete sobre quem deveria ser socorrido primeiro, se policial ou traficante mais gravemente ferido<\/strong><\/em><\/p>\n<figure id=\"attachment_13589\" aria-describedby=\"caption-attachment-13589\" style=\"width: 680px\" class=\"wp-caption aligncenter\"><a href=\"https:\/\/i0.wp.com\/blogdoeloiltoncajuhy.com.br\/site\/wp-content\/uploads\/2016\/11\/fatima_enquete.jpg\"><img data-recalc-dims=\"1\" fetchpriority=\"high\" decoding=\"async\" class=\"wp-image-13589 size-full\" src=\"https:\/\/i0.wp.com\/blogdoeloiltoncajuhy.com.br\/site\/wp-content\/uploads\/2016\/11\/fatima_enquete.jpg?resize=680%2C453\" alt=\"fatima_enquete\" width=\"680\" height=\"453\" srcset=\"https:\/\/i0.wp.com\/blogdoeloiltoncajuhy.com.br\/site\/wp-content\/uploads\/2016\/11\/fatima_enquete.jpg?w=680&amp;ssl=1 680w, https:\/\/i0.wp.com\/blogdoeloiltoncajuhy.com.br\/site\/wp-content\/uploads\/2016\/11\/fatima_enquete.jpg?resize=300%2C200&amp;ssl=1 300w, https:\/\/i0.wp.com\/blogdoeloiltoncajuhy.com.br\/site\/wp-content\/uploads\/2016\/11\/fatima_enquete.jpg?resize=250%2C167&amp;ssl=1 250w\" sizes=\"(max-width: 680px) 100vw, 680px\" \/><\/a><figcaption id=\"caption-attachment-13589\" class=\"wp-caption-text\">F\u00e1tima Bernardes realiza enquete<\/figcaption><\/figure>\n<p style=\"text-align: left;\">Uma enquete realizada pelo programa Encontro com F\u00e1tima Bernardes na \u00faltima quinta-feira (17), suscitou uma pol\u00eamica que s\u00f3 fez crescer nas redes sociais neste fim de semana.<\/p>\n<p style=\"text-align: left;\">Motivado pela estreia de Sob Press\u00e3o, filme de Andrucha Waddington sobre um m\u00e9dico do sistema p\u00fablico que se v\u00ea obrigado a decidir quem vai atender primeiro \u2014 e por isso, muitas vezes, quem ir\u00e1 salvar \u2013, o programa quis saber, de seus convidados, quem eles socorreriam antes, se um policial ferido ou um traficante com risco de morte.<\/p>\n<p style=\"text-align: left;\">No longa, h\u00e1 uma cena em que o m\u00e9dico, vivido por Julio Andrade, precisa tomar essa decis\u00e3o. Os convidados do programa, Andrade entre eles, escolheram atender primeiro o criminoso. F\u00e1tima Bernardes vem sofrendo cr\u00edticas e ataques de autores identificados como policiais ou simpatizantes da classe, que inundam a internet com cr\u00edticas ao resultado da enquete.<\/p>\n<p>Neste domingo (20), o deputado Jair Bolsonaro se lan\u00e7ou ao ataque \u00e0 apresentadora F\u00e1tima Bernardes, jogando \u00e1lcool na discuss\u00e3o. \u201cComo chegamos a esse estado de coisas?\u201d, questiona Bolsonaro em um v\u00eddeo publicado neste domingo na internet, referindo-se \u00e0 morte de policiais de um helic\u00f3ptero que teria sido abatido pelo crime organizado na favela Cidade de Deus, no Rio, no s\u00e1bado \u2014 ainda n\u00e3o est\u00e1 clara qual a causa da queda da aeronave, por\u00e9m.<\/p>\n<p>Em seguida, ele cita o Encontro com F\u00e1tima Bernardes entre as raz\u00f5es para o \u201cestado de coisas\u201d que menciona. \u201cOs motivos, podemos identificar alguns\u201d, diz. \u201cUma m\u00eddia completamente parcial, haja visto a quest\u00e3o agora de F\u00e1tima Bernardes, que prefere conduzir o seu programa dando mais aten\u00e7\u00e3o a um traficante ferido do que a um policial, um her\u00f3i a servi\u00e7o nosso nas ruas\u201d.<\/p>\n<p>O site oficial do programa tamb\u00e9m tem sido alvo de cr\u00edticas. Em um texto sobre o ator Stepan Nercessian, que socorreu o pai de F\u00e1tima ap\u00f3s uma queda na rua, um espectador perguntou. \u201cSe, al\u00e9m do pai de F\u00e1tima Bernardes, houvesse um traficante gravemente ferido. Quem ele deveria salvar primeiro?\u201d<\/p>\n<p>Outro imagina uma hist\u00f3ria que envolve os filhos da apresentadora: \u201cF\u00e1tima Bernardes e os trig\u00eameos s\u00e3o sequestrados no carro da fam\u00edlia, na fuga o sequestrador bate o carro e fica gravemente ferido, F\u00e1tima e o g\u00eameos ficam levemente feridos! Os policiais chegam no local quem eles devem socorrer primeiro? M\u00e3e F\u00e1tima e seus filhos ou o bandido gravemente ferido?\u201d<\/p>\n<p>A Rede Globo emitiu nota defendendo a apresentadora. <strong>Veja:<\/strong><\/p>\n<p><em>\u201cDiariamente, o Encontro com F\u00e1tima Bernardes prop\u00f5e temas e discuss\u00f5es relevantes ao p\u00fablico e \u00e0 sociedade. No programa em quest\u00e3o, a partir da cena de um filme em cartaz que mostra o dilema \u00e9tico vivido por um m\u00e9dico em uma emerg\u00eancia, o Encontro n\u00e3o s\u00f3 prop\u00f4s a reflex\u00e3o sobre o caso, como tamb\u00e9m convidou um m\u00e9dico especialista para esclarecer ao p\u00fablico sobre a conduta adequada em situa\u00e7\u00f5es semelhantes \u00e0 mostrada no filme, onde a personagem tem que escolher entre atender a um traficante, um policial ou uma crian\u00e7a. A discuss\u00e3o destacou que as quest\u00f5es \u00e9ticas da profiss\u00e3o de m\u00e9dico devem prevalecer sobre os julgamentos de valor, concluindo que todos devem ser atendidos, sem distin\u00e7\u00e3o, e de acordo com a gravidade de seu caso. No debate deste ou de qualquer outro tema, o programa preza sempre pelo respeito a todos. Tem, inclusive, enaltecido a profiss\u00e3o de PM\u2019s, bombeiros e socorristas no quadro \u2018Her\u00f3is de Farda\u2019, que mostra aqueles que se destacaram pelo bom exemplo\u201d.<\/em><\/p>\n<p><em>*Veja.com<\/em><\/p>\n","protected":false},"excerpt":{"rendered":"<p>Apresentadora \u00e9 alvo de cr\u00edticas por promover enquete sobre quem deveria ser socorrido primeiro, se policial ou traficante mais gravemente ferido Uma enquete realizada pelo programa Encontro com F\u00e1tima Bernardes na \u00faltima quinta-feira (17), suscitou uma pol\u00eamica que s\u00f3 fez crescer nas redes sociais neste fim de semana. Motivado pela estreia de Sob Press\u00e3o, filme [&hellip;]<\/p>\n","protected":false},"author":2,"featured_media":13589,"comment_status":"open","ping_status":"open","sticky":false,"template":"","format":"standard","meta":{"_acf_changed":false,"_monsterinsights_skip_tracking":false,"_monsterinsights_sitenote_active":false,"_monsterinsights_sitenote_note":"","_monsterinsights_sitenote_category":0,"_jetpack_memberships_contains_paid_content":false,"footnotes":"","jetpack_publicize_message":"","jetpack_publicize_feature_enabled":true,"jetpack_social_post_already_shared":true,"jetpack_social_options":{"image_generator_settings":{"template":"highway","default_image_id":0,"font":"","enabled":false},"version":2}},"categories":[5,1],"tags":[],"class_list":["post-13588","post","type-post","status-publish","format-standard","has-post-thumbnail","hentry","category-cotidiano","category-noticias"],"acf":[],"jetpack_publicize_connections":[],"jetpack_featured_media_url":"https:\/\/i0.wp.com\/blogdoeloiltoncajuhy.com.br\/site\/wp-content\/uploads\/2016\/11\/fatima_enquete.jpg?fit=680%2C453&ssl=1","jetpack_sharing_enabled":true,"publishpress_future_workflow_manual_trigger":{"enabledWorkflows":[]},"_links":{"self":[{"href":"https:\/\/blogdoeloiltoncajuhy.com.br\/site\/wp-json\/wp\/v2\/posts\/13588","targetHints":{"allow":["GET"]}}],"collection":[{"href":"https:\/\/blogdoeloiltoncajuhy.com.br\/site\/wp-json\/wp\/v2\/posts"}],"about":[{"href":"https:\/\/blogdoeloiltoncajuhy.com.br\/site\/wp-json\/wp\/v2\/types\/post"}],"author":[{"embeddable":true,"href":"https:\/\/blogdoeloiltoncajuhy.com.br\/site\/wp-json\/wp\/v2\/users\/2"}],"replies":[{"embeddable":true,"href":"https:\/\/blogdoeloiltoncajuhy.com.br\/site\/wp-json\/wp\/v2\/comments?post=13588"}],"version-history":[{"count":1,"href":"https:\/\/blogdoeloiltoncajuhy.com.br\/site\/wp-json\/wp\/v2\/posts\/13588\/revisions"}],"predecessor-version":[{"id":13590,"href":"https:\/\/blogdoeloiltoncajuhy.com.br\/site\/wp-json\/wp\/v2\/posts\/13588\/revisions\/13590"}],"wp:featuredmedia":[{"embeddable":true,"href":"https:\/\/blogdoeloiltoncajuhy.com.br\/site\/wp-json\/wp\/v2\/media\/13589"}],"wp:attachment":[{"href":"https:\/\/blogdoeloiltoncajuhy.com.br\/site\/wp-json\/wp\/v2\/media?parent=13588"}],"wp:term":[{"taxonomy":"category","embeddable":true,"href":"https:\/\/blogdoeloiltoncajuhy.com.br\/site\/wp-json\/wp\/v2\/categories?post=13588"},{"taxonomy":"post_tag","embeddable":true,"href":"https:\/\/blogdoeloiltoncajuhy.com.br\/site\/wp-json\/wp\/v2\/tags?post=13588"}],"curies":[{"name":"wp","href":"https:\/\/api.w.org\/{rel}","templated":true}]}}