{"id":13583,"date":"2016-11-21T21:51:05","date_gmt":"2016-11-22T00:51:05","guid":{"rendered":"http:\/\/blogdoeloiltoncajuhy.com.br\/site\/?p=13583"},"modified":"2016-11-21T21:51:05","modified_gmt":"2016-11-22T00:51:05","slug":"comece-a-terca-feira-meditando-grandes-sinais-serao-vistos-no-ceu-lc-215-11","status":"publish","type":"post","link":"https:\/\/blogdoeloiltoncajuhy.com.br\/site\/comece-a-terca-feira-meditando-grandes-sinais-serao-vistos-no-ceu-lc-215-11\/","title":{"rendered":"COMECE A TER\u00c7A-FEIRA MEDITANDO: &#8220;Grandes sinais ser\u00e3o vistos no c\u00e9u&#8221; &#8211; Lc 21,5-11"},"content":{"rendered":"<p><a href=\"https:\/\/i0.wp.com\/blogdoeloiltoncajuhy.com.br\/site\/wp-content\/uploads\/2015\/10\/liturgia_diaria.jpg\"><img data-recalc-dims=\"1\" fetchpriority=\"high\" decoding=\"async\" class=\"aligncenter size-full wp-image-4757\" src=\"https:\/\/i0.wp.com\/blogdoeloiltoncajuhy.com.br\/site\/wp-content\/uploads\/2015\/10\/liturgia_diaria.jpg?resize=449%2C340\" alt=\"liturgia_diaria\" width=\"449\" height=\"340\" srcset=\"https:\/\/i0.wp.com\/blogdoeloiltoncajuhy.com.br\/site\/wp-content\/uploads\/2015\/10\/liturgia_diaria.jpg?w=449&amp;ssl=1 449w, https:\/\/i0.wp.com\/blogdoeloiltoncajuhy.com.br\/site\/wp-content\/uploads\/2015\/10\/liturgia_diaria.jpg?resize=300%2C227&amp;ssl=1 300w, https:\/\/i0.wp.com\/blogdoeloiltoncajuhy.com.br\/site\/wp-content\/uploads\/2015\/10\/liturgia_diaria.jpg?resize=250%2C189&amp;ssl=1 250w\" sizes=\"(max-width: 449px) 100vw, 449px\" \/><\/a>Naquele tempo, algumas pessoas comentavam a respeito do Templo que era enfeitado com belas pedras e com ofertas votivas. Jesus disse: \u201cV\u00f3s admirais estas coisas? Dias vir\u00e3o em que n\u00e3o ficar\u00e1 pedra sobre pedra. Tudo ser\u00e1 destru\u00eddo\u201d. Mas eles perguntaram: \u201cMestre, quando acontecer\u00e1 isto? E qual vai ser o sinal de que estas coisas est\u00e3o para acontecer?\u201d Jesus respondeu: \u201cCuidado para n\u00e3o serdes enganados, porque muitos vir\u00e3o em meu nome, dizendo: \u2018Sou eu!\u2019 E ainda: \u2018O tempo est\u00e1 pr\u00f3ximo\u2019. N\u00e3o sigais essa gente! Quando ouvirdes falar de guerras e revolu\u00e7\u00f5es, n\u00e3o fiqueis apavorados. \u00c9 preciso que estas coisas aconte\u00e7am primeiro, mas n\u00e3o ser\u00e1 logo o fim\u201d. E Jesus continuou: \u201cUm povo se levantar\u00e1 contra outro povo, um pa\u00eds atacar\u00e1 outro pa\u00eds. Haver\u00e1 grandes terremotos, fomes e pestes em muitos lugares; acontecer\u00e3o coisas pavorosas e grandes sinais ser\u00e3o vistos no c\u00e9u\u201d.<\/p>\n<p><strong><em>*<a href=\"http:\/\/liturgia.cancaonova.com\/liturgia\/34a-semana-comum-terca-feira-22112016\/\">Can\u00e7\u00e3o Nova<\/a><\/em><\/strong><\/p>\n","protected":false},"excerpt":{"rendered":"<p>Naquele tempo, algumas pessoas comentavam a respeito do Templo que era enfeitado com belas pedras e com ofertas votivas. Jesus disse: \u201cV\u00f3s admirais estas coisas? Dias vir\u00e3o em que n\u00e3o ficar\u00e1 pedra sobre pedra. Tudo ser\u00e1 destru\u00eddo\u201d. Mas eles perguntaram: \u201cMestre, quando acontecer\u00e1 isto? E qual vai ser o sinal de que estas coisas est\u00e3o [&hellip;]<\/p>\n","protected":false},"author":2,"featured_media":0,"comment_status":"open","ping_status":"open","sticky":false,"template":"","format":"standard","meta":{"_acf_changed":false,"_monsterinsights_skip_tracking":false,"_monsterinsights_sitenote_active":false,"_monsterinsights_sitenote_note":"","_monsterinsights_sitenote_category":0,"_jetpack_memberships_contains_paid_content":false,"footnotes":"","jetpack_publicize_message":"","jetpack_publicize_feature_enabled":true,"jetpack_social_post_already_shared":true,"jetpack_social_options":{"image_generator_settings":{"template":"highway","default_image_id":0,"font":"","enabled":false},"version":2}},"categories":[1,9],"tags":[],"class_list":["post-13583","post","type-post","status-publish","format-standard","hentry","category-noticias","category-reflexao"],"acf":[],"jetpack_publicize_connections":[],"jetpack_featured_media_url":"","jetpack_sharing_enabled":true,"publishpress_future_workflow_manual_trigger":{"enabledWorkflows":[]},"_links":{"self":[{"href":"https:\/\/blogdoeloiltoncajuhy.com.br\/site\/wp-json\/wp\/v2\/posts\/13583","targetHints":{"allow":["GET"]}}],"collection":[{"href":"https:\/\/blogdoeloiltoncajuhy.com.br\/site\/wp-json\/wp\/v2\/posts"}],"about":[{"href":"https:\/\/blogdoeloiltoncajuhy.com.br\/site\/wp-json\/wp\/v2\/types\/post"}],"author":[{"embeddable":true,"href":"https:\/\/blogdoeloiltoncajuhy.com.br\/site\/wp-json\/wp\/v2\/users\/2"}],"replies":[{"embeddable":true,"href":"https:\/\/blogdoeloiltoncajuhy.com.br\/site\/wp-json\/wp\/v2\/comments?post=13583"}],"version-history":[{"count":1,"href":"https:\/\/blogdoeloiltoncajuhy.com.br\/site\/wp-json\/wp\/v2\/posts\/13583\/revisions"}],"predecessor-version":[{"id":13584,"href":"https:\/\/blogdoeloiltoncajuhy.com.br\/site\/wp-json\/wp\/v2\/posts\/13583\/revisions\/13584"}],"wp:attachment":[{"href":"https:\/\/blogdoeloiltoncajuhy.com.br\/site\/wp-json\/wp\/v2\/media?parent=13583"}],"wp:term":[{"taxonomy":"category","embeddable":true,"href":"https:\/\/blogdoeloiltoncajuhy.com.br\/site\/wp-json\/wp\/v2\/categories?post=13583"},{"taxonomy":"post_tag","embeddable":true,"href":"https:\/\/blogdoeloiltoncajuhy.com.br\/site\/wp-json\/wp\/v2\/tags?post=13583"}],"curies":[{"name":"wp","href":"https:\/\/api.w.org\/{rel}","templated":true}]}}