{"id":13573,"date":"2016-11-21T21:19:24","date_gmt":"2016-11-22T00:19:24","guid":{"rendered":"http:\/\/blogdoeloiltoncajuhy.com.br\/site\/?p=13573"},"modified":"2016-11-21T21:19:24","modified_gmt":"2016-11-22T00:19:24","slug":"bonfim-6o-bpm-realiza-solenidade-de-culto-a-bandeira-nacional","status":"publish","type":"post","link":"https:\/\/blogdoeloiltoncajuhy.com.br\/site\/bonfim-6o-bpm-realiza-solenidade-de-culto-a-bandeira-nacional\/","title":{"rendered":"BONFIM: 6\u00ba BPM realiza solenidade de culto \u00e0 Bandeira Nacional"},"content":{"rendered":"<p><a href=\"https:\/\/i0.wp.com\/blogdoeloiltoncajuhy.com.br\/site\/wp-content\/uploads\/2016\/11\/cerim%C3%B4nia-bandeira-nacional_2-e1479773869617.jpg\"><img data-recalc-dims=\"1\" fetchpriority=\"high\" decoding=\"async\" class=\"aligncenter size-full wp-image-13574\" src=\"https:\/\/i0.wp.com\/blogdoeloiltoncajuhy.com.br\/site\/wp-content\/uploads\/2016\/11\/cerim%C3%B4nia-bandeira-nacional_2-e1479773869617.jpg?resize=500%2C321\" alt=\"cerimonia-bandeira-nacional_2\" width=\"500\" height=\"321\" \/><\/a>O 6\u00ba Batalh\u00e3o de Pol\u00edcia Militar realizou solenidade alusiva ao Dia da Bandeira Nacional, ao meio dia deste s\u00e1bado, 19 de novembro, em frente ao quartel sede da Unidade, em Senhor do Bonfim.<\/p>\n<p>Na comemora\u00e7\u00e3o, as bandeiras velhas s\u00e3o queimadas ao som do Hino \u00e0\u00a0Bandeira. Em seguida, substitu\u00eddas por novos pavilh\u00f5es.<\/p>\n<p>A Bandeira Nacional n\u00e3o pode permanecer em mau estado de conserva\u00e7\u00e3o. Devido ao respeito pelo s\u00edmbolo maior da P\u00e1tria, escolas, \u00f3rg\u00e3os e institui\u00e7\u00f5es devem disponibilizar as bandeiras desgastadas para serem incineradas em cerimonial apropriado.<\/p>\n<p><em><a href=\"https:\/\/i0.wp.com\/blogdoeloiltoncajuhy.com.br\/site\/wp-content\/uploads\/2016\/11\/cerim%C3%B4nia-bandeira-nacional_1-e1479773949852.jpg\"><img data-recalc-dims=\"1\" decoding=\"async\" class=\"aligncenter size-full wp-image-13576\" src=\"https:\/\/i0.wp.com\/blogdoeloiltoncajuhy.com.br\/site\/wp-content\/uploads\/2016\/11\/cerim%C3%B4nia-bandeira-nacional_1-e1479773949852.jpg?resize=500%2C375\" alt=\"cerimonia-bandeira-nacional_1\" width=\"500\" height=\"375\" \/><\/a>*Pol\u00edcia Militar da Bahia \/\u00a0<\/em><em>6\u00ba Batalh\u00e3o de Pol\u00edcia Militar \/\u00a0<\/em><em>Se\u00e7\u00e3o de Comunica\u00e7\u00e3o Social<\/em><\/p>\n","protected":false},"excerpt":{"rendered":"<p>O 6\u00ba Batalh\u00e3o de Pol\u00edcia Militar realizou solenidade alusiva ao Dia da Bandeira Nacional, ao meio dia deste s\u00e1bado, 19 de novembro, em frente ao quartel sede da Unidade, em Senhor do Bonfim. Na comemora\u00e7\u00e3o, as bandeiras velhas s\u00e3o queimadas ao som do Hino \u00e0\u00a0Bandeira. Em seguida, substitu\u00eddas por novos pavilh\u00f5es. A Bandeira Nacional n\u00e3o [&hellip;]<\/p>\n","protected":false},"author":2,"featured_media":13576,"comment_status":"open","ping_status":"open","sticky":false,"template":"","format":"standard","meta":{"_acf_changed":false,"_monsterinsights_skip_tracking":false,"_monsterinsights_sitenote_active":false,"_monsterinsights_sitenote_note":"","_monsterinsights_sitenote_category":0,"_jetpack_memberships_contains_paid_content":false,"footnotes":"","jetpack_publicize_message":"","jetpack_publicize_feature_enabled":true,"jetpack_social_post_already_shared":true,"jetpack_social_options":{"image_generator_settings":{"template":"highway","default_image_id":0,"font":"","enabled":false},"version":2}},"categories":[1,4],"tags":[],"class_list":["post-13573","post","type-post","status-publish","format-standard","has-post-thumbnail","hentry","category-noticias","category-local"],"acf":[],"jetpack_publicize_connections":[],"jetpack_featured_media_url":"https:\/\/i0.wp.com\/blogdoeloiltoncajuhy.com.br\/site\/wp-content\/uploads\/2016\/11\/cerim%C3%B4nia-bandeira-nacional_1-e1479773949852.jpg?fit=500%2C375&ssl=1","jetpack_sharing_enabled":true,"publishpress_future_workflow_manual_trigger":{"enabledWorkflows":[]},"_links":{"self":[{"href":"https:\/\/blogdoeloiltoncajuhy.com.br\/site\/wp-json\/wp\/v2\/posts\/13573","targetHints":{"allow":["GET"]}}],"collection":[{"href":"https:\/\/blogdoeloiltoncajuhy.com.br\/site\/wp-json\/wp\/v2\/posts"}],"about":[{"href":"https:\/\/blogdoeloiltoncajuhy.com.br\/site\/wp-json\/wp\/v2\/types\/post"}],"author":[{"embeddable":true,"href":"https:\/\/blogdoeloiltoncajuhy.com.br\/site\/wp-json\/wp\/v2\/users\/2"}],"replies":[{"embeddable":true,"href":"https:\/\/blogdoeloiltoncajuhy.com.br\/site\/wp-json\/wp\/v2\/comments?post=13573"}],"version-history":[{"count":1,"href":"https:\/\/blogdoeloiltoncajuhy.com.br\/site\/wp-json\/wp\/v2\/posts\/13573\/revisions"}],"predecessor-version":[{"id":13577,"href":"https:\/\/blogdoeloiltoncajuhy.com.br\/site\/wp-json\/wp\/v2\/posts\/13573\/revisions\/13577"}],"wp:featuredmedia":[{"embeddable":true,"href":"https:\/\/blogdoeloiltoncajuhy.com.br\/site\/wp-json\/wp\/v2\/media\/13576"}],"wp:attachment":[{"href":"https:\/\/blogdoeloiltoncajuhy.com.br\/site\/wp-json\/wp\/v2\/media?parent=13573"}],"wp:term":[{"taxonomy":"category","embeddable":true,"href":"https:\/\/blogdoeloiltoncajuhy.com.br\/site\/wp-json\/wp\/v2\/categories?post=13573"},{"taxonomy":"post_tag","embeddable":true,"href":"https:\/\/blogdoeloiltoncajuhy.com.br\/site\/wp-json\/wp\/v2\/tags?post=13573"}],"curies":[{"name":"wp","href":"https:\/\/api.w.org\/{rel}","templated":true}]}}