{"id":13569,"date":"2016-11-21T16:07:24","date_gmt":"2016-11-21T19:07:24","guid":{"rendered":"http:\/\/blogdoeloiltoncajuhy.com.br\/site\/?p=13569"},"modified":"2016-11-23T20:03:53","modified_gmt":"2016-11-23T23:03:53","slug":"cantor-miguel-araujo-e-internado-em-hospital-de-juazeiro-apos-passar-mal","status":"publish","type":"post","link":"https:\/\/blogdoeloiltoncajuhy.com.br\/site\/cantor-miguel-araujo-e-internado-em-hospital-de-juazeiro-apos-passar-mal\/","title":{"rendered":"Cantor Miguel Ara\u00fajo \u00e9 internado em hospital de Juazeiro ap\u00f3s passar mal"},"content":{"rendered":"<figure id=\"attachment_13570\" aria-describedby=\"caption-attachment-13570\" style=\"width: 500px\" class=\"wp-caption aligncenter\"><a href=\"https:\/\/i0.wp.com\/blogdoeloiltoncajuhy.com.br\/site\/wp-content\/uploads\/2016\/11\/miguel-ara%C3%BAjo-e1479755134572.jpg\"><img data-recalc-dims=\"1\" fetchpriority=\"high\" decoding=\"async\" class=\"wp-image-13570 size-full\" src=\"https:\/\/i0.wp.com\/blogdoeloiltoncajuhy.com.br\/site\/wp-content\/uploads\/2016\/11\/miguel-ara%C3%BAjo-e1479755134572.jpg?resize=500%2C501\" alt=\"miguel-araujo\" width=\"500\" height=\"501\" \/><\/a><figcaption id=\"caption-attachment-13570\" class=\"wp-caption-text\">Foto: Facebook<\/figcaption><\/figure>\n<p>O cantor e compositor Miguel Ara\u00fajo, 55 anos, est\u00e1 internado no Hospital Promatre em Juazeiro desde o \u00faltimo s\u00e1bado (19). Segundo informa\u00e7\u00f5es do Rep\u00f3rter Ivan Silva da R\u00e1dio Cara\u00edba, na sexta-feira ele passou mal em sua resid\u00eancia e foi socorrido para o Hospital D. Antonio Monteiro. No s\u00e1bado, o cantor foi transferido para a Promatre, em Juazeiro.<\/p>\n<p>De acordo com\u00a0informados obtidas pelo <strong>BLOG DO ELOILTON CAJUHY<\/strong>, o quadro de sa\u00fade de Miguel \u00e9 bom. A princ\u00edpio, por conta dos sintomas, imaginava-se que o cantor tivesse sofrido um AVC &#8211; Acidente Vascular Cerebral -, popularmente chamado de derrame, mas, ap\u00f3s os primeiros procedimentos, esta possibilidade foi descartada. Segundo os primeiros exames realizados nesta segunda-feira no cantor, ele pode ter sido acometido de um infarto.<\/p>\n<p>Miguel Ara\u00fajo passar\u00e1 por uma bateria de exames nos pr\u00f3ximos dias a fim de que seja feito um diagn\u00f3stico preciso sobre seu quadro de sa\u00fade. Ainda n\u00e3o h\u00e1 previs\u00e3o de alta do cantor.<\/p>\n<p><em>*BLOG DO ELOILTON CAJUHY<\/em><\/p>\n","protected":false},"excerpt":{"rendered":"<p>O cantor e compositor Miguel Ara\u00fajo, 55 anos, est\u00e1 internado no Hospital Promatre em Juazeiro desde o \u00faltimo s\u00e1bado (19). Segundo informa\u00e7\u00f5es do Rep\u00f3rter Ivan Silva da R\u00e1dio Cara\u00edba, na sexta-feira ele passou mal em sua resid\u00eancia e foi socorrido para o Hospital D. Antonio Monteiro. No s\u00e1bado, o cantor foi transferido para a Promatre, [&hellip;]<\/p>\n","protected":false},"author":2,"featured_media":13570,"comment_status":"open","ping_status":"open","sticky":false,"template":"","format":"standard","meta":{"_acf_changed":false,"_monsterinsights_skip_tracking":false,"_monsterinsights_sitenote_active":false,"_monsterinsights_sitenote_note":"","_monsterinsights_sitenote_category":0,"_jetpack_memberships_contains_paid_content":false,"footnotes":"","jetpack_publicize_message":"","jetpack_publicize_feature_enabled":true,"jetpack_social_post_already_shared":true,"jetpack_social_options":{"image_generator_settings":{"template":"highway","default_image_id":0,"font":"","enabled":false},"version":2}},"categories":[8,1,4],"tags":[],"class_list":["post-13569","post","type-post","status-publish","format-standard","has-post-thumbnail","hentry","category-cultura","category-noticias","category-local"],"acf":[],"jetpack_publicize_connections":[],"jetpack_featured_media_url":"https:\/\/i0.wp.com\/blogdoeloiltoncajuhy.com.br\/site\/wp-content\/uploads\/2016\/11\/miguel-ara%C3%BAjo-e1479755134572.jpg?fit=500%2C501&ssl=1","jetpack_sharing_enabled":true,"publishpress_future_workflow_manual_trigger":{"enabledWorkflows":[]},"_links":{"self":[{"href":"https:\/\/blogdoeloiltoncajuhy.com.br\/site\/wp-json\/wp\/v2\/posts\/13569","targetHints":{"allow":["GET"]}}],"collection":[{"href":"https:\/\/blogdoeloiltoncajuhy.com.br\/site\/wp-json\/wp\/v2\/posts"}],"about":[{"href":"https:\/\/blogdoeloiltoncajuhy.com.br\/site\/wp-json\/wp\/v2\/types\/post"}],"author":[{"embeddable":true,"href":"https:\/\/blogdoeloiltoncajuhy.com.br\/site\/wp-json\/wp\/v2\/users\/2"}],"replies":[{"embeddable":true,"href":"https:\/\/blogdoeloiltoncajuhy.com.br\/site\/wp-json\/wp\/v2\/comments?post=13569"}],"version-history":[{"count":3,"href":"https:\/\/blogdoeloiltoncajuhy.com.br\/site\/wp-json\/wp\/v2\/posts\/13569\/revisions"}],"predecessor-version":[{"id":13630,"href":"https:\/\/blogdoeloiltoncajuhy.com.br\/site\/wp-json\/wp\/v2\/posts\/13569\/revisions\/13630"}],"wp:featuredmedia":[{"embeddable":true,"href":"https:\/\/blogdoeloiltoncajuhy.com.br\/site\/wp-json\/wp\/v2\/media\/13570"}],"wp:attachment":[{"href":"https:\/\/blogdoeloiltoncajuhy.com.br\/site\/wp-json\/wp\/v2\/media?parent=13569"}],"wp:term":[{"taxonomy":"category","embeddable":true,"href":"https:\/\/blogdoeloiltoncajuhy.com.br\/site\/wp-json\/wp\/v2\/categories?post=13569"},{"taxonomy":"post_tag","embeddable":true,"href":"https:\/\/blogdoeloiltoncajuhy.com.br\/site\/wp-json\/wp\/v2\/tags?post=13569"}],"curies":[{"name":"wp","href":"https:\/\/api.w.org\/{rel}","templated":true}]}}