{"id":13562,"date":"2016-11-21T12:32:19","date_gmt":"2016-11-21T15:32:19","guid":{"rendered":"http:\/\/blogdoeloiltoncajuhy.com.br\/site\/?p=13562"},"modified":"2016-11-21T15:26:25","modified_gmt":"2016-11-21T18:26:25","slug":"bonfim-ocorrencias-registradas-no-6o-batalhao-de-policia-militar","status":"publish","type":"post","link":"https:\/\/blogdoeloiltoncajuhy.com.br\/site\/bonfim-ocorrencias-registradas-no-6o-batalhao-de-policia-militar\/","title":{"rendered":"BONFIM: Ocorr\u00eancias registradas no 6\u00ba Batalh\u00e3o de Pol\u00edcia Militar"},"content":{"rendered":"<p><em><strong>6\u00ba BPM REALIZA PRIS\u00c3O POR FURTO<\/strong><\/em><\/p>\n<p><a href=\"https:\/\/i0.wp.com\/blogdoeloiltoncajuhy.com.br\/site\/wp-content\/uploads\/2016\/11\/Pol%C3%ADcia_furtoroupas-e1479751573130.jpg\"><img data-recalc-dims=\"1\" fetchpriority=\"high\" decoding=\"async\" class=\"aligncenter size-full wp-image-13564\" src=\"https:\/\/i0.wp.com\/blogdoeloiltoncajuhy.com.br\/site\/wp-content\/uploads\/2016\/11\/Pol%C3%ADcia_furtoroupas-e1479751573130.jpg?resize=480%2C242\" alt=\"policia_furtoroupas\" width=\"480\" height=\"242\" \/><\/a>Policiais da 1\u00aa Companhia do 6\u00ba Batalh\u00e3o de Pol\u00edcia Militar conduziram \u00e0 delegacia de Pol\u00edcia Civil uma mulher de 19 anos por furtar 15 pe\u00e7as de roupas de uma loja de produtos infantis, no Cal\u00e7ad\u00e3o Joviniano Duarte, em Senhor do Bonfim, neste s\u00e1bado (19), \u00e0s 10h15.\u00a0A acusada foi apresentada na delegacia de Pol\u00edcia Civil e autuada em flagrante.<\/p>\n<p><em><strong>6\u00ba BPM REALIZA PRIS\u00c3O POR AMEA\u00c7A<\/strong><\/em><\/p>\n<p>Policiais da 1\u00aa Companhia do 6\u00ba Batalh\u00e3o de Pol\u00edcia Militar prenderam um homem de 37 anos por amea\u00e7ar de morte, de posse de uma faca tipo peixeira, uma mulher de 34 que se encontrava na porta de sua resid\u00eancia, na Rua Itapicuru, Bairro Jonas Costa, em Senhor do Bonfim, \u00e0s 21 horas de sexta-feira (18).\u00a0O acusado foi autuado em flagrante na delegacia de Pol\u00edcia Civil.<\/p>\n<p><em><strong>6\u00ba BPM REALIZA PRIS\u00c3O POR ARROMBAMENTO E FURTO<\/strong><\/em><\/p>\n<p>Policiais da 1\u00aa Companhia realizaram pris\u00e3o por arrombamento e furto, \u00e0s 10 horas deste s\u00e1bado (19), na feira livre da Pra\u00e7a Augusto Sena Gomes, centro de Senhor do Bonfim.\u00a0Um homem de 38 anos arrombou um ve\u00edculo, em seguida, furtou o aparelho de som automotivo e um par de \u00f3culos, pertencentes a um homem de 46 anos.\u00a0O acusado foi conduzido \u00e0 delegacia de Pol\u00edcia Civil.<\/p>\n<p><em><strong>6\u00ba BPM REALIZA PRIS\u00c3O POR TENTATIVA DE HOMIC\u00cdDIO<\/strong><\/em><\/p>\n<p>No Munic\u00edpio de Andorinha, Povoado de Algod\u00f5es, neste s\u00e1bado (19), \u00e0s 14h50, policiais da 3\u00aa Companhia do 6\u00ba Batalh\u00e3o de Pol\u00edcia Militar realizaram pris\u00f5es por tentativa de homic\u00eddio e por porte ilegal de arma de fogo.<\/p>\n<p>Um homem de 34 anos desferiu golpes de canivete na nuca, bra\u00e7os e t\u00f3rax em outro homem de 31. A v\u00edtima, mesmo ferida, foi at\u00e9 a casa do autor portanto um espingarda tipo escopeta de fabrica\u00e7\u00e3o caseira, mas antes de revidar como planejara, caiu na frente da resid\u00eancia, sendo socorrido pelo SAMU.\u00a0Autor e v\u00edtima, ap\u00f3s ser medicada, foram apresentados na delegacia de Pol\u00edcia Civil.<\/p>\n<p><em><strong>6\u00ba BPM REALIZA PRIS\u00c3O POR PORTE ILEGAL DE ARMA DE FOGO<\/strong><\/em><\/p>\n<p><a href=\"https:\/\/i0.wp.com\/blogdoeloiltoncajuhy.com.br\/site\/wp-content\/uploads\/2016\/11\/Pol%C3%ADcia_armaceto.jpg\"><img data-recalc-dims=\"1\" decoding=\"async\" class=\"aligncenter wp-image-13566 size-full\" src=\"https:\/\/i0.wp.com\/blogdoeloiltoncajuhy.com.br\/site\/wp-content\/uploads\/2016\/11\/Pol%C3%ADcia_armaceto-e1479751666440.jpg?resize=480%2C302\" alt=\"policia_armaceto\" width=\"480\" height=\"302\" \/><\/a>Policiais da CETO do 6\u00ba Batalh\u00e3o de Pol\u00edcia Militar realizaram pris\u00e3o por porte ilegal de arma de fogo, neste domingo (20), \u00e0s 10h30, na Rua Buri\u00e1 de Baixo, Bairro Maristas, em Senhor do Bonfim.<br \/>\nUm homem de 35 anos, ao perceber a presen\u00e7a da viatura em ronda, empreendeu fuga. A guarni\u00e7\u00e3o conseguiu alcan\u00e7\u00e1-lo e com o mesmo foi encontrado um rev\u00f3lver calibre 38 com 3 muni\u00e7\u00f5es intactas.\u00a0O acusado foi autuado em flagrante na delegacia de Pol\u00edcia Civil.<\/p>\n<p><em><strong>6\u00ba BPM PRENDE HOMEM POR ATEAR FOGO EM CASA<\/strong><\/em><\/p>\n<p>Policiais da 1\u00aa Companhia do 6\u00ba Batalh\u00e3o de Pol\u00edcia Militar prenderam um homem de 34 anos por atear fogo na resid\u00eancia de propriedade de sua m\u00e3e de 54, na Rua Amazonas, Bairro Alto da Rainha, em Senhor do Bonfim, neste domingo (20), \u00e0s 10h50.\u00a0Ap\u00f3s a\u00e7\u00e3o dos bombeiros que apagaram o fogo, o acusado tentou novamente incendiar a casa, sendo contido pela guarni\u00e7\u00e3o e conduzido \u00e0 delegacia de Pol\u00edcia Civil, onde foi atuado em flagrante.<\/p>\n<p><em><strong>6\u00ba BPM REALIZA PRIS\u00c3O POR ROUBO DE CELULAR<\/strong><\/em><\/p>\n<p>Policiais da CETO do 6\u00ba Batalh\u00e3o de Pol\u00edcia Militar prenderam um homem de 22 anos por roubar um aparelho celular de um rapaz de 20, neste domingo (20), \u00e0s 23 horas, na Avenida Jos\u00e9 Coelho, Bairro Olaria, em Senhor do Bonfim.\u00a0O acusado foi autuado em flagrante na delegacia de Pol\u00edcia Civil.<\/p>\n<p><strong><em>*Pol\u00edcia Militar da Bahia \/\u00a06\u00ba Batalh\u00e3o de Pol\u00edcia Militar \/\u00a0Se\u00e7\u00e3o de Comunica\u00e7\u00e3o Social<\/em><\/strong><\/p>\n","protected":false},"excerpt":{"rendered":"<p>6\u00ba BPM REALIZA PRIS\u00c3O POR FURTO Policiais da 1\u00aa Companhia do 6\u00ba Batalh\u00e3o de Pol\u00edcia Militar conduziram \u00e0 delegacia de Pol\u00edcia Civil uma mulher de 19 anos por furtar 15 pe\u00e7as de roupas de uma loja de produtos infantis, no Cal\u00e7ad\u00e3o Joviniano Duarte, em Senhor do Bonfim, neste s\u00e1bado (19), \u00e0s 10h15.\u00a0A acusada foi apresentada [&hellip;]<\/p>\n","protected":false},"author":2,"featured_media":13566,"comment_status":"open","ping_status":"open","sticky":false,"template":"","format":"standard","meta":{"_acf_changed":false,"_monsterinsights_skip_tracking":false,"_monsterinsights_sitenote_active":false,"_monsterinsights_sitenote_note":"","_monsterinsights_sitenote_category":0,"_jetpack_memberships_contains_paid_content":false,"footnotes":"","jetpack_publicize_message":"","jetpack_publicize_feature_enabled":true,"jetpack_social_post_already_shared":true,"jetpack_social_options":{"image_generator_settings":{"template":"highway","default_image_id":0,"font":"","enabled":false},"version":2}},"categories":[5,1,4],"tags":[],"class_list":["post-13562","post","type-post","status-publish","format-standard","has-post-thumbnail","hentry","category-cotidiano","category-noticias","category-local"],"acf":[],"jetpack_publicize_connections":[],"jetpack_featured_media_url":"https:\/\/i0.wp.com\/blogdoeloiltoncajuhy.com.br\/site\/wp-content\/uploads\/2016\/11\/Pol%C3%ADcia_armaceto-e1479751666440.jpg?fit=480%2C302&ssl=1","jetpack_sharing_enabled":true,"publishpress_future_workflow_manual_trigger":{"enabledWorkflows":[]},"_links":{"self":[{"href":"https:\/\/blogdoeloiltoncajuhy.com.br\/site\/wp-json\/wp\/v2\/posts\/13562","targetHints":{"allow":["GET"]}}],"collection":[{"href":"https:\/\/blogdoeloiltoncajuhy.com.br\/site\/wp-json\/wp\/v2\/posts"}],"about":[{"href":"https:\/\/blogdoeloiltoncajuhy.com.br\/site\/wp-json\/wp\/v2\/types\/post"}],"author":[{"embeddable":true,"href":"https:\/\/blogdoeloiltoncajuhy.com.br\/site\/wp-json\/wp\/v2\/users\/2"}],"replies":[{"embeddable":true,"href":"https:\/\/blogdoeloiltoncajuhy.com.br\/site\/wp-json\/wp\/v2\/comments?post=13562"}],"version-history":[{"count":3,"href":"https:\/\/blogdoeloiltoncajuhy.com.br\/site\/wp-json\/wp\/v2\/posts\/13562\/revisions"}],"predecessor-version":[{"id":13568,"href":"https:\/\/blogdoeloiltoncajuhy.com.br\/site\/wp-json\/wp\/v2\/posts\/13562\/revisions\/13568"}],"wp:featuredmedia":[{"embeddable":true,"href":"https:\/\/blogdoeloiltoncajuhy.com.br\/site\/wp-json\/wp\/v2\/media\/13566"}],"wp:attachment":[{"href":"https:\/\/blogdoeloiltoncajuhy.com.br\/site\/wp-json\/wp\/v2\/media?parent=13562"}],"wp:term":[{"taxonomy":"category","embeddable":true,"href":"https:\/\/blogdoeloiltoncajuhy.com.br\/site\/wp-json\/wp\/v2\/categories?post=13562"},{"taxonomy":"post_tag","embeddable":true,"href":"https:\/\/blogdoeloiltoncajuhy.com.br\/site\/wp-json\/wp\/v2\/tags?post=13562"}],"curies":[{"name":"wp","href":"https:\/\/api.w.org\/{rel}","templated":true}]}}