{"id":13558,"date":"2016-11-21T09:33:38","date_gmt":"2016-11-21T12:33:38","guid":{"rendered":"http:\/\/blogdoeloiltoncajuhy.com.br\/site\/?p=13558"},"modified":"2016-11-21T09:33:38","modified_gmt":"2016-11-21T12:33:38","slug":"aniversariante-do-dia-fabio-jr-chega-ao-7o-casamento-nesta-segunda-relembre-outros","status":"publish","type":"post","link":"https:\/\/blogdoeloiltoncajuhy.com.br\/site\/aniversariante-do-dia-fabio-jr-chega-ao-7o-casamento-nesta-segunda-relembre-outros\/","title":{"rendered":"Aniversariante do dia, F\u00e1bio Jr. chega ao 7\u00ba casamento nesta segunda. Relembre outros!"},"content":{"rendered":"<p style=\"text-align: center;\"><strong><em>No dia em que completa 63 anos, cantor se casa com Fernanda Pascucci, em S\u00e3o Paulo. E a gente lembra sua trajet\u00f3ria em busca da alma g\u00eamea<\/em><\/strong><\/p>\n<figure id=\"attachment_13559\" aria-describedby=\"caption-attachment-13559\" style=\"width: 620px\" class=\"wp-caption aligncenter\"><a href=\"https:\/\/i0.wp.com\/blogdoeloiltoncajuhy.com.br\/site\/wp-content\/uploads\/2016\/11\/f%C3%A1bio-63-anos.jpg\"><img data-recalc-dims=\"1\" fetchpriority=\"high\" decoding=\"async\" class=\"wp-image-13559 size-full\" src=\"https:\/\/i0.wp.com\/blogdoeloiltoncajuhy.com.br\/site\/wp-content\/uploads\/2016\/11\/f%C3%A1bio-63-anos.jpg?resize=620%2C413\" alt=\"fabio-63-anos\" width=\"620\" height=\"413\" srcset=\"https:\/\/i0.wp.com\/blogdoeloiltoncajuhy.com.br\/site\/wp-content\/uploads\/2016\/11\/f%C3%A1bio-63-anos.jpg?w=620&amp;ssl=1 620w, https:\/\/i0.wp.com\/blogdoeloiltoncajuhy.com.br\/site\/wp-content\/uploads\/2016\/11\/f%C3%A1bio-63-anos.jpg?resize=300%2C200&amp;ssl=1 300w, https:\/\/i0.wp.com\/blogdoeloiltoncajuhy.com.br\/site\/wp-content\/uploads\/2016\/11\/f%C3%A1bio-63-anos.jpg?resize=250%2C167&amp;ssl=1 250w\" sizes=\"(max-width: 620px) 100vw, 620px\" \/><\/a><figcaption id=\"caption-attachment-13559\" class=\"wp-caption-text\">F\u00e1bio Jr. e a namorada, Fernanda Pascucci, em show em S\u00e3o Paulo (Foto: Manuela Scarpa\/ Brazil News)<\/figcaption><\/figure>\n<p><span id=\"span-autolink-id-http:\/\/semantica.globo.com\/ego\/8ddc57d6-85b2-4445-8477-e08e99309d04\" class=\"semantica-autolink-topico-tip\"><a class=\"link-do-autolink-semantico\" href=\"http:\/\/ego.globo.com\/famosos\/tudo-sobre\/fabio-jr.html\">F\u00e1bio Jr.<\/a><\/span> vai se casar novamente! A escolhida \u00e9 Fernanda Pascucci e o <span id=\"span-autolink-id-http:\/\/semantica.globo.com\/ego\/AssuntoEgo_Casamento\" class=\"semantica-autolink-topico-tip\"><a class=\"link-do-autolink-semantico\" href=\"http:\/\/ego.globo.com\/assuntos\/casamento.html\">casamento<\/a><\/span> acontece nesta segunda, 21 de novembro, mesma data em que o cantor completa 63 anos.<\/p>\n<p>Resolvemos ent\u00e3o relembrar todos os relacionamentos que ele j\u00e1 teve. <strong><a href=\"http:\/\/especiais.ego.globo.com\/famosos\/lista-amores-de-fabio-jr\/\">Clique aqui e veja a trajet\u00f3ria de F\u00e1bio Jr em busca de sua alma g\u00eamea!<\/a><\/strong><\/p>\n<p><em>*EGO<\/em><\/p>\n","protected":false},"excerpt":{"rendered":"<p>No dia em que completa 63 anos, cantor se casa com Fernanda Pascucci, em S\u00e3o Paulo. E a gente lembra sua trajet\u00f3ria em busca da alma g\u00eamea F\u00e1bio Jr. vai se casar novamente! A escolhida \u00e9 Fernanda Pascucci e o casamento acontece nesta segunda, 21 de novembro, mesma data em que o cantor completa 63 [&hellip;]<\/p>\n","protected":false},"author":2,"featured_media":13559,"comment_status":"open","ping_status":"open","sticky":false,"template":"","format":"standard","meta":{"_acf_changed":false,"_monsterinsights_skip_tracking":false,"_monsterinsights_sitenote_active":false,"_monsterinsights_sitenote_note":"","_monsterinsights_sitenote_category":0,"_jetpack_memberships_contains_paid_content":false,"footnotes":"","jetpack_publicize_message":"","jetpack_publicize_feature_enabled":true,"jetpack_social_post_already_shared":true,"jetpack_social_options":{"image_generator_settings":{"template":"highway","default_image_id":0,"font":"","enabled":false},"version":2}},"categories":[8,1],"tags":[],"class_list":["post-13558","post","type-post","status-publish","format-standard","has-post-thumbnail","hentry","category-cultura","category-noticias"],"acf":[],"jetpack_publicize_connections":[],"jetpack_featured_media_url":"https:\/\/i0.wp.com\/blogdoeloiltoncajuhy.com.br\/site\/wp-content\/uploads\/2016\/11\/f%C3%A1bio-63-anos.jpg?fit=620%2C413&ssl=1","jetpack_sharing_enabled":true,"publishpress_future_workflow_manual_trigger":{"enabledWorkflows":[]},"_links":{"self":[{"href":"https:\/\/blogdoeloiltoncajuhy.com.br\/site\/wp-json\/wp\/v2\/posts\/13558","targetHints":{"allow":["GET"]}}],"collection":[{"href":"https:\/\/blogdoeloiltoncajuhy.com.br\/site\/wp-json\/wp\/v2\/posts"}],"about":[{"href":"https:\/\/blogdoeloiltoncajuhy.com.br\/site\/wp-json\/wp\/v2\/types\/post"}],"author":[{"embeddable":true,"href":"https:\/\/blogdoeloiltoncajuhy.com.br\/site\/wp-json\/wp\/v2\/users\/2"}],"replies":[{"embeddable":true,"href":"https:\/\/blogdoeloiltoncajuhy.com.br\/site\/wp-json\/wp\/v2\/comments?post=13558"}],"version-history":[{"count":1,"href":"https:\/\/blogdoeloiltoncajuhy.com.br\/site\/wp-json\/wp\/v2\/posts\/13558\/revisions"}],"predecessor-version":[{"id":13560,"href":"https:\/\/blogdoeloiltoncajuhy.com.br\/site\/wp-json\/wp\/v2\/posts\/13558\/revisions\/13560"}],"wp:featuredmedia":[{"embeddable":true,"href":"https:\/\/blogdoeloiltoncajuhy.com.br\/site\/wp-json\/wp\/v2\/media\/13559"}],"wp:attachment":[{"href":"https:\/\/blogdoeloiltoncajuhy.com.br\/site\/wp-json\/wp\/v2\/media?parent=13558"}],"wp:term":[{"taxonomy":"category","embeddable":true,"href":"https:\/\/blogdoeloiltoncajuhy.com.br\/site\/wp-json\/wp\/v2\/categories?post=13558"},{"taxonomy":"post_tag","embeddable":true,"href":"https:\/\/blogdoeloiltoncajuhy.com.br\/site\/wp-json\/wp\/v2\/tags?post=13558"}],"curies":[{"name":"wp","href":"https:\/\/api.w.org\/{rel}","templated":true}]}}