{"id":13553,"date":"2016-11-20T21:29:46","date_gmt":"2016-11-21T00:29:46","guid":{"rendered":"http:\/\/blogdoeloiltoncajuhy.com.br\/site\/?p=13553"},"modified":"2016-11-20T21:29:46","modified_gmt":"2016-11-21T00:29:46","slug":"comece-a-segunda-feira-meditando-pois-todo-aquele-que-faz-a-vontade-de-meu-pai-que-esta-nos-ceus-esse-e-meu-irmao-minha-irma-e-minha-mae-mt-1246-50","status":"publish","type":"post","link":"https:\/\/blogdoeloiltoncajuhy.com.br\/site\/comece-a-segunda-feira-meditando-pois-todo-aquele-que-faz-a-vontade-de-meu-pai-que-esta-nos-ceus-esse-e-meu-irmao-minha-irma-e-minha-mae-mt-1246-50\/","title":{"rendered":"COMECE A SEGUNDA-FEIRA MEDITANDO: &#8220;Pois todo aquele que faz a vontade de meu Pai, que est\u00e1 nos c\u00e9us, esse \u00e9 meu irm\u00e3o, minha irm\u00e3 e minha m\u00e3e\u201d &#8211; Mt 12,46-50"},"content":{"rendered":"<p><a href=\"https:\/\/i0.wp.com\/blogdoeloiltoncajuhy.com.br\/site\/wp-content\/uploads\/2016\/09\/liturgia_set_16-2.jpg\"><img data-recalc-dims=\"1\" fetchpriority=\"high\" decoding=\"async\" class=\"aligncenter size-full wp-image-12279\" src=\"https:\/\/i0.wp.com\/blogdoeloiltoncajuhy.com.br\/site\/wp-content\/uploads\/2016\/09\/liturgia_set_16-2.jpg?resize=320%2C180\" alt=\"liturgia_set_16-2\" width=\"320\" height=\"180\" srcset=\"https:\/\/i0.wp.com\/blogdoeloiltoncajuhy.com.br\/site\/wp-content\/uploads\/2016\/09\/liturgia_set_16-2.jpg?w=320&amp;ssl=1 320w, https:\/\/i0.wp.com\/blogdoeloiltoncajuhy.com.br\/site\/wp-content\/uploads\/2016\/09\/liturgia_set_16-2.jpg?resize=300%2C169&amp;ssl=1 300w, https:\/\/i0.wp.com\/blogdoeloiltoncajuhy.com.br\/site\/wp-content\/uploads\/2016\/09\/liturgia_set_16-2.jpg?resize=250%2C141&amp;ssl=1 250w\" sizes=\"(max-width: 320px) 100vw, 320px\" \/><\/a>Naquele tempo, enquanto Jesus estava falando \u00e0s multid\u00f5es, sua m\u00e3e e seus irm\u00e3os ficaram do lado de fora, procurando falar com ele. Algu\u00e9m disse a Jesus: \u201cOlha! Tua m\u00e3e e teus irm\u00e3os est\u00e3o a\u00ed fora, e querem falar contigo\u201d. Jesus perguntou \u00e0quele que tinha falado: \u201cQuem \u00e9 minha m\u00e3e, e quem s\u00e3o meus irm\u00e3os?\u201d E, estendendo a m\u00e3o para os disc\u00edpulos, Jesus disse: \u201cEis minha m\u00e3e e meus irm\u00e3os. Pois todo aquele que faz a vontade de meu Pai, que est\u00e1 nos c\u00e9us, esse \u00e9 meu irm\u00e3o, minha irm\u00e3 e minha m\u00e3e\u201d.<\/p>\n<p><em>*<a href=\"http:\/\/liturgia.cancaonova.com\/liturgia\/34a-semana-comum-segunda-feira-21112016\/\"><strong>Can\u00e7\u00e3o Nova<\/strong><\/a><\/em><\/p>\n","protected":false},"excerpt":{"rendered":"<p>Naquele tempo, enquanto Jesus estava falando \u00e0s multid\u00f5es, sua m\u00e3e e seus irm\u00e3os ficaram do lado de fora, procurando falar com ele. Algu\u00e9m disse a Jesus: \u201cOlha! Tua m\u00e3e e teus irm\u00e3os est\u00e3o a\u00ed fora, e querem falar contigo\u201d. Jesus perguntou \u00e0quele que tinha falado: \u201cQuem \u00e9 minha m\u00e3e, e quem s\u00e3o meus irm\u00e3os?\u201d E, [&hellip;]<\/p>\n","protected":false},"author":2,"featured_media":0,"comment_status":"open","ping_status":"open","sticky":false,"template":"","format":"standard","meta":{"_acf_changed":false,"_monsterinsights_skip_tracking":false,"_monsterinsights_sitenote_active":false,"_monsterinsights_sitenote_note":"","_monsterinsights_sitenote_category":0,"_jetpack_memberships_contains_paid_content":false,"footnotes":"","jetpack_publicize_message":"","jetpack_publicize_feature_enabled":true,"jetpack_social_post_already_shared":true,"jetpack_social_options":{"image_generator_settings":{"template":"highway","default_image_id":0,"font":"","enabled":false},"version":2}},"categories":[1,9],"tags":[],"class_list":["post-13553","post","type-post","status-publish","format-standard","hentry","category-noticias","category-reflexao"],"acf":[],"jetpack_publicize_connections":[],"jetpack_featured_media_url":"","jetpack_sharing_enabled":true,"publishpress_future_workflow_manual_trigger":{"enabledWorkflows":[]},"_links":{"self":[{"href":"https:\/\/blogdoeloiltoncajuhy.com.br\/site\/wp-json\/wp\/v2\/posts\/13553","targetHints":{"allow":["GET"]}}],"collection":[{"href":"https:\/\/blogdoeloiltoncajuhy.com.br\/site\/wp-json\/wp\/v2\/posts"}],"about":[{"href":"https:\/\/blogdoeloiltoncajuhy.com.br\/site\/wp-json\/wp\/v2\/types\/post"}],"author":[{"embeddable":true,"href":"https:\/\/blogdoeloiltoncajuhy.com.br\/site\/wp-json\/wp\/v2\/users\/2"}],"replies":[{"embeddable":true,"href":"https:\/\/blogdoeloiltoncajuhy.com.br\/site\/wp-json\/wp\/v2\/comments?post=13553"}],"version-history":[{"count":1,"href":"https:\/\/blogdoeloiltoncajuhy.com.br\/site\/wp-json\/wp\/v2\/posts\/13553\/revisions"}],"predecessor-version":[{"id":13554,"href":"https:\/\/blogdoeloiltoncajuhy.com.br\/site\/wp-json\/wp\/v2\/posts\/13553\/revisions\/13554"}],"wp:attachment":[{"href":"https:\/\/blogdoeloiltoncajuhy.com.br\/site\/wp-json\/wp\/v2\/media?parent=13553"}],"wp:term":[{"taxonomy":"category","embeddable":true,"href":"https:\/\/blogdoeloiltoncajuhy.com.br\/site\/wp-json\/wp\/v2\/categories?post=13553"},{"taxonomy":"post_tag","embeddable":true,"href":"https:\/\/blogdoeloiltoncajuhy.com.br\/site\/wp-json\/wp\/v2\/tags?post=13553"}],"curies":[{"name":"wp","href":"https:\/\/api.w.org\/{rel}","templated":true}]}}