{"id":13548,"date":"2016-11-20T10:06:57","date_gmt":"2016-11-20T13:06:57","guid":{"rendered":"http:\/\/blogdoeloiltoncajuhy.com.br\/site\/?p=13548"},"modified":"2016-11-20T10:06:57","modified_gmt":"2016-11-20T13:06:57","slug":"acao-solidaria-prf-fara-doacao-de-sangue-coletiva-para-criancas-do-martagao-gesteira","status":"publish","type":"post","link":"https:\/\/blogdoeloiltoncajuhy.com.br\/site\/acao-solidaria-prf-fara-doacao-de-sangue-coletiva-para-criancas-do-martagao-gesteira\/","title":{"rendered":"A\u00c7\u00c3O SOLID\u00c1RIA: PRF far\u00e1 doa\u00e7\u00e3o de sangue coletiva para crian\u00e7as do Martag\u00e3o Gesteira"},"content":{"rendered":"<p><a href=\"https:\/\/i0.wp.com\/blogdoeloiltoncajuhy.com.br\/site\/wp-content\/uploads\/2016\/11\/PRF-campanha.jpg\"><img data-recalc-dims=\"1\" fetchpriority=\"high\" decoding=\"async\" class=\"aligncenter size-full wp-image-13306\" src=\"https:\/\/i0.wp.com\/blogdoeloiltoncajuhy.com.br\/site\/wp-content\/uploads\/2016\/11\/PRF-campanha.jpg?resize=404%2C480\" alt=\"prf-campanha\" width=\"404\" height=\"480\" srcset=\"https:\/\/i0.wp.com\/blogdoeloiltoncajuhy.com.br\/site\/wp-content\/uploads\/2016\/11\/PRF-campanha.jpg?w=404&amp;ssl=1 404w, https:\/\/i0.wp.com\/blogdoeloiltoncajuhy.com.br\/site\/wp-content\/uploads\/2016\/11\/PRF-campanha.jpg?resize=253%2C300&amp;ssl=1 253w, https:\/\/i0.wp.com\/blogdoeloiltoncajuhy.com.br\/site\/wp-content\/uploads\/2016\/11\/PRF-campanha.jpg?resize=210%2C250&amp;ssl=1 210w\" sizes=\"(max-width: 404px) 100vw, 404px\" \/><\/a>A Superintend\u00eancia da Pol\u00edcia Rodovi\u00e1ria Federal na Bahia realizar\u00e1, na manh\u00e3 desta segunda-feira, dia 21 de novembro, por volta das 10h, uma doa\u00e7\u00e3o de sangue coletiva por Policiais Rodovi\u00e1rios Federais, que, fardados, promover\u00e3o este ato com objetivo de incentivar a doa\u00e7\u00e3o.<\/p>\n<p>Esta a\u00e7\u00e3o ser\u00e1 realizada na Funda\u00e7\u00e3o de Hematologia e Hemoterapia da Bahia (HEMOBA), e todo o sangue coletado ser\u00e1 destinado as crian\u00e7as do Hospital Martag\u00e3o Gesteira.<\/p>\n<p>Na oportunidade, todos os presentes ser\u00e3o convidados a realizarem o cadastro para doa\u00e7\u00e3o de medula no Hemoba, sendo o primeiro ato da semana que se comemora o Dia Nacional de Combate ao C\u00e2ncer Infantil, 23 de novembro, data que faz parte do calend\u00e1rio de um dos projetos sociais da PRF, que \u00e9 a campanha \u201cPoliciais contra o C\u00e2ncer Infantil\u201d.<\/p>\n<p><em>*PRF\/BA<\/em><\/p>\n","protected":false},"excerpt":{"rendered":"<p>A Superintend\u00eancia da Pol\u00edcia Rodovi\u00e1ria Federal na Bahia realizar\u00e1, na manh\u00e3 desta segunda-feira, dia 21 de novembro, por volta das 10h, uma doa\u00e7\u00e3o de sangue coletiva por Policiais Rodovi\u00e1rios Federais, que, fardados, promover\u00e3o este ato com objetivo de incentivar a doa\u00e7\u00e3o. Esta a\u00e7\u00e3o ser\u00e1 realizada na Funda\u00e7\u00e3o de Hematologia e Hemoterapia da Bahia (HEMOBA), e [&hellip;]<\/p>\n","protected":false},"author":2,"featured_media":0,"comment_status":"open","ping_status":"open","sticky":false,"template":"","format":"standard","meta":{"_acf_changed":false,"_monsterinsights_skip_tracking":false,"_monsterinsights_sitenote_active":false,"_monsterinsights_sitenote_note":"","_monsterinsights_sitenote_category":0,"_jetpack_memberships_contains_paid_content":false,"footnotes":"","jetpack_publicize_message":"","jetpack_publicize_feature_enabled":true,"jetpack_social_post_already_shared":true,"jetpack_social_options":{"image_generator_settings":{"template":"highway","default_image_id":0,"font":"","enabled":false},"version":2}},"categories":[5,1],"tags":[],"class_list":["post-13548","post","type-post","status-publish","format-standard","hentry","category-cotidiano","category-noticias"],"acf":[],"jetpack_publicize_connections":[],"jetpack_featured_media_url":"","jetpack_sharing_enabled":true,"publishpress_future_workflow_manual_trigger":{"enabledWorkflows":[]},"_links":{"self":[{"href":"https:\/\/blogdoeloiltoncajuhy.com.br\/site\/wp-json\/wp\/v2\/posts\/13548","targetHints":{"allow":["GET"]}}],"collection":[{"href":"https:\/\/blogdoeloiltoncajuhy.com.br\/site\/wp-json\/wp\/v2\/posts"}],"about":[{"href":"https:\/\/blogdoeloiltoncajuhy.com.br\/site\/wp-json\/wp\/v2\/types\/post"}],"author":[{"embeddable":true,"href":"https:\/\/blogdoeloiltoncajuhy.com.br\/site\/wp-json\/wp\/v2\/users\/2"}],"replies":[{"embeddable":true,"href":"https:\/\/blogdoeloiltoncajuhy.com.br\/site\/wp-json\/wp\/v2\/comments?post=13548"}],"version-history":[{"count":1,"href":"https:\/\/blogdoeloiltoncajuhy.com.br\/site\/wp-json\/wp\/v2\/posts\/13548\/revisions"}],"predecessor-version":[{"id":13549,"href":"https:\/\/blogdoeloiltoncajuhy.com.br\/site\/wp-json\/wp\/v2\/posts\/13548\/revisions\/13549"}],"wp:attachment":[{"href":"https:\/\/blogdoeloiltoncajuhy.com.br\/site\/wp-json\/wp\/v2\/media?parent=13548"}],"wp:term":[{"taxonomy":"category","embeddable":true,"href":"https:\/\/blogdoeloiltoncajuhy.com.br\/site\/wp-json\/wp\/v2\/categories?post=13548"},{"taxonomy":"post_tag","embeddable":true,"href":"https:\/\/blogdoeloiltoncajuhy.com.br\/site\/wp-json\/wp\/v2\/tags?post=13548"}],"curies":[{"name":"wp","href":"https:\/\/api.w.org\/{rel}","templated":true}]}}