{"id":13532,"date":"2016-11-19T20:34:32","date_gmt":"2016-11-19T23:34:32","guid":{"rendered":"http:\/\/blogdoeloiltoncajuhy.com.br\/site\/?p=13532"},"modified":"2016-11-19T20:34:32","modified_gmt":"2016-11-19T23:34:32","slug":"futuro-governo-benito-retorna-a-bonfim-para-assumir-secretaria-de-financas","status":"publish","type":"post","link":"https:\/\/blogdoeloiltoncajuhy.com.br\/site\/futuro-governo-benito-retorna-a-bonfim-para-assumir-secretaria-de-financas\/","title":{"rendered":"FUTURO GOVERNO: Benito retorna a Bonfim para assumir Secretaria de Finan\u00e7as"},"content":{"rendered":"<figure id=\"attachment_13533\" aria-describedby=\"caption-attachment-13533\" style=\"width: 384px\" class=\"wp-caption aligncenter\"><a href=\"https:\/\/i0.wp.com\/blogdoeloiltoncajuhy.com.br\/site\/wp-content\/uploads\/2016\/11\/benito-brasileiro-e1479598249893.jpg\"><img data-recalc-dims=\"1\" fetchpriority=\"high\" decoding=\"async\" class=\"wp-image-13533 size-full\" src=\"https:\/\/i0.wp.com\/blogdoeloiltoncajuhy.com.br\/site\/wp-content\/uploads\/2016\/11\/benito-brasileiro-e1479598448612.jpg?resize=384%2C500\" alt=\"benito-brasileiro\" width=\"384\" height=\"500\" \/><\/a><figcaption id=\"caption-attachment-13533\" class=\"wp-caption-text\">Foto: Reprodu\u00e7\u00e3o Facebook<\/figcaption><\/figure>\n<p>Nascido no Distrito de Quic\u00e9, interior de Senhor do Bonfim, Adilson Brasileiro, mais conhecido como Benito, h\u00e1 40 anos mudou-se para a capital baiana, onde participou ativamente de movimentos estudantis e de milit\u00e2ncia pol\u00edtica.<\/p>\n<p>Na d\u00e9cada de 1980, foi candidato a prefeito de Senhor do Bonfim, n\u00e3o obtendo \u00eaxito no pleito municipal da \u00e9poca. Depois disso, permaneceu atuando na pol\u00edtica e na comunica\u00e7\u00e3o visual sendo respons\u00e1vel por uma empresa de outdoor na capital baiana.<\/p>\n<p>A partir da elei\u00e7\u00e3o de Jaques Wagner para o governo do estado, em 2006, passou a trabalhar no gabinete do governador, sendo no momento Assessor Especial de Rui Costa. Agora, Benito vai em busca de novos desafios. Convidado pelo prefeito eleito de Senhor do Bonfim, Carlos Brasileiro, ele vai assumir a secretaria de finan\u00e7as a partir de janeiro de 2017.<\/p>\n<p>Nas redes sociais, Benito postou uma mensagem confirmando seu retorno \u00e0 cidade de Senhor do Bonfim. <strong>Veja:<\/strong><\/p>\n<p><em><strong>&#8220;H\u00e1 quarenta anos vim para Salvador atr\u00e1s de sonhos e fiz da a\u00e7\u00e3o\/milit\u00e2ncia pol\u00edtica meu projeto de vida. Volto agora com a mesma juventude que realizei daqui, para continuar fazendo da\u00ed. O tempo hoje \u00e9 hora de juntar gotas no oceano disperso para n\u00e3o perder a f\u00e9 no homem e no mundo&#8230; Navegar \u00e9 preciso. Viver mais que preciso!&#8221;<\/strong><\/em><\/p>\n<figure id=\"attachment_13534\" aria-describedby=\"caption-attachment-13534\" style=\"width: 480px\" class=\"wp-caption aligncenter\"><a href=\"https:\/\/i0.wp.com\/blogdoeloiltoncajuhy.com.br\/site\/wp-content\/uploads\/2016\/11\/benito-companheiros-e1479598318395.jpg\"><img data-recalc-dims=\"1\" decoding=\"async\" class=\"wp-image-13534 size-full\" src=\"https:\/\/i0.wp.com\/blogdoeloiltoncajuhy.com.br\/site\/wp-content\/uploads\/2016\/11\/benito-companheiros-e1479598318395.jpg?resize=480%2C360\" alt=\"benito-companheiros\" width=\"480\" height=\"360\" \/><\/a><figcaption id=\"caption-attachment-13534\" class=\"wp-caption-text\">Benito (ao fundo) afirma que retorna a Bonfim &#8220;com as b\u00ean\u00e7\u00e3os e agradecimentos dos companheiros Jaques Wagner e Rui Costa (Foto: Arquivo pessoal)<\/figcaption><\/figure>\n<p><em>*BLOG DO ELOILTON CAJUHY<\/em><\/p>\n","protected":false},"excerpt":{"rendered":"<p>Nascido no Distrito de Quic\u00e9, interior de Senhor do Bonfim, Adilson Brasileiro, mais conhecido como Benito, h\u00e1 40 anos mudou-se para a capital baiana, onde participou ativamente de movimentos estudantis e de milit\u00e2ncia pol\u00edtica. Na d\u00e9cada de 1980, foi candidato a prefeito de Senhor do Bonfim, n\u00e3o obtendo \u00eaxito no pleito municipal da \u00e9poca. Depois [&hellip;]<\/p>\n","protected":false},"author":2,"featured_media":13534,"comment_status":"open","ping_status":"open","sticky":false,"template":"","format":"standard","meta":{"_acf_changed":false,"_monsterinsights_skip_tracking":false,"_monsterinsights_sitenote_active":false,"_monsterinsights_sitenote_note":"","_monsterinsights_sitenote_category":0,"_jetpack_memberships_contains_paid_content":false,"footnotes":"","jetpack_publicize_message":"","jetpack_publicize_feature_enabled":true,"jetpack_social_post_already_shared":true,"jetpack_social_options":{"image_generator_settings":{"template":"highway","default_image_id":0,"font":"","enabled":false},"version":2}},"categories":[1,3,4],"tags":[],"class_list":["post-13532","post","type-post","status-publish","format-standard","has-post-thumbnail","hentry","category-noticias","category-politica","category-local"],"acf":[],"jetpack_publicize_connections":[],"jetpack_featured_media_url":"https:\/\/i0.wp.com\/blogdoeloiltoncajuhy.com.br\/site\/wp-content\/uploads\/2016\/11\/benito-companheiros-e1479598318395.jpg?fit=480%2C360&ssl=1","jetpack_sharing_enabled":true,"publishpress_future_workflow_manual_trigger":{"enabledWorkflows":[]},"_links":{"self":[{"href":"https:\/\/blogdoeloiltoncajuhy.com.br\/site\/wp-json\/wp\/v2\/posts\/13532","targetHints":{"allow":["GET"]}}],"collection":[{"href":"https:\/\/blogdoeloiltoncajuhy.com.br\/site\/wp-json\/wp\/v2\/posts"}],"about":[{"href":"https:\/\/blogdoeloiltoncajuhy.com.br\/site\/wp-json\/wp\/v2\/types\/post"}],"author":[{"embeddable":true,"href":"https:\/\/blogdoeloiltoncajuhy.com.br\/site\/wp-json\/wp\/v2\/users\/2"}],"replies":[{"embeddable":true,"href":"https:\/\/blogdoeloiltoncajuhy.com.br\/site\/wp-json\/wp\/v2\/comments?post=13532"}],"version-history":[{"count":1,"href":"https:\/\/blogdoeloiltoncajuhy.com.br\/site\/wp-json\/wp\/v2\/posts\/13532\/revisions"}],"predecessor-version":[{"id":13535,"href":"https:\/\/blogdoeloiltoncajuhy.com.br\/site\/wp-json\/wp\/v2\/posts\/13532\/revisions\/13535"}],"wp:featuredmedia":[{"embeddable":true,"href":"https:\/\/blogdoeloiltoncajuhy.com.br\/site\/wp-json\/wp\/v2\/media\/13534"}],"wp:attachment":[{"href":"https:\/\/blogdoeloiltoncajuhy.com.br\/site\/wp-json\/wp\/v2\/media?parent=13532"}],"wp:term":[{"taxonomy":"category","embeddable":true,"href":"https:\/\/blogdoeloiltoncajuhy.com.br\/site\/wp-json\/wp\/v2\/categories?post=13532"},{"taxonomy":"post_tag","embeddable":true,"href":"https:\/\/blogdoeloiltoncajuhy.com.br\/site\/wp-json\/wp\/v2\/tags?post=13532"}],"curies":[{"name":"wp","href":"https:\/\/api.w.org\/{rel}","templated":true}]}}