{"id":13529,"date":"2016-11-19T14:33:51","date_gmt":"2016-11-19T17:33:51","guid":{"rendered":"http:\/\/blogdoeloiltoncajuhy.com.br\/site\/?p=13529"},"modified":"2016-11-19T14:33:51","modified_gmt":"2016-11-19T17:33:51","slug":"politica-apos-semana-de-contatos-em-salvador-brasileiro-traz-novidades-para-bonfim","status":"publish","type":"post","link":"https:\/\/blogdoeloiltoncajuhy.com.br\/site\/politica-apos-semana-de-contatos-em-salvador-brasileiro-traz-novidades-para-bonfim\/","title":{"rendered":"POL\u00cdTICA: Ap\u00f3s semana de contatos em Salvador,  Brasileiro traz novidades para Bonfim"},"content":{"rendered":"<p><em><strong>*Ascom Carlos Brasileiro<\/strong><\/em><\/p>\n<figure id=\"attachment_13530\" aria-describedby=\"caption-attachment-13530\" style=\"width: 540px\" class=\"wp-caption aligncenter\"><a href=\"https:\/\/i0.wp.com\/blogdoeloiltoncajuhy.com.br\/site\/wp-content\/uploads\/2016\/11\/Brasileiro_Rui_Z%C3%A9-Ant%C3%B4nio-e1479576794818.jpg\"><img data-recalc-dims=\"1\" fetchpriority=\"high\" decoding=\"async\" class=\"wp-image-13530 size-full\" src=\"https:\/\/i0.wp.com\/blogdoeloiltoncajuhy.com.br\/site\/wp-content\/uploads\/2016\/11\/Brasileiro_Rui_Z%C3%A9-Ant%C3%B4nio-e1479576794818.jpg?resize=540%2C360\" alt=\"brasileiro_rui_ze-antonio\" width=\"540\" height=\"360\" \/><\/a><figcaption id=\"caption-attachment-13530\" class=\"wp-caption-text\">Foto: Arquivo\/Ascom Carlos Brasileiro<\/figcaption><\/figure>\n<p>Antes mesmo da posse como prefeito de Senhor do Bonfim, Carlos Brasileiro se mobiliza e j\u00e1 articula diversas conquistas para o munic\u00edpio. Em Salvador, durante esta semana, ele fez v\u00e1rios contatos e esteve reunido com secret\u00e1rios de Estado, diretores de \u00f3rg\u00e3os, parlamentares e com o governador Rui Costa. Sua articula\u00e7\u00e3o resultar\u00e1 em obras, que j\u00e1 ser\u00e3o executadas no in\u00edcio do novo governo.<\/p>\n<p><strong>Estrada de Quic\u00e9 \u2013<\/strong> Em reuni\u00e3o com o secret\u00e1rio estadual de Infraestrutura, Marcus Cavalcanti, este comunicou a Brasileiro a homologa\u00e7\u00e3o do resultado do processo licitat\u00f3rio da pavimenta\u00e7\u00e3o da Estrada de Quic\u00e9, que teve como vencedora a empresa J. Vicente. As obras dever\u00e3o ser iniciadas nesta pr\u00f3xima semana e o secret\u00e1rio dever\u00e1 visitar Bonfim na quarta ou quinta-feira para oficializar os servi\u00e7os. Ser\u00e3o investidos cerca de R$ 8,8 milh\u00f5es pelo Governo do Estado, para pavimenta\u00e7\u00e3o de 18 quil\u00f4metros de via.<\/p>\n<p><strong>Mercado \u2013<\/strong> J\u00e1 o projeto da reforma, adequa\u00e7\u00e3o e amplia\u00e7\u00e3o do Mercado Municipal foi pauta do encontro de Brasileiro com o secret\u00e1rio estadual de Desenvolvimento Rural, Jer\u00f4nimo Rodrigues. O projeto, elaborado pela Companhia de A\u00e7\u00e3o Regional (CAR), ser\u00e1 entregue na pr\u00f3xima ter\u00e7a-feira (22) na Caixa Econ\u00f4mica, para aprova\u00e7\u00e3o e libera\u00e7\u00e3o dos recursos. A obra est\u00e1 or\u00e7ada em R$ 2,5 milh\u00f5es. Brasileiro ainda pediu urg\u00eancia na reforma do Latic\u00ednio de Quic\u00e9 e na constru\u00e7\u00e3o da adutora para levar \u00e1gua aos produtores rurais.<\/p>\n<p><strong>Sudic \u2013<\/strong> Acompanhados do deputado Bob\u00f4; do vice, Jos\u00e9 Antonio; do chefe de Gabinete da Sudesb, Gustavo Miranda; do assessor do Governador, Benito Brasileiro, Brasileiro e o ex-deputado Paulo Braga se reuniram com o diretor-presidente da Superintend\u00eancia de Desenvolvimento Industrial e Comercial (Sudic), Jairo Vaz. Na oportunidade, foi apresentado o projeto b\u00e1sico de implanta\u00e7\u00e3o do Distrito Industrial de Senhor do Bonfim, j\u00e1 autorizado pelo Governo. Ficou acertado que Brasileiro, Paulo Braga, que ser\u00e1 executor do empreendimento, e Eliseu Rios, presidente da CDL, visitar\u00e3o os distritos industriais de Santo Ant\u00f4nio de Jesus, Feira de Santana e Vit\u00f3ria da Conquista para conhecer o modelo de gest\u00e3o.<\/p>\n<p><strong>Sa\u00fade \u2013<\/strong> Durante encontro de alguns prefeitos eleitos com o governador Rui Costa, este pediu a Brasileiro que lidere o processo de implanta\u00e7\u00e3o do Cons\u00f3rcio de Sa\u00fade, para constru\u00e7\u00e3o da Policl\u00ednica da regi\u00e3o, em Bonfim, um projeto or\u00e7ado em R$ 12 milh\u00f5es, e que garantir\u00e1 a oferta de especialidades, como angiologia, cardiologia, gastrenterologia, mastologia, neurologia, entre outras, al\u00e9m de exames complexos, como tomografias, ultrassonografias, endoscopias, ecocardiogramas e Raio X.<\/p>\n<p>Na conversa entre os dois, o governador tamb\u00e9m falou do Cons\u00f3rcio do Territ\u00f3rio do Piemonte, que passar\u00e1 a administrar os equipamentos da unidade do Derba.<\/p>\n","protected":false},"excerpt":{"rendered":"<p>*Ascom Carlos Brasileiro Antes mesmo da posse como prefeito de Senhor do Bonfim, Carlos Brasileiro se mobiliza e j\u00e1 articula diversas conquistas para o munic\u00edpio. Em Salvador, durante esta semana, ele fez v\u00e1rios contatos e esteve reunido com secret\u00e1rios de Estado, diretores de \u00f3rg\u00e3os, parlamentares e com o governador Rui Costa. Sua articula\u00e7\u00e3o resultar\u00e1 em [&hellip;]<\/p>\n","protected":false},"author":2,"featured_media":13530,"comment_status":"open","ping_status":"open","sticky":false,"template":"","format":"standard","meta":{"_acf_changed":false,"_monsterinsights_skip_tracking":false,"_monsterinsights_sitenote_active":false,"_monsterinsights_sitenote_note":"","_monsterinsights_sitenote_category":0,"_jetpack_memberships_contains_paid_content":false,"footnotes":"","jetpack_publicize_message":"","jetpack_publicize_feature_enabled":true,"jetpack_social_post_already_shared":true,"jetpack_social_options":{"image_generator_settings":{"template":"highway","default_image_id":0,"font":"","enabled":false},"version":2}},"categories":[1,3,4],"tags":[],"class_list":["post-13529","post","type-post","status-publish","format-standard","has-post-thumbnail","hentry","category-noticias","category-politica","category-local"],"acf":[],"jetpack_publicize_connections":[],"jetpack_featured_media_url":"https:\/\/i0.wp.com\/blogdoeloiltoncajuhy.com.br\/site\/wp-content\/uploads\/2016\/11\/Brasileiro_Rui_Z%C3%A9-Ant%C3%B4nio-e1479576794818.jpg?fit=540%2C360&ssl=1","jetpack_sharing_enabled":true,"publishpress_future_workflow_manual_trigger":{"enabledWorkflows":[]},"_links":{"self":[{"href":"https:\/\/blogdoeloiltoncajuhy.com.br\/site\/wp-json\/wp\/v2\/posts\/13529","targetHints":{"allow":["GET"]}}],"collection":[{"href":"https:\/\/blogdoeloiltoncajuhy.com.br\/site\/wp-json\/wp\/v2\/posts"}],"about":[{"href":"https:\/\/blogdoeloiltoncajuhy.com.br\/site\/wp-json\/wp\/v2\/types\/post"}],"author":[{"embeddable":true,"href":"https:\/\/blogdoeloiltoncajuhy.com.br\/site\/wp-json\/wp\/v2\/users\/2"}],"replies":[{"embeddable":true,"href":"https:\/\/blogdoeloiltoncajuhy.com.br\/site\/wp-json\/wp\/v2\/comments?post=13529"}],"version-history":[{"count":1,"href":"https:\/\/blogdoeloiltoncajuhy.com.br\/site\/wp-json\/wp\/v2\/posts\/13529\/revisions"}],"predecessor-version":[{"id":13531,"href":"https:\/\/blogdoeloiltoncajuhy.com.br\/site\/wp-json\/wp\/v2\/posts\/13529\/revisions\/13531"}],"wp:featuredmedia":[{"embeddable":true,"href":"https:\/\/blogdoeloiltoncajuhy.com.br\/site\/wp-json\/wp\/v2\/media\/13530"}],"wp:attachment":[{"href":"https:\/\/blogdoeloiltoncajuhy.com.br\/site\/wp-json\/wp\/v2\/media?parent=13529"}],"wp:term":[{"taxonomy":"category","embeddable":true,"href":"https:\/\/blogdoeloiltoncajuhy.com.br\/site\/wp-json\/wp\/v2\/categories?post=13529"},{"taxonomy":"post_tag","embeddable":true,"href":"https:\/\/blogdoeloiltoncajuhy.com.br\/site\/wp-json\/wp\/v2\/tags?post=13529"}],"curies":[{"name":"wp","href":"https:\/\/api.w.org\/{rel}","templated":true}]}}