{"id":13524,"date":"2016-11-19T10:17:38","date_gmt":"2016-11-19T13:17:38","guid":{"rendered":"http:\/\/blogdoeloiltoncajuhy.com.br\/site\/?p=13524"},"modified":"2016-11-19T10:17:38","modified_gmt":"2016-11-19T13:17:38","slug":"seguranca-estabelecimento-e-assaltado-em-itiuba","status":"publish","type":"post","link":"https:\/\/blogdoeloiltoncajuhy.com.br\/site\/seguranca-estabelecimento-e-assaltado-em-itiuba\/","title":{"rendered":"SEGURAN\u00c7A: Estabelecimento \u00e9 assaltado em Iti\u00faba"},"content":{"rendered":"<p><a href=\"https:\/\/i0.wp.com\/blogdoeloiltoncajuhy.com.br\/site\/wp-content\/uploads\/2015\/12\/pol%C3%ADcia.jpg\"><img data-recalc-dims=\"1\" fetchpriority=\"high\" decoding=\"async\" class=\"aligncenter size-full wp-image-6606\" src=\"https:\/\/i0.wp.com\/blogdoeloiltoncajuhy.com.br\/site\/wp-content\/uploads\/2015\/12\/pol%C3%ADcia.jpg?resize=385%2C270\" alt=\"pol\u00edcia\" width=\"385\" height=\"270\" srcset=\"https:\/\/i0.wp.com\/blogdoeloiltoncajuhy.com.br\/site\/wp-content\/uploads\/2015\/12\/pol%C3%ADcia.jpg?w=385&amp;ssl=1 385w, https:\/\/i0.wp.com\/blogdoeloiltoncajuhy.com.br\/site\/wp-content\/uploads\/2015\/12\/pol%C3%ADcia.jpg?resize=300%2C210&amp;ssl=1 300w, https:\/\/i0.wp.com\/blogdoeloiltoncajuhy.com.br\/site\/wp-content\/uploads\/2015\/12\/pol%C3%ADcia.jpg?resize=250%2C175&amp;ssl=1 250w\" sizes=\"(max-width: 385px) 100vw, 385px\" \/><\/a>Um assalto foi registrado por volta das 20h desta desta sexta\u2013feira (18) no Munic\u00edpio de Iti\u00faba. Segundo informa\u00e7\u00f5es do <a href=\"http:\/\/www.cidadeemnoticias.com.br\/v1\/\"><strong>Blog Cidade Em Not\u00edcias<\/strong><\/a>, desta feita a vitima foi o Mercadinho do senhor Ademilton Claro, no Povoado de Sitio dos Mo\u00e7os.<\/p>\n<p>De acordo com o blog, dois elementos armados, ocupando uma moto de dados n\u00e3o anotados, assaltaram o estabelecimento e fugiram em dire\u00e7\u00e3o ao Povoado de Pau Branco.<\/p>\n<p>A policia esteve no local, mas at\u00e9 o momento ningu\u00e9m foi preso.<\/p>\n","protected":false},"excerpt":{"rendered":"<p>Um assalto foi registrado por volta das 20h desta desta sexta\u2013feira (18) no Munic\u00edpio de Iti\u00faba. Segundo informa\u00e7\u00f5es do Blog Cidade Em Not\u00edcias, desta feita a vitima foi o Mercadinho do senhor Ademilton Claro, no Povoado de Sitio dos Mo\u00e7os. De acordo com o blog, dois elementos armados, ocupando uma moto de dados n\u00e3o anotados, [&hellip;]<\/p>\n","protected":false},"author":2,"featured_media":0,"comment_status":"open","ping_status":"open","sticky":false,"template":"","format":"standard","meta":{"_acf_changed":false,"_monsterinsights_skip_tracking":false,"_monsterinsights_sitenote_active":false,"_monsterinsights_sitenote_note":"","_monsterinsights_sitenote_category":0,"_jetpack_memberships_contains_paid_content":false,"footnotes":"","jetpack_publicize_message":"","jetpack_publicize_feature_enabled":true,"jetpack_social_post_already_shared":true,"jetpack_social_options":{"image_generator_settings":{"template":"highway","default_image_id":0,"font":"","enabled":false},"version":2}},"categories":[5,1,11],"tags":[],"class_list":["post-13524","post","type-post","status-publish","format-standard","hentry","category-cotidiano","category-noticias","category-regional"],"acf":[],"jetpack_publicize_connections":[],"jetpack_featured_media_url":"","jetpack_sharing_enabled":true,"publishpress_future_workflow_manual_trigger":{"enabledWorkflows":[]},"_links":{"self":[{"href":"https:\/\/blogdoeloiltoncajuhy.com.br\/site\/wp-json\/wp\/v2\/posts\/13524","targetHints":{"allow":["GET"]}}],"collection":[{"href":"https:\/\/blogdoeloiltoncajuhy.com.br\/site\/wp-json\/wp\/v2\/posts"}],"about":[{"href":"https:\/\/blogdoeloiltoncajuhy.com.br\/site\/wp-json\/wp\/v2\/types\/post"}],"author":[{"embeddable":true,"href":"https:\/\/blogdoeloiltoncajuhy.com.br\/site\/wp-json\/wp\/v2\/users\/2"}],"replies":[{"embeddable":true,"href":"https:\/\/blogdoeloiltoncajuhy.com.br\/site\/wp-json\/wp\/v2\/comments?post=13524"}],"version-history":[{"count":1,"href":"https:\/\/blogdoeloiltoncajuhy.com.br\/site\/wp-json\/wp\/v2\/posts\/13524\/revisions"}],"predecessor-version":[{"id":13525,"href":"https:\/\/blogdoeloiltoncajuhy.com.br\/site\/wp-json\/wp\/v2\/posts\/13524\/revisions\/13525"}],"wp:attachment":[{"href":"https:\/\/blogdoeloiltoncajuhy.com.br\/site\/wp-json\/wp\/v2\/media?parent=13524"}],"wp:term":[{"taxonomy":"category","embeddable":true,"href":"https:\/\/blogdoeloiltoncajuhy.com.br\/site\/wp-json\/wp\/v2\/categories?post=13524"},{"taxonomy":"post_tag","embeddable":true,"href":"https:\/\/blogdoeloiltoncajuhy.com.br\/site\/wp-json\/wp\/v2\/tags?post=13524"}],"curies":[{"name":"wp","href":"https:\/\/api.w.org\/{rel}","templated":true}]}}