{"id":13521,"date":"2016-11-19T10:07:21","date_gmt":"2016-11-19T13:07:21","guid":{"rendered":"http:\/\/blogdoeloiltoncajuhy.com.br\/site\/?p=13521"},"modified":"2016-11-19T10:07:21","modified_gmt":"2016-11-19T13:07:21","slug":"opiniao-calero-deixa-a-cultura-atirando-contra-geddel-acusacao-e-grave-e-governo-esta-obrigado-a-dar-uma-resposta","status":"publish","type":"post","link":"https:\/\/blogdoeloiltoncajuhy.com.br\/site\/opiniao-calero-deixa-a-cultura-atirando-contra-geddel-acusacao-e-grave-e-governo-esta-obrigado-a-dar-uma-resposta\/","title":{"rendered":"OPINI\u00c3O &#8211; Calero deixa a Cultura atirando contra Geddel; acusa\u00e7\u00e3o \u00e9 grave, e governo est\u00e1 obrigado a dar uma resposta"},"content":{"rendered":"<p style=\"text-align: center;\"><em><strong>Segundo o ministro que sai, aquele que fica o pressionou a ignorar um parecer t\u00e9cnico do Iphan tendo como principal argumento o interesse pessoal<\/strong><\/em><\/p>\n<p style=\"text-align: left;\"><a href=\"https:\/\/i0.wp.com\/blogdoeloiltoncajuhy.com.br\/site\/wp-content\/uploads\/2016\/11\/calero-gedel.jpg\"><img data-recalc-dims=\"1\" fetchpriority=\"high\" decoding=\"async\" class=\"aligncenter size-full wp-image-13522\" src=\"https:\/\/i0.wp.com\/blogdoeloiltoncajuhy.com.br\/site\/wp-content\/uploads\/2016\/11\/calero-gedel.jpg?resize=500%2C295\" alt=\"calero-gedel\" width=\"500\" height=\"295\" srcset=\"https:\/\/i0.wp.com\/blogdoeloiltoncajuhy.com.br\/site\/wp-content\/uploads\/2016\/11\/calero-gedel.jpg?w=500&amp;ssl=1 500w, https:\/\/i0.wp.com\/blogdoeloiltoncajuhy.com.br\/site\/wp-content\/uploads\/2016\/11\/calero-gedel.jpg?resize=300%2C177&amp;ssl=1 300w, https:\/\/i0.wp.com\/blogdoeloiltoncajuhy.com.br\/site\/wp-content\/uploads\/2016\/11\/calero-gedel.jpg?resize=250%2C148&amp;ssl=1 250w\" sizes=\"(max-width: 500px) 100vw, 500px\" \/><\/a>As pol\u00eamicas todas que envolveram Marcelo Calero, j\u00e1 ex-ministro da Cultura, eram irrelevantes e tinham, na verdade, uma raiz ideol\u00f3gica. A pasta lida com artistas, grupo em que se encontram as pessoas mais, como posso dizer?, \u201cmobilizadas\u201d politicamente. A pena que a gente sente \u00e9 que a ignor\u00e2ncia espec\u00edfica da turma costuma ser proporcional \u00e0s suas cren\u00e7as gen\u00e9ricas.<\/p>\n<p style=\"text-align: left;\">Calero, ent\u00e3o, levou uma vaia aqui, outra ali; ouviu alguns gritinhos de \u201cgolpista\u201d e tal. Ah, sim! Houve tamb\u00e9m a important\u00edssima quest\u00e3o da vaquejada\u2026 Seria ou n\u00e3o uma \u201cmanifesta\u00e7\u00e3o da cultura nacional\u201d?<\/p>\n<p style=\"text-align: left;\">H\u00e1 assuntos a que a pregui\u00e7a existencial me impede de chegar. Nem deu tempo de saber se Calero funcionaria ou n\u00e3o na pasta. Fez um bom trabalho no Rio quando secret\u00e1rio da \u00e1rea e \u00e9 um homem inteligente e educado. Mas est\u00e1 fora. Por que raz\u00e3o?<\/p>\n<p style=\"text-align: left;\">N\u00e3o havendo outro motivo conhecido, devemos levar a s\u00e9rio o que diz: o motivo principal foi um desentendimento com Geddel Vieira Lima (Secretaria de Governo), que n\u00e3o \u00e9 conhecido por ser muito tolerante com quem n\u00e3o faz o que ele quer. Tamb\u00e9m \u00e9 not\u00f3ria a sua, digamos, \u201cassertividade\u201d, que mais de uma pessoa j\u00e1 definiu, e o ministro que sai tamb\u00e9m o faz, como trucul\u00eancia. O caso \u00e9 grave, sim.<\/p>\n<p style=\"text-align: left;\">Segundo Calero, Geddel queria que o Iphan (Instituto do Patrim\u00f4nio Hist\u00f3rico e Art\u00edstico Nacional), \u00f3rg\u00e3o subordinado \u00e0 Cultura, aprovasse um projeto imobili\u00e1rio chamado \u201cLa Vue Ladeira da Barra\u201d, nos arredores de uma \u00e1rea tombada em Salvador, base pol\u00edtica de Geddel. A abordagem, inicialmente, teria assumido a roupagem de interesse social e econ\u00f4mico. Mais adiante, Geddel teria revelado: havia comprado um apartamento do empreendimento. Assim, cuidava tamb\u00e9m do pr\u00f3prio interesse.<\/p>\n<p style=\"text-align: left;\">O Iphan da Bahia, controlado por Geddel, havia liberado o empreendimento, mas o Iphan nacional acabou vetando, ao menos na forma planejada pela empreiteira. A torre de 30 andares teria de ser reduzida para 13. Segundo Calero, o titular da Secretaria de Governo usou, ent\u00e3o, um argumento de impressionante rigor t\u00e9cnico: \u201cJ\u00e1 me disseram que o Iphan vai determinar a diminui\u00e7\u00e3o dos andares. E eu, que comprei um andar alto, como \u00e9 que eu fico? E as fam\u00edlias que compraram aqueles im\u00f3veis? Eu comprei com a maior dificuldade com a minha mulher\u201d.<\/p>\n<p style=\"text-align: left;\">Pois \u00e9\u2026 A press\u00e3o de Geddel teria chegado at\u00e9 a presidente do Iphan, K\u00e1tia Bog\u00e9a. Relata Calero \u00e0 Folha:\u00a0<em>\u201cEu chamei a K\u00e1tia e falei o que estava acontecendo, mas disse que, ao contr\u00e1rio do que ele pediu, eu queria uma solu\u00e7\u00e3o t\u00e9cnica. <\/em><\/p>\n<p style=\"text-align: left;\"><em>Uma preocupa\u00e7\u00e3o que eu tive foi a seguinte: eu sou um cidad\u00e3o de classe m\u00e9dia, servidor p\u00fablico, diplomata de carreira. O \u00fanico bem relevante que eu tenho na minha vida \u00e9 a minha reputa\u00e7\u00e3o, a minha honra. Fiquei extremamente preocupado de eu estar sendo gravado e, no final das contas, eu poder estar enrolado \u2014imagina!\u2014 com interesse imobili\u00e1rio de Geddel Vieira Lima na Bahia. Pelo amor de Deus! <\/em><\/p>\n<p style=\"text-align: left;\"><em>Fiquei preocupado de estar diante de uma prevarica\u00e7\u00e3o minha, podia estar diante de uma advocacia administrativa, para dizer o m\u00ednimo. Pensei em procurar o Minist\u00e9rio P\u00fablico, a PF. Depois de conversar com K\u00e1tia, fui ao ministro Geddel, com quem eu tinha um despacho, e ele falou que o pleito dele era plaus\u00edvel e eu dizia: \u201cVamos ver\u201d e que a decis\u00e3o seria t\u00e9cnica. <\/em><\/p>\n<p style=\"text-align: left;\"><em>Depois disso, eu disse para a K\u00e1tia: \u201cTome a decis\u00e3o que tiver de tomar. Se eu perder o meu cargo por isso, n\u00e3o h\u00e1 problema. Eu saio. Eu s\u00f3 n\u00e3o quero meu nome envolvido em lama, em suspeita, qualquer que seja, de que qualquer agente p\u00fablico possa ser supostamente beneficiado pelo fato de que ele exerce press\u00e3o sobre mim\u201d.<\/em><\/p>\n<p style=\"text-align: left;\"><strong>Governo tem de se pronunciar<\/strong><\/p>\n<p style=\"text-align: left;\">A acusa\u00e7\u00e3o \u00e9 grave, sim, e o governo tem de se pronunciar. Algu\u00e9m poder\u00e1 objetar que diverg\u00eancias sobre um projeto imobili\u00e1rio na Bahia n\u00e3o t\u00eam tanta import\u00e2ncia. Errado! O ministro que sai est\u00e1 acusando aquele que fica \u2014 tido como homem forte da \u00e1rea pol\u00edtica \u2014 de exigir que se ignore um parecer t\u00e9cnico em nome de uma conveni\u00eancia que nem chega a ser pol\u00edtica: \u00e9 apenas pessoal.\u00a0N\u00e3o pode ficar assim.<\/p>\n<p style=\"text-align: left;\"><em>*BLOG\u00a0REINALDO AZEVEDO<\/em><\/p>\n","protected":false},"excerpt":{"rendered":"<p>Segundo o ministro que sai, aquele que fica o pressionou a ignorar um parecer t\u00e9cnico do Iphan tendo como principal argumento o interesse pessoal As pol\u00eamicas todas que envolveram Marcelo Calero, j\u00e1 ex-ministro da Cultura, eram irrelevantes e tinham, na verdade, uma raiz ideol\u00f3gica. A pasta lida com artistas, grupo em que se encontram as [&hellip;]<\/p>\n","protected":false},"author":2,"featured_media":13522,"comment_status":"open","ping_status":"open","sticky":false,"template":"","format":"standard","meta":{"_acf_changed":false,"_monsterinsights_skip_tracking":false,"_monsterinsights_sitenote_active":false,"_monsterinsights_sitenote_note":"","_monsterinsights_sitenote_category":0,"_jetpack_memberships_contains_paid_content":false,"footnotes":"","jetpack_publicize_message":"","jetpack_publicize_feature_enabled":true,"jetpack_social_post_already_shared":true,"jetpack_social_options":{"image_generator_settings":{"template":"highway","default_image_id":0,"font":"","enabled":false},"version":2}},"categories":[1,3],"tags":[],"class_list":["post-13521","post","type-post","status-publish","format-standard","has-post-thumbnail","hentry","category-noticias","category-politica"],"acf":[],"jetpack_publicize_connections":[],"jetpack_featured_media_url":"https:\/\/i0.wp.com\/blogdoeloiltoncajuhy.com.br\/site\/wp-content\/uploads\/2016\/11\/calero-gedel.jpg?fit=500%2C295&ssl=1","jetpack_sharing_enabled":true,"publishpress_future_workflow_manual_trigger":{"enabledWorkflows":[]},"_links":{"self":[{"href":"https:\/\/blogdoeloiltoncajuhy.com.br\/site\/wp-json\/wp\/v2\/posts\/13521","targetHints":{"allow":["GET"]}}],"collection":[{"href":"https:\/\/blogdoeloiltoncajuhy.com.br\/site\/wp-json\/wp\/v2\/posts"}],"about":[{"href":"https:\/\/blogdoeloiltoncajuhy.com.br\/site\/wp-json\/wp\/v2\/types\/post"}],"author":[{"embeddable":true,"href":"https:\/\/blogdoeloiltoncajuhy.com.br\/site\/wp-json\/wp\/v2\/users\/2"}],"replies":[{"embeddable":true,"href":"https:\/\/blogdoeloiltoncajuhy.com.br\/site\/wp-json\/wp\/v2\/comments?post=13521"}],"version-history":[{"count":1,"href":"https:\/\/blogdoeloiltoncajuhy.com.br\/site\/wp-json\/wp\/v2\/posts\/13521\/revisions"}],"predecessor-version":[{"id":13523,"href":"https:\/\/blogdoeloiltoncajuhy.com.br\/site\/wp-json\/wp\/v2\/posts\/13521\/revisions\/13523"}],"wp:featuredmedia":[{"embeddable":true,"href":"https:\/\/blogdoeloiltoncajuhy.com.br\/site\/wp-json\/wp\/v2\/media\/13522"}],"wp:attachment":[{"href":"https:\/\/blogdoeloiltoncajuhy.com.br\/site\/wp-json\/wp\/v2\/media?parent=13521"}],"wp:term":[{"taxonomy":"category","embeddable":true,"href":"https:\/\/blogdoeloiltoncajuhy.com.br\/site\/wp-json\/wp\/v2\/categories?post=13521"},{"taxonomy":"post_tag","embeddable":true,"href":"https:\/\/blogdoeloiltoncajuhy.com.br\/site\/wp-json\/wp\/v2\/tags?post=13521"}],"curies":[{"name":"wp","href":"https:\/\/api.w.org\/{rel}","templated":true}]}}