{"id":13510,"date":"2016-11-18T21:59:07","date_gmt":"2016-11-19T00:59:07","guid":{"rendered":"http:\/\/blogdoeloiltoncajuhy.com.br\/site\/?p=13510"},"modified":"2016-11-18T21:59:07","modified_gmt":"2016-11-19T00:59:07","slug":"manifestantes-deixam-sede-da-embasa-de-bonfim-apos-acordo-com-orgaos-do-governo","status":"publish","type":"post","link":"https:\/\/blogdoeloiltoncajuhy.com.br\/site\/manifestantes-deixam-sede-da-embasa-de-bonfim-apos-acordo-com-orgaos-do-governo\/","title":{"rendered":"Manifestantes deixam sede da Embasa de Bonfim ap\u00f3s acordo com \u00f3rg\u00e3os do Governo"},"content":{"rendered":"<p><a href=\"https:\/\/i0.wp.com\/blogdoeloiltoncajuhy.com.br\/site\/wp-content\/uploads\/2015\/05\/EMBASA-SR.jpg\"><img data-recalc-dims=\"1\" fetchpriority=\"high\" decoding=\"async\" class=\"aligncenter size-full wp-image-908\" src=\"https:\/\/i0.wp.com\/blogdoeloiltoncajuhy.com.br\/site\/wp-content\/uploads\/2015\/05\/EMBASA-SR.jpg?resize=550%2C300\" alt=\"EMBASA SR\" width=\"550\" height=\"300\" srcset=\"https:\/\/i0.wp.com\/blogdoeloiltoncajuhy.com.br\/site\/wp-content\/uploads\/2015\/05\/EMBASA-SR.jpg?w=550&amp;ssl=1 550w, https:\/\/i0.wp.com\/blogdoeloiltoncajuhy.com.br\/site\/wp-content\/uploads\/2015\/05\/EMBASA-SR.jpg?resize=300%2C164&amp;ssl=1 300w, https:\/\/i0.wp.com\/blogdoeloiltoncajuhy.com.br\/site\/wp-content\/uploads\/2015\/05\/EMBASA-SR.jpg?resize=250%2C136&amp;ssl=1 250w\" sizes=\"(max-width: 550px) 100vw, 550px\" \/><\/a>A Embasa informa que foi encerrada, na da tarde de hoje (18), a ocupa\u00e7\u00e3o da sede regional da empresa em Senhor do Bonfim por manifestantes do Movimento dos Pequenos Agricultores (MPA), que havia sido iniciada na quarta-feira (16).<\/p>\n<p>O t\u00e9rmino da ocupa\u00e7\u00e3o ocorreu depois de uma reuni\u00e3o de negocia\u00e7\u00e3o realizada em Salvador, na manh\u00e3 desta sexta-feira, com representantes do MPA, da Embasa, da Secretaria de Infraestrutura H\u00eddrica e Saneamento (SIHS), da Secretaria de Desenvolvimento Rural (SDR), e da Secretaria de Rela\u00e7\u00f5es Institucionais (SERIN).<\/p>\n<p>O movimento demanda uma s\u00e9rie de a\u00e7\u00f5es de extens\u00e3o de rede para levar \u00e1gua a localidades rurais da regi\u00e3o. Uma nova reuni\u00e3o foi marcada para o dia 5 de dezembro, para definir quais dessas demandas poder\u00e3o ser atendidas, considerando sua viabilidade t\u00e9cnica e a disponibilidade or\u00e7ament\u00e1ria do Estado.<\/p>\n<p><em><strong>*Assessoria de Comunica\u00e7\u00e3o da Embasa<\/strong><\/em><br \/>\n<em><strong>(74) 3541-8400<\/strong><\/em><\/p>\n","protected":false},"excerpt":{"rendered":"<p>A Embasa informa que foi encerrada, na da tarde de hoje (18), a ocupa\u00e7\u00e3o da sede regional da empresa em Senhor do Bonfim por manifestantes do Movimento dos Pequenos Agricultores (MPA), que havia sido iniciada na quarta-feira (16). O t\u00e9rmino da ocupa\u00e7\u00e3o ocorreu depois de uma reuni\u00e3o de negocia\u00e7\u00e3o realizada em Salvador, na manh\u00e3 desta [&hellip;]<\/p>\n","protected":false},"author":2,"featured_media":0,"comment_status":"open","ping_status":"open","sticky":false,"template":"","format":"standard","meta":{"_acf_changed":false,"_monsterinsights_skip_tracking":false,"_monsterinsights_sitenote_active":false,"_monsterinsights_sitenote_note":"","_monsterinsights_sitenote_category":0,"_jetpack_memberships_contains_paid_content":false,"footnotes":"","jetpack_publicize_message":"","jetpack_publicize_feature_enabled":true,"jetpack_social_post_already_shared":true,"jetpack_social_options":{"image_generator_settings":{"template":"highway","default_image_id":0,"font":"","enabled":false},"version":2}},"categories":[5,1,4],"tags":[],"class_list":["post-13510","post","type-post","status-publish","format-standard","hentry","category-cotidiano","category-noticias","category-local"],"acf":[],"jetpack_publicize_connections":[],"jetpack_featured_media_url":"","jetpack_sharing_enabled":true,"publishpress_future_workflow_manual_trigger":{"enabledWorkflows":[]},"_links":{"self":[{"href":"https:\/\/blogdoeloiltoncajuhy.com.br\/site\/wp-json\/wp\/v2\/posts\/13510","targetHints":{"allow":["GET"]}}],"collection":[{"href":"https:\/\/blogdoeloiltoncajuhy.com.br\/site\/wp-json\/wp\/v2\/posts"}],"about":[{"href":"https:\/\/blogdoeloiltoncajuhy.com.br\/site\/wp-json\/wp\/v2\/types\/post"}],"author":[{"embeddable":true,"href":"https:\/\/blogdoeloiltoncajuhy.com.br\/site\/wp-json\/wp\/v2\/users\/2"}],"replies":[{"embeddable":true,"href":"https:\/\/blogdoeloiltoncajuhy.com.br\/site\/wp-json\/wp\/v2\/comments?post=13510"}],"version-history":[{"count":1,"href":"https:\/\/blogdoeloiltoncajuhy.com.br\/site\/wp-json\/wp\/v2\/posts\/13510\/revisions"}],"predecessor-version":[{"id":13511,"href":"https:\/\/blogdoeloiltoncajuhy.com.br\/site\/wp-json\/wp\/v2\/posts\/13510\/revisions\/13511"}],"wp:attachment":[{"href":"https:\/\/blogdoeloiltoncajuhy.com.br\/site\/wp-json\/wp\/v2\/media?parent=13510"}],"wp:term":[{"taxonomy":"category","embeddable":true,"href":"https:\/\/blogdoeloiltoncajuhy.com.br\/site\/wp-json\/wp\/v2\/categories?post=13510"},{"taxonomy":"post_tag","embeddable":true,"href":"https:\/\/blogdoeloiltoncajuhy.com.br\/site\/wp-json\/wp\/v2\/tags?post=13510"}],"curies":[{"name":"wp","href":"https:\/\/api.w.org\/{rel}","templated":true}]}}