{"id":13504,"date":"2016-11-18T21:46:32","date_gmt":"2016-11-19T00:46:32","guid":{"rendered":"http:\/\/blogdoeloiltoncajuhy.com.br\/site\/?p=13504"},"modified":"2016-11-18T21:46:32","modified_gmt":"2016-11-19T00:46:32","slug":"bonfim-mais-um-dia-de-proerd-luz-camera-acao","status":"publish","type":"post","link":"https:\/\/blogdoeloiltoncajuhy.com.br\/site\/bonfim-mais-um-dia-de-proerd-luz-camera-acao\/","title":{"rendered":"BONFIM: Mais um dia de PROERD. Luz, c\u00e2mera, a\u00e7\u00e3o&#8230;!"},"content":{"rendered":"<p><a href=\"https:\/\/i0.wp.com\/blogdoeloiltoncajuhy.com.br\/site\/wp-content\/uploads\/2016\/11\/proerd-bonfim1.jpg\"><img data-recalc-dims=\"1\" fetchpriority=\"high\" decoding=\"async\" class=\"aligncenter size-full wp-image-13505\" src=\"https:\/\/i0.wp.com\/blogdoeloiltoncajuhy.com.br\/site\/wp-content\/uploads\/2016\/11\/proerd-bonfim1.jpg?resize=500%2C363\" alt=\"proerd-bonfim1\" width=\"500\" height=\"363\" srcset=\"https:\/\/i0.wp.com\/blogdoeloiltoncajuhy.com.br\/site\/wp-content\/uploads\/2016\/11\/proerd-bonfim1.jpg?w=500&amp;ssl=1 500w, https:\/\/i0.wp.com\/blogdoeloiltoncajuhy.com.br\/site\/wp-content\/uploads\/2016\/11\/proerd-bonfim1.jpg?resize=300%2C218&amp;ssl=1 300w, https:\/\/i0.wp.com\/blogdoeloiltoncajuhy.com.br\/site\/wp-content\/uploads\/2016\/11\/proerd-bonfim1.jpg?resize=250%2C182&amp;ssl=1 250w\" sizes=\"(max-width: 500px) 100vw, 500px\" \/><\/a>O Programa Educacional de Resist\u00eancia \u00e0s Drogas e \u00e0 Viol\u00eancia (PROERD) do 6\u00ba Batalh\u00e3o de Pol\u00edcia Militar, formou 278 alunos de 11\u00a0escolas particulares, na tarde desta quinta-feira (17), no Centro Diocesano, em de Senhor do Bonfim.<\/p>\n<p>Na solenidade, ao som de bel\u00edssimas execu\u00e7\u00f5es da Companhia Filarm\u00f4nica do 6\u00ba BPM, estavam presentes o Capit\u00e3o PM Lizandro Santos do Ros\u00e1rio, representando o Comando do 6\u00ba BPM, Caio Martins, representando o Prefeito Dr. Correia, entre outras autoridades civis e militares, al\u00e9m de diretores das escolas e familiares dos alunos.<\/p>\n<p><a href=\"https:\/\/i0.wp.com\/blogdoeloiltoncajuhy.com.br\/site\/wp-content\/uploads\/2016\/11\/proerd-bonfim2.jpg\"><img data-recalc-dims=\"1\" decoding=\"async\" class=\"aligncenter size-full wp-image-13506\" src=\"https:\/\/i0.wp.com\/blogdoeloiltoncajuhy.com.br\/site\/wp-content\/uploads\/2016\/11\/proerd-bonfim2.jpg?resize=500%2C375\" alt=\"proerd-bonfim2\" width=\"500\" height=\"375\" srcset=\"https:\/\/i0.wp.com\/blogdoeloiltoncajuhy.com.br\/site\/wp-content\/uploads\/2016\/11\/proerd-bonfim2.jpg?w=500&amp;ssl=1 500w, https:\/\/i0.wp.com\/blogdoeloiltoncajuhy.com.br\/site\/wp-content\/uploads\/2016\/11\/proerd-bonfim2.jpg?resize=300%2C225&amp;ssl=1 300w, https:\/\/i0.wp.com\/blogdoeloiltoncajuhy.com.br\/site\/wp-content\/uploads\/2016\/11\/proerd-bonfim2.jpg?resize=250%2C188&amp;ssl=1 250w\" sizes=\"(max-width: 500px) 100vw, 500px\" \/><\/a>Alunos premiados fizeram a leitura das melhores reda\u00e7\u00f5es sobre o programa, em que diziam: \u201ctudo que aprendi vou utilizar para ficar longe das drogas\u201d; \u201cadorei conhecer o programa e quero agradecer a minha professora por me ensinar tantas coisas sobre como evitar as drogas e o bullying\u201d.<\/p>\n<p><a href=\"https:\/\/i0.wp.com\/blogdoeloiltoncajuhy.com.br\/site\/wp-content\/uploads\/2016\/11\/proerd-bonfim3.jpg\"><img data-recalc-dims=\"1\" decoding=\"async\" class=\"aligncenter size-full wp-image-13507\" src=\"https:\/\/i0.wp.com\/blogdoeloiltoncajuhy.com.br\/site\/wp-content\/uploads\/2016\/11\/proerd-bonfim3.jpg?resize=500%2C372\" alt=\"proerd-bonfim3\" width=\"500\" height=\"372\" srcset=\"https:\/\/i0.wp.com\/blogdoeloiltoncajuhy.com.br\/site\/wp-content\/uploads\/2016\/11\/proerd-bonfim3.jpg?w=500&amp;ssl=1 500w, https:\/\/i0.wp.com\/blogdoeloiltoncajuhy.com.br\/site\/wp-content\/uploads\/2016\/11\/proerd-bonfim3.jpg?resize=300%2C223&amp;ssl=1 300w, https:\/\/i0.wp.com\/blogdoeloiltoncajuhy.com.br\/site\/wp-content\/uploads\/2016\/11\/proerd-bonfim3.jpg?resize=250%2C186&amp;ssl=1 250w\" sizes=\"(max-width: 500px) 100vw, 500px\" \/><\/a>O PROERD foi criado pelo Departamento de Pol\u00edcia de Los Angeles, nos Estados Unidos, implantado no Brasil em 1992 e, em 2003, foi iniciado na Pol\u00edcia Militar da Bahia. O programa utiliza t\u00e9cnicas de ensino, li\u00e7\u00f5es planejadas, com professores treinados para orientar crian\u00e7as e pais sobre as quest\u00f5es das drogas e da viol\u00eancia.<\/p>\n<p><strong>PMBA e Comunidade na Corrente do Bem!<\/strong><\/p>\n<p><em><a href=\"https:\/\/i0.wp.com\/blogdoeloiltoncajuhy.com.br\/site\/wp-content\/uploads\/2016\/11\/proerd-bonfim4.jpg\"><img data-recalc-dims=\"1\" loading=\"lazy\" decoding=\"async\" class=\"aligncenter size-full wp-image-13508\" src=\"https:\/\/i0.wp.com\/blogdoeloiltoncajuhy.com.br\/site\/wp-content\/uploads\/2016\/11\/proerd-bonfim4.jpg?resize=500%2C379\" alt=\"proerd-bonfim4\" width=\"500\" height=\"379\" srcset=\"https:\/\/i0.wp.com\/blogdoeloiltoncajuhy.com.br\/site\/wp-content\/uploads\/2016\/11\/proerd-bonfim4.jpg?w=500&amp;ssl=1 500w, https:\/\/i0.wp.com\/blogdoeloiltoncajuhy.com.br\/site\/wp-content\/uploads\/2016\/11\/proerd-bonfim4.jpg?resize=300%2C227&amp;ssl=1 300w, https:\/\/i0.wp.com\/blogdoeloiltoncajuhy.com.br\/site\/wp-content\/uploads\/2016\/11\/proerd-bonfim4.jpg?resize=250%2C190&amp;ssl=1 250w\" sizes=\"(max-width: 500px) 100vw, 500px\" \/><\/a>*Pol\u00edcia Militar da Bahia \/\u00a06\u00ba Batalh\u00e3o de Pol\u00edcia Militar \/\u00a0Se\u00e7\u00e3o de Comunica\u00e7\u00e3o Social<\/em><\/p>\n","protected":false},"excerpt":{"rendered":"<p>O Programa Educacional de Resist\u00eancia \u00e0s Drogas e \u00e0 Viol\u00eancia (PROERD) do 6\u00ba Batalh\u00e3o de Pol\u00edcia Militar, formou 278 alunos de 11\u00a0escolas particulares, na tarde desta quinta-feira (17), no Centro Diocesano, em de Senhor do Bonfim. Na solenidade, ao som de bel\u00edssimas execu\u00e7\u00f5es da Companhia Filarm\u00f4nica do 6\u00ba BPM, estavam presentes o Capit\u00e3o PM Lizandro [&hellip;]<\/p>\n","protected":false},"author":2,"featured_media":13508,"comment_status":"open","ping_status":"open","sticky":false,"template":"","format":"standard","meta":{"_acf_changed":false,"_monsterinsights_skip_tracking":false,"_monsterinsights_sitenote_active":false,"_monsterinsights_sitenote_note":"","_monsterinsights_sitenote_category":0,"_jetpack_memberships_contains_paid_content":false,"footnotes":"","jetpack_publicize_message":"","jetpack_publicize_feature_enabled":true,"jetpack_social_post_already_shared":true,"jetpack_social_options":{"image_generator_settings":{"template":"highway","default_image_id":0,"font":"","enabled":false},"version":2}},"categories":[1,4],"tags":[],"class_list":["post-13504","post","type-post","status-publish","format-standard","has-post-thumbnail","hentry","category-noticias","category-local"],"acf":[],"jetpack_publicize_connections":[],"jetpack_featured_media_url":"https:\/\/i0.wp.com\/blogdoeloiltoncajuhy.com.br\/site\/wp-content\/uploads\/2016\/11\/proerd-bonfim4.jpg?fit=500%2C379&ssl=1","jetpack_sharing_enabled":true,"publishpress_future_workflow_manual_trigger":{"enabledWorkflows":[]},"_links":{"self":[{"href":"https:\/\/blogdoeloiltoncajuhy.com.br\/site\/wp-json\/wp\/v2\/posts\/13504","targetHints":{"allow":["GET"]}}],"collection":[{"href":"https:\/\/blogdoeloiltoncajuhy.com.br\/site\/wp-json\/wp\/v2\/posts"}],"about":[{"href":"https:\/\/blogdoeloiltoncajuhy.com.br\/site\/wp-json\/wp\/v2\/types\/post"}],"author":[{"embeddable":true,"href":"https:\/\/blogdoeloiltoncajuhy.com.br\/site\/wp-json\/wp\/v2\/users\/2"}],"replies":[{"embeddable":true,"href":"https:\/\/blogdoeloiltoncajuhy.com.br\/site\/wp-json\/wp\/v2\/comments?post=13504"}],"version-history":[{"count":1,"href":"https:\/\/blogdoeloiltoncajuhy.com.br\/site\/wp-json\/wp\/v2\/posts\/13504\/revisions"}],"predecessor-version":[{"id":13509,"href":"https:\/\/blogdoeloiltoncajuhy.com.br\/site\/wp-json\/wp\/v2\/posts\/13504\/revisions\/13509"}],"wp:featuredmedia":[{"embeddable":true,"href":"https:\/\/blogdoeloiltoncajuhy.com.br\/site\/wp-json\/wp\/v2\/media\/13508"}],"wp:attachment":[{"href":"https:\/\/blogdoeloiltoncajuhy.com.br\/site\/wp-json\/wp\/v2\/media?parent=13504"}],"wp:term":[{"taxonomy":"category","embeddable":true,"href":"https:\/\/blogdoeloiltoncajuhy.com.br\/site\/wp-json\/wp\/v2\/categories?post=13504"},{"taxonomy":"post_tag","embeddable":true,"href":"https:\/\/blogdoeloiltoncajuhy.com.br\/site\/wp-json\/wp\/v2\/tags?post=13504"}],"curies":[{"name":"wp","href":"https:\/\/api.w.org\/{rel}","templated":true}]}}