{"id":13500,"date":"2016-11-18T09:24:41","date_gmt":"2016-11-18T12:24:41","guid":{"rendered":"http:\/\/blogdoeloiltoncajuhy.com.br\/site\/?p=13500"},"modified":"2016-11-18T09:24:41","modified_gmt":"2016-11-18T12:24:41","slug":"bonfim-acoes-do-6o-bpm","status":"publish","type":"post","link":"https:\/\/blogdoeloiltoncajuhy.com.br\/site\/bonfim-acoes-do-6o-bpm\/","title":{"rendered":"BONFIM: A\u00e7\u00f5es do 6\u00ba BPM"},"content":{"rendered":"<p><strong><a href=\"https:\/\/i0.wp.com\/blogdoeloiltoncajuhy.com.br\/site\/wp-content\/uploads\/2016\/11\/pm-ba-e1479471871272.jpg\"><img data-recalc-dims=\"1\" fetchpriority=\"high\" decoding=\"async\" class=\"aligncenter size-full wp-image-13501\" src=\"https:\/\/i0.wp.com\/blogdoeloiltoncajuhy.com.br\/site\/wp-content\/uploads\/2016\/11\/pm-ba-e1479471871272.jpg?resize=500%2C281\" alt=\"pm-ba\" width=\"500\" height=\"281\" \/><\/a>6\u00ba BPM APREENDE ADOLESCENTE POR ROUBO E PORTE DE ARMA DE FOGO<\/strong><\/p>\n<p>Na zona rural do Munic\u00edpio de Iti\u00faba, Povoado de Piaus, nesta quinta-feira (17), \u00e0s 10h20, policiais da 2\u00aa Companhia do 6\u00ba Batalh\u00e3o de Pol\u00edcia Militar apreenderam um adolescente de 17 anos por roubar uma moto Factor YBR 125, de cor preta, portando um rifle.<\/p>\n<p><strong>POLICIAIS DO 6\u00ba BPM REALIZAM PRIS\u00c3O POR RECEPTA\u00c7\u00c3O<\/strong><\/p>\n<p>Policiais da 1\u00aa Companhia do 6\u00ba Batalh\u00e3o de Pol\u00edcia Militar realizaram pris\u00e3o por recepta\u00e7\u00e3o, nesta quinta-feira (17), \u00e0s 16h10, na Rua Ruy Barbosa, em Senhor do Bonfim.\u00a0Uma mulher de 28 anos encontrava-se em uma loja tentando desbloquear um telefone celular que havia sido roubado no dia 12, \u00e0s 10 horas, na feira livre da cidade, o qual estava sendo rastreado.<\/p>\n<p>A autora do crime, que afirma ter adquirido o aparelho atrav\u00e9s de uma troca, foi conduzida \u00e0 delegacia de Pol\u00edcia Civil e autuada em flagrante.<\/p>\n<p><em><strong>*Pol\u00edcia Militar da Bahia\/<\/strong><\/em><em><strong>6\u00ba Batalh\u00e3o de Pol\u00edcia Militar\/<\/strong><\/em><em><strong>Se\u00e7\u00e3o de Comunica\u00e7\u00e3o Social<\/strong><\/em><\/p>\n","protected":false},"excerpt":{"rendered":"<p>6\u00ba BPM APREENDE ADOLESCENTE POR ROUBO E PORTE DE ARMA DE FOGO Na zona rural do Munic\u00edpio de Iti\u00faba, Povoado de Piaus, nesta quinta-feira (17), \u00e0s 10h20, policiais da 2\u00aa Companhia do 6\u00ba Batalh\u00e3o de Pol\u00edcia Militar apreenderam um adolescente de 17 anos por roubar uma moto Factor YBR 125, de cor preta, portando um [&hellip;]<\/p>\n","protected":false},"author":2,"featured_media":13501,"comment_status":"open","ping_status":"open","sticky":false,"template":"","format":"standard","meta":{"_acf_changed":false,"_monsterinsights_skip_tracking":false,"_monsterinsights_sitenote_active":false,"_monsterinsights_sitenote_note":"","_monsterinsights_sitenote_category":0,"_jetpack_memberships_contains_paid_content":false,"footnotes":"","jetpack_publicize_message":"","jetpack_publicize_feature_enabled":true,"jetpack_social_post_already_shared":true,"jetpack_social_options":{"image_generator_settings":{"template":"highway","default_image_id":0,"font":"","enabled":false},"version":2}},"categories":[5,1,4],"tags":[],"class_list":["post-13500","post","type-post","status-publish","format-standard","has-post-thumbnail","hentry","category-cotidiano","category-noticias","category-local"],"acf":[],"jetpack_publicize_connections":[],"jetpack_featured_media_url":"https:\/\/i0.wp.com\/blogdoeloiltoncajuhy.com.br\/site\/wp-content\/uploads\/2016\/11\/pm-ba-e1479471871272.jpg?fit=500%2C281&ssl=1","jetpack_sharing_enabled":true,"publishpress_future_workflow_manual_trigger":{"enabledWorkflows":[]},"_links":{"self":[{"href":"https:\/\/blogdoeloiltoncajuhy.com.br\/site\/wp-json\/wp\/v2\/posts\/13500","targetHints":{"allow":["GET"]}}],"collection":[{"href":"https:\/\/blogdoeloiltoncajuhy.com.br\/site\/wp-json\/wp\/v2\/posts"}],"about":[{"href":"https:\/\/blogdoeloiltoncajuhy.com.br\/site\/wp-json\/wp\/v2\/types\/post"}],"author":[{"embeddable":true,"href":"https:\/\/blogdoeloiltoncajuhy.com.br\/site\/wp-json\/wp\/v2\/users\/2"}],"replies":[{"embeddable":true,"href":"https:\/\/blogdoeloiltoncajuhy.com.br\/site\/wp-json\/wp\/v2\/comments?post=13500"}],"version-history":[{"count":1,"href":"https:\/\/blogdoeloiltoncajuhy.com.br\/site\/wp-json\/wp\/v2\/posts\/13500\/revisions"}],"predecessor-version":[{"id":13502,"href":"https:\/\/blogdoeloiltoncajuhy.com.br\/site\/wp-json\/wp\/v2\/posts\/13500\/revisions\/13502"}],"wp:featuredmedia":[{"embeddable":true,"href":"https:\/\/blogdoeloiltoncajuhy.com.br\/site\/wp-json\/wp\/v2\/media\/13501"}],"wp:attachment":[{"href":"https:\/\/blogdoeloiltoncajuhy.com.br\/site\/wp-json\/wp\/v2\/media?parent=13500"}],"wp:term":[{"taxonomy":"category","embeddable":true,"href":"https:\/\/blogdoeloiltoncajuhy.com.br\/site\/wp-json\/wp\/v2\/categories?post=13500"},{"taxonomy":"post_tag","embeddable":true,"href":"https:\/\/blogdoeloiltoncajuhy.com.br\/site\/wp-json\/wp\/v2\/tags?post=13500"}],"curies":[{"name":"wp","href":"https:\/\/api.w.org\/{rel}","templated":true}]}}