{"id":13498,"date":"2016-11-18T09:19:02","date_gmt":"2016-11-18T12:19:02","guid":{"rendered":"http:\/\/blogdoeloiltoncajuhy.com.br\/site\/?p=13498"},"modified":"2016-11-18T09:19:02","modified_gmt":"2016-11-18T12:19:02","slug":"embasa-negocia-retirada-de-ocupantes-da-sede-de-senhor-do-bonfim","status":"publish","type":"post","link":"https:\/\/blogdoeloiltoncajuhy.com.br\/site\/embasa-negocia-retirada-de-ocupantes-da-sede-de-senhor-do-bonfim\/","title":{"rendered":"Embasa negocia retirada de ocupantes da sede de Senhor do Bonfim"},"content":{"rendered":"<p style=\"text-align: center;\"><em><strong>Atendimento a reivindica\u00e7\u00f5es dos manifestantes j\u00e1 est\u00e1 em estudo pela empresa<\/strong><\/em><\/p>\n<p><a href=\"https:\/\/i0.wp.com\/blogdoeloiltoncajuhy.com.br\/site\/wp-content\/uploads\/2015\/04\/Embasa.jpg\"><img data-recalc-dims=\"1\" decoding=\"async\" class=\"aligncenter size-full wp-image-196\" src=\"https:\/\/i0.wp.com\/blogdoeloiltoncajuhy.com.br\/site\/wp-content\/uploads\/2015\/04\/Embasa.jpg?resize=246%2C118\" alt=\"Embasa\" width=\"246\" height=\"118\" \/><\/a>A Empresa Baiana de \u00c1guas e Saneamento (Embasa) continua negociando a retirada imediata e pac\u00edfica dos mais de 100 integrantes do Movimento dos Pequenos Agricultores (MPA) da sede da unidade regional da empresa em Senhor do Bonfim, ocupada desde a tarde desta quarta-feira (16). O grupo reivindica, entre outras coisas, a implanta\u00e7\u00e3o e melhoria dos servi\u00e7os de abastecimento de \u00e1gua em diversas localidades rurais de 11 munic\u00edpios da regi\u00e3o.<\/p>\n<p>Foi agendada para esta sexta-feira (18) uma reuni\u00e3o com representantes da Secretaria de Infraestrutura H\u00eddrica e Saneamento (SIHS), da Secretaria de Desenvolvimento Rural (SDR), da Secretaria de Rela\u00e7\u00f5es Institucionais (SERIN) e da Embasa, em Salvador, para discutir o assunto para acolhimento das demandas apresentadas. Segundo o gerente da Embasa de Senhor do Bonfim, Vin\u00edcius Ara\u00fajo, j\u00e1 se encontra em andamento um estudo de viabilidade t\u00e9cnica para atender parte destas reivindica\u00e7\u00f5es.<\/p>\n<p><em><strong>*Assessoria de Comunica\u00e7\u00e3o da Embasa<\/strong><\/em><br \/>\n<em><strong>(74) 3541 8400<\/strong><\/em><\/p>\n","protected":false},"excerpt":{"rendered":"<p>Atendimento a reivindica\u00e7\u00f5es dos manifestantes j\u00e1 est\u00e1 em estudo pela empresa A Empresa Baiana de \u00c1guas e Saneamento (Embasa) continua negociando a retirada imediata e pac\u00edfica dos mais de 100 integrantes do Movimento dos Pequenos Agricultores (MPA) da sede da unidade regional da empresa em Senhor do Bonfim, ocupada desde a tarde desta quarta-feira (16). [&hellip;]<\/p>\n","protected":false},"author":2,"featured_media":0,"comment_status":"open","ping_status":"open","sticky":false,"template":"","format":"standard","meta":{"_acf_changed":false,"_monsterinsights_skip_tracking":false,"_monsterinsights_sitenote_active":false,"_monsterinsights_sitenote_note":"","_monsterinsights_sitenote_category":0,"_jetpack_memberships_contains_paid_content":false,"footnotes":"","jetpack_publicize_message":"","jetpack_publicize_feature_enabled":true,"jetpack_social_post_already_shared":true,"jetpack_social_options":{"image_generator_settings":{"template":"highway","default_image_id":0,"font":"","enabled":false},"version":2}},"categories":[5,1,4],"tags":[],"class_list":["post-13498","post","type-post","status-publish","format-standard","hentry","category-cotidiano","category-noticias","category-local"],"acf":[],"jetpack_publicize_connections":[],"jetpack_featured_media_url":"","jetpack_sharing_enabled":true,"publishpress_future_workflow_manual_trigger":{"enabledWorkflows":[]},"_links":{"self":[{"href":"https:\/\/blogdoeloiltoncajuhy.com.br\/site\/wp-json\/wp\/v2\/posts\/13498","targetHints":{"allow":["GET"]}}],"collection":[{"href":"https:\/\/blogdoeloiltoncajuhy.com.br\/site\/wp-json\/wp\/v2\/posts"}],"about":[{"href":"https:\/\/blogdoeloiltoncajuhy.com.br\/site\/wp-json\/wp\/v2\/types\/post"}],"author":[{"embeddable":true,"href":"https:\/\/blogdoeloiltoncajuhy.com.br\/site\/wp-json\/wp\/v2\/users\/2"}],"replies":[{"embeddable":true,"href":"https:\/\/blogdoeloiltoncajuhy.com.br\/site\/wp-json\/wp\/v2\/comments?post=13498"}],"version-history":[{"count":1,"href":"https:\/\/blogdoeloiltoncajuhy.com.br\/site\/wp-json\/wp\/v2\/posts\/13498\/revisions"}],"predecessor-version":[{"id":13499,"href":"https:\/\/blogdoeloiltoncajuhy.com.br\/site\/wp-json\/wp\/v2\/posts\/13498\/revisions\/13499"}],"wp:attachment":[{"href":"https:\/\/blogdoeloiltoncajuhy.com.br\/site\/wp-json\/wp\/v2\/media?parent=13498"}],"wp:term":[{"taxonomy":"category","embeddable":true,"href":"https:\/\/blogdoeloiltoncajuhy.com.br\/site\/wp-json\/wp\/v2\/categories?post=13498"},{"taxonomy":"post_tag","embeddable":true,"href":"https:\/\/blogdoeloiltoncajuhy.com.br\/site\/wp-json\/wp\/v2\/tags?post=13498"}],"curies":[{"name":"wp","href":"https:\/\/api.w.org\/{rel}","templated":true}]}}