{"id":13494,"date":"2016-11-18T09:12:41","date_gmt":"2016-11-18T12:12:41","guid":{"rendered":"http:\/\/blogdoeloiltoncajuhy.com.br\/site\/?p=13494"},"modified":"2016-11-18T09:27:18","modified_gmt":"2016-11-18T12:27:18","slug":"vitima-de-racismo-na-web-gaby-amarantos-aciona-a-justica","status":"publish","type":"post","link":"https:\/\/blogdoeloiltoncajuhy.com.br\/site\/vitima-de-racismo-na-web-gaby-amarantos-aciona-a-justica\/","title":{"rendered":"V\u00edtima de racismo na web, Gaby Amarantos aciona a Justi\u00e7a"},"content":{"rendered":"<p style=\"text-align: center;\"><em><strong>Cantora recebeu ofensas na web<\/strong><\/em><\/p>\n<figure id=\"attachment_13495\" aria-describedby=\"caption-attachment-13495\" style=\"width: 480px\" class=\"wp-caption aligncenter\"><a href=\"https:\/\/i0.wp.com\/blogdoeloiltoncajuhy.com.br\/site\/wp-content\/uploads\/2016\/11\/gaby-amarantos_18.11.16-e1479471071189.jpg\"><img data-recalc-dims=\"1\" fetchpriority=\"high\" decoding=\"async\" class=\"wp-image-13495 size-full\" src=\"https:\/\/i0.wp.com\/blogdoeloiltoncajuhy.com.br\/site\/wp-content\/uploads\/2016\/11\/gaby-amarantos_18.11.16-e1479471071189.jpg?resize=480%2C270\" alt=\"gaby-amarantos_18-11-16\" width=\"480\" height=\"270\" \/><\/a><figcaption id=\"caption-attachment-13495\" class=\"wp-caption-text\">Gaby tamb\u00e9m vai prestar queixa por racismo (Foto: Reprodu\u00e7\u00e3o\/Facebook)<\/figcaption><\/figure>\n<p>Ap\u00f3s Bruno Gagliasso registrar queixa por conta de coment\u00e1rios racistas contra a filha, Titi, de 2 anos, a cantora Gaby Amarantos tamb\u00e9m tomar\u00e1 provid\u00eancias na Justi\u00e7a por conta de mensagens preconceituosas em seu perfil no Instagram.<\/p>\n<p>A artista est\u00e1 sendo orientada pelo mesmo advogado de Bruno, Michel Assef Filho, e acha fundamental combater o racismo com justi\u00e7a para evitar que outras pessoas passem por isso.<br \/>\n&#8220;Eu tenho todo o suporte e agrade\u00e7o muito ao Bruno e a Gio que t\u00eam sido grandes parceiros nessa luta. Eu penso naquela mulher pobre da periferia que passa por isso todos os dias e n\u00e3o tem apoio nenhum, foi por elas que resolvi agir&#8221;, disse a cantora ao EXTRA.<\/p>\n<p><strong><a href=\"https:\/\/i0.wp.com\/blogdoeloiltoncajuhy.com.br\/site\/wp-content\/uploads\/2016\/11\/gaby-amarantos_ofensa.jpg\"><img data-recalc-dims=\"1\" decoding=\"async\" class=\"aligncenter size-full wp-image-13496\" src=\"https:\/\/i0.wp.com\/blogdoeloiltoncajuhy.com.br\/site\/wp-content\/uploads\/2016\/11\/gaby-amarantos_ofensa.jpg?resize=448%2C496\" alt=\"gaby-amarantos_ofensa\" width=\"448\" height=\"496\" srcset=\"https:\/\/i0.wp.com\/blogdoeloiltoncajuhy.com.br\/site\/wp-content\/uploads\/2016\/11\/gaby-amarantos_ofensa.jpg?w=448&amp;ssl=1 448w, https:\/\/i0.wp.com\/blogdoeloiltoncajuhy.com.br\/site\/wp-content\/uploads\/2016\/11\/gaby-amarantos_ofensa.jpg?resize=271%2C300&amp;ssl=1 271w, https:\/\/i0.wp.com\/blogdoeloiltoncajuhy.com.br\/site\/wp-content\/uploads\/2016\/11\/gaby-amarantos_ofensa.jpg?resize=226%2C250&amp;ssl=1 226w\" sizes=\"(max-width: 448px) 100vw, 448px\" \/><\/a>Entenda o caso &#8211;\u00a0<\/strong>Capa da &#8220;Boa Forma&#8221; de novembro, Gaby Amarantos foi atacada ao postar uma imagem da publica\u00e7\u00e3o no \u00faltima dia 8. O perfil fake \u00e9 o mesmo que ofendeu Titi na rede social da atriz Giovanna Ewbank.<\/p>\n<p><em>*Extra<\/em><\/p>\n","protected":false},"excerpt":{"rendered":"<p>Cantora recebeu ofensas na web Ap\u00f3s Bruno Gagliasso registrar queixa por conta de coment\u00e1rios racistas contra a filha, Titi, de 2 anos, a cantora Gaby Amarantos tamb\u00e9m tomar\u00e1 provid\u00eancias na Justi\u00e7a por conta de mensagens preconceituosas em seu perfil no Instagram. A artista est\u00e1 sendo orientada pelo mesmo advogado de Bruno, Michel Assef Filho, e [&hellip;]<\/p>\n","protected":false},"author":2,"featured_media":13496,"comment_status":"open","ping_status":"open","sticky":false,"template":"","format":"standard","meta":{"_acf_changed":false,"_monsterinsights_skip_tracking":false,"_monsterinsights_sitenote_active":false,"_monsterinsights_sitenote_note":"","_monsterinsights_sitenote_category":0,"_jetpack_memberships_contains_paid_content":false,"footnotes":"","jetpack_publicize_message":"","jetpack_publicize_feature_enabled":true,"jetpack_social_post_already_shared":true,"jetpack_social_options":{"image_generator_settings":{"template":"highway","default_image_id":0,"font":"","enabled":false},"version":2}},"categories":[5,8,1],"tags":[],"class_list":["post-13494","post","type-post","status-publish","format-standard","has-post-thumbnail","hentry","category-cotidiano","category-cultura","category-noticias"],"acf":[],"jetpack_publicize_connections":[],"jetpack_featured_media_url":"https:\/\/i0.wp.com\/blogdoeloiltoncajuhy.com.br\/site\/wp-content\/uploads\/2016\/11\/gaby-amarantos_ofensa.jpg?fit=448%2C496&ssl=1","jetpack_sharing_enabled":true,"publishpress_future_workflow_manual_trigger":{"enabledWorkflows":[]},"_links":{"self":[{"href":"https:\/\/blogdoeloiltoncajuhy.com.br\/site\/wp-json\/wp\/v2\/posts\/13494","targetHints":{"allow":["GET"]}}],"collection":[{"href":"https:\/\/blogdoeloiltoncajuhy.com.br\/site\/wp-json\/wp\/v2\/posts"}],"about":[{"href":"https:\/\/blogdoeloiltoncajuhy.com.br\/site\/wp-json\/wp\/v2\/types\/post"}],"author":[{"embeddable":true,"href":"https:\/\/blogdoeloiltoncajuhy.com.br\/site\/wp-json\/wp\/v2\/users\/2"}],"replies":[{"embeddable":true,"href":"https:\/\/blogdoeloiltoncajuhy.com.br\/site\/wp-json\/wp\/v2\/comments?post=13494"}],"version-history":[{"count":2,"href":"https:\/\/blogdoeloiltoncajuhy.com.br\/site\/wp-json\/wp\/v2\/posts\/13494\/revisions"}],"predecessor-version":[{"id":13503,"href":"https:\/\/blogdoeloiltoncajuhy.com.br\/site\/wp-json\/wp\/v2\/posts\/13494\/revisions\/13503"}],"wp:featuredmedia":[{"embeddable":true,"href":"https:\/\/blogdoeloiltoncajuhy.com.br\/site\/wp-json\/wp\/v2\/media\/13496"}],"wp:attachment":[{"href":"https:\/\/blogdoeloiltoncajuhy.com.br\/site\/wp-json\/wp\/v2\/media?parent=13494"}],"wp:term":[{"taxonomy":"category","embeddable":true,"href":"https:\/\/blogdoeloiltoncajuhy.com.br\/site\/wp-json\/wp\/v2\/categories?post=13494"},{"taxonomy":"post_tag","embeddable":true,"href":"https:\/\/blogdoeloiltoncajuhy.com.br\/site\/wp-json\/wp\/v2\/tags?post=13494"}],"curies":[{"name":"wp","href":"https:\/\/api.w.org\/{rel}","templated":true}]}}