{"id":13491,"date":"2016-11-18T07:12:28","date_gmt":"2016-11-18T10:12:28","guid":{"rendered":"http:\/\/blogdoeloiltoncajuhy.com.br\/site\/?p=13491"},"modified":"2016-11-18T07:12:28","modified_gmt":"2016-11-18T10:12:28","slug":"senhor-do-bonfim-emergencia-reconhecida-por-causa-da-seca","status":"publish","type":"post","link":"https:\/\/blogdoeloiltoncajuhy.com.br\/site\/senhor-do-bonfim-emergencia-reconhecida-por-causa-da-seca\/","title":{"rendered":"SENHOR DO BONFIM: Emerg\u00eancia reconhecida por causa da seca"},"content":{"rendered":"<p><a href=\"https:\/\/i0.wp.com\/blogdoeloiltoncajuhy.com.br\/site\/wp-content\/uploads\/2016\/11\/seca.jpg\"><img data-recalc-dims=\"1\" fetchpriority=\"high\" decoding=\"async\" class=\"aligncenter size-full wp-image-13492\" src=\"https:\/\/i0.wp.com\/blogdoeloiltoncajuhy.com.br\/site\/wp-content\/uploads\/2016\/11\/seca.jpg?resize=550%2C366\" alt=\"seca\" width=\"550\" height=\"366\" srcset=\"https:\/\/i0.wp.com\/blogdoeloiltoncajuhy.com.br\/site\/wp-content\/uploads\/2016\/11\/seca.jpg?w=550&amp;ssl=1 550w, https:\/\/i0.wp.com\/blogdoeloiltoncajuhy.com.br\/site\/wp-content\/uploads\/2016\/11\/seca.jpg?resize=300%2C200&amp;ssl=1 300w, https:\/\/i0.wp.com\/blogdoeloiltoncajuhy.com.br\/site\/wp-content\/uploads\/2016\/11\/seca.jpg?resize=250%2C166&amp;ssl=1 250w\" sizes=\"(max-width: 550px) 100vw, 550px\" \/><\/a>Caetit\u00e9, Rafael Jambeiro e Senhor do Bonfim s\u00e3o os novos munic\u00edpios com emerg\u00eancia por causa da estiagem reconhecida pela Defesa Civil Nacional. Portaria foi publicada nesta quinta-feira, 17, no Di\u00e1rio Oficial da Uni\u00e3o.<\/p>\n<p>Situados em diferentes regi\u00f5es, os tr\u00eas integram a lista dos 123 munic\u00edpios baianos que est\u00e3o recebendo recursos e apoio log\u00edstico do Minist\u00e9rio da Integra\u00e7\u00e3o Nacional devido \u00e0 seca.<\/p>\n<p>Falta d\u2019\u00e1gua e redu\u00e7\u00e3o dr\u00e1stica da produ\u00e7\u00e3o agropecu\u00e1ria s\u00e3o reflexos que, este ano, j\u00e1 afetam 1.305.471 pessoas, conforme a Superintend\u00eancia de Prote\u00e7\u00e3o e Defesa Civil da Bahia.<\/p>\n<p>Um dos indicativos da estiagem prolongada s\u00e3o os 6,1% do volume \u00fatil registrado nesta quinta no reservat\u00f3rio de Sobradinho, segundo a Ag\u00eancia Nacional de \u00c1guas (ANA). O lago \u00e9 o maior do rio S\u00e3o Francisco, com volume \u00fatil de 28.669 m\u00b3.<\/p>\n<p><strong>Sobradinho<\/strong><\/p>\n<p>Diante da escassez h\u00eddrica no semi\u00e1rido nordestino, com abrang\u00eancia tamb\u00e9m em terras baianas, a Companhia Hidrel\u00e9trica do S\u00e3o Francisco (Chesf) inicia, no pr\u00f3ximo dia 21, a diminui\u00e7\u00e3o da vaz\u00e3o defluente da barragem de Sobradinho para 700 m\u00b3\/s, o mais baixo em toda hist\u00f3ria do lago, inaugurado em 1979.<\/p>\n<p>Segundo o diretor de opera\u00e7\u00e3o da Chesf, Jo\u00e3o Franklin, o processo come\u00e7ar\u00e1 com 750 m\u00b3\/s. Conforme a autoriza\u00e7\u00e3o do Ibama e da ANA, o patamar de 700 m\u00b3\/s ocorrer\u00e1 ap\u00f3s monitoramento dos usos m\u00faltiplos da \u00e1gua, depois dos 750 m\u00b3\/s.<\/p>\n<p>Franklin disse que o foco \u00e9 a seguran\u00e7a h\u00eddrica, \u201cpara dar condi\u00e7\u00f5es ao abastecimento humano e \u00e0 produ\u00e7\u00e3o de alimentos na regi\u00e3o do S\u00e3o Francisco. O abastecimento energ\u00e9tico est\u00e1 garantido por outras fontes\u201d, afirmou.<\/p>\n<p>Para ele, a seca prolongada mostrou a import\u00e2ncia de Sobradinho para a regulariza\u00e7\u00e3o da vaz\u00e3o. \u201cCaso n\u00e3o existisse a barragem, a situa\u00e7\u00e3o estaria muito mais cr\u00edtica para os usu\u00e1rios e vaz\u00f5es inferiores a 400 m\u00b3\/s teriam sido registradas nos anos de seca\u201d, enfatizou.<\/p>\n<p><strong>Chuvas<\/strong><\/p>\n<p>Ilh\u00e9us e Itabuna, no sul baiano \u2013 ambos na lista de emerg\u00eancia por seca \u2013, foram atingidos ontem por chuvas e fortes ventos, derrubando \u00e1rvores, antenas, placas e telhados, segundo a Defesa Civil. Em Ilh\u00e9us, im\u00f3veis desabaram e houve pelo menos tr\u00eas deslizamentos de terra. Porto Seguro, no extremo sul, foi afetado por deslizamentos e queda de \u00e1rvores. Inmet prev\u00ea chuvas nessas regi\u00f5es, na Chapada, sudoeste e oeste baiano at\u00e9 o final de semana.<\/p>\n<p><em>*A Tarde<\/em><\/p>\n","protected":false},"excerpt":{"rendered":"<p>Caetit\u00e9, Rafael Jambeiro e Senhor do Bonfim s\u00e3o os novos munic\u00edpios com emerg\u00eancia por causa da estiagem reconhecida pela Defesa Civil Nacional. Portaria foi publicada nesta quinta-feira, 17, no Di\u00e1rio Oficial da Uni\u00e3o. Situados em diferentes regi\u00f5es, os tr\u00eas integram a lista dos 123 munic\u00edpios baianos que est\u00e3o recebendo recursos e apoio log\u00edstico do Minist\u00e9rio [&hellip;]<\/p>\n","protected":false},"author":2,"featured_media":13492,"comment_status":"open","ping_status":"open","sticky":false,"template":"","format":"standard","meta":{"_acf_changed":false,"_monsterinsights_skip_tracking":false,"_monsterinsights_sitenote_active":false,"_monsterinsights_sitenote_note":"","_monsterinsights_sitenote_category":0,"_jetpack_memberships_contains_paid_content":false,"footnotes":"","jetpack_publicize_message":"","jetpack_publicize_feature_enabled":true,"jetpack_social_post_already_shared":true,"jetpack_social_options":{"image_generator_settings":{"template":"highway","default_image_id":0,"font":"","enabled":false},"version":2}},"categories":[1,4],"tags":[],"class_list":["post-13491","post","type-post","status-publish","format-standard","has-post-thumbnail","hentry","category-noticias","category-local"],"acf":[],"jetpack_publicize_connections":[],"jetpack_featured_media_url":"https:\/\/i0.wp.com\/blogdoeloiltoncajuhy.com.br\/site\/wp-content\/uploads\/2016\/11\/seca.jpg?fit=550%2C366&ssl=1","jetpack_sharing_enabled":true,"publishpress_future_workflow_manual_trigger":{"enabledWorkflows":[]},"_links":{"self":[{"href":"https:\/\/blogdoeloiltoncajuhy.com.br\/site\/wp-json\/wp\/v2\/posts\/13491","targetHints":{"allow":["GET"]}}],"collection":[{"href":"https:\/\/blogdoeloiltoncajuhy.com.br\/site\/wp-json\/wp\/v2\/posts"}],"about":[{"href":"https:\/\/blogdoeloiltoncajuhy.com.br\/site\/wp-json\/wp\/v2\/types\/post"}],"author":[{"embeddable":true,"href":"https:\/\/blogdoeloiltoncajuhy.com.br\/site\/wp-json\/wp\/v2\/users\/2"}],"replies":[{"embeddable":true,"href":"https:\/\/blogdoeloiltoncajuhy.com.br\/site\/wp-json\/wp\/v2\/comments?post=13491"}],"version-history":[{"count":1,"href":"https:\/\/blogdoeloiltoncajuhy.com.br\/site\/wp-json\/wp\/v2\/posts\/13491\/revisions"}],"predecessor-version":[{"id":13493,"href":"https:\/\/blogdoeloiltoncajuhy.com.br\/site\/wp-json\/wp\/v2\/posts\/13491\/revisions\/13493"}],"wp:featuredmedia":[{"embeddable":true,"href":"https:\/\/blogdoeloiltoncajuhy.com.br\/site\/wp-json\/wp\/v2\/media\/13492"}],"wp:attachment":[{"href":"https:\/\/blogdoeloiltoncajuhy.com.br\/site\/wp-json\/wp\/v2\/media?parent=13491"}],"wp:term":[{"taxonomy":"category","embeddable":true,"href":"https:\/\/blogdoeloiltoncajuhy.com.br\/site\/wp-json\/wp\/v2\/categories?post=13491"},{"taxonomy":"post_tag","embeddable":true,"href":"https:\/\/blogdoeloiltoncajuhy.com.br\/site\/wp-json\/wp\/v2\/tags?post=13491"}],"curies":[{"name":"wp","href":"https:\/\/api.w.org\/{rel}","templated":true}]}}