{"id":13475,"date":"2016-11-17T19:53:45","date_gmt":"2016-11-17T22:53:45","guid":{"rendered":"http:\/\/blogdoeloiltoncajuhy.com.br\/site\/?p=13475"},"modified":"2016-11-17T19:53:45","modified_gmt":"2016-11-17T22:53:45","slug":"crimes-de-cabral-foram-sofisticados-diz-moro","status":"publish","type":"post","link":"https:\/\/blogdoeloiltoncajuhy.com.br\/site\/crimes-de-cabral-foram-sofisticados-diz-moro\/","title":{"rendered":"Crimes de Cabral foram &#8216;sofisticados&#8217;, diz Moro"},"content":{"rendered":"<p style=\"text-align: center;\"><em><strong>Para juiz, situa\u00e7\u00e3o refor\u00e7a necessidade de deter ex-governador.\u00a0Investiga\u00e7\u00e3o contra S\u00e9rgio Cabral (PMDB) \u00e9 derivada da Lava Jato<\/strong><\/em><\/p>\n<p style=\"text-align: left;\"><em><strong>*Do G1 PR<\/strong><\/em><\/p>\n<figure id=\"attachment_13476\" aria-describedby=\"caption-attachment-13476\" style=\"width: 620px\" class=\"wp-caption aligncenter\"><a href=\"https:\/\/i0.wp.com\/blogdoeloiltoncajuhy.com.br\/site\/wp-content\/uploads\/2016\/11\/operacao-rj-cabral.jpg\"><img data-recalc-dims=\"1\" fetchpriority=\"high\" decoding=\"async\" class=\"wp-image-13476 size-full\" src=\"https:\/\/i0.wp.com\/blogdoeloiltoncajuhy.com.br\/site\/wp-content\/uploads\/2016\/11\/operacao-rj-cabral.jpg?resize=620%2C465\" alt=\"operacao-rj-cabral\" width=\"620\" height=\"465\" srcset=\"https:\/\/i0.wp.com\/blogdoeloiltoncajuhy.com.br\/site\/wp-content\/uploads\/2016\/11\/operacao-rj-cabral.jpg?w=620&amp;ssl=1 620w, https:\/\/i0.wp.com\/blogdoeloiltoncajuhy.com.br\/site\/wp-content\/uploads\/2016\/11\/operacao-rj-cabral.jpg?resize=300%2C225&amp;ssl=1 300w, https:\/\/i0.wp.com\/blogdoeloiltoncajuhy.com.br\/site\/wp-content\/uploads\/2016\/11\/operacao-rj-cabral.jpg?resize=250%2C188&amp;ssl=1 250w\" sizes=\"(max-width: 620px) 100vw, 620px\" \/><\/a><figcaption id=\"caption-attachment-13476\" class=\"wp-caption-text\">Movimento em frente ao pr\u00e9dio da PF no Rio, para onde foi levado o ex-governador S\u00e9rgio Cabral (Foto: Reginaldo Pimenta\/Raw Image\/Estad\u00e3o Conte\u00fado)<\/figcaption><\/figure>\n<p style=\"text-align: left;\">O juiz S\u00e9rgio Moro citou a atual situa\u00e7\u00e3o de crise financeira do Estado do Rio de Janeiro para justificar a pris\u00e3o do ex-governador S\u00e9rgio Cabral (PMDB), ocorrida nesta quinta-feira (17). Moro afirmou que seria uma afronta deixar que os investigados continuassem usufruindo dos recursos das supostas propinas.<\/p>\n<p style=\"text-align: left;\">&#8220;Essa necessidade [da pris\u00e3o] faz-se ainda mais presente diante da not\u00f3ria situa\u00e7\u00e3o de ru\u00edna das contas p\u00fablicas do Governo do Rio de Janeiro. Constituiria afronta permitir que os investigados persistissem fruindo em liberdade do produto milion\u00e1rio de seus crimes, inclusive com aquisi\u00e7\u00e3o, mediante condutas de oculta\u00e7\u00e3o e dissimula\u00e7\u00e3o, de novo patrim\u00f4nio, parte em bens de luxo, enquanto, por conta da gest\u00e3o governamental aparentemente comprometida por corrup\u00e7\u00e3o e in\u00e9pcia, imp\u00f5e-se \u00e0 popula\u00e7\u00e3o daquele estado tamanhos sacrif\u00edcios, com aumento de tributos, corte de sal\u00e1rios e de investimentos p\u00fablicos e sociais. Uma vers\u00e3o criminosa de governantes ricos e governados pobres&#8221;, disse o juiz.<\/p>\n<p style=\"text-align: left;\">Moro tamb\u00e9m disse que as provas apresentadas pela investiga\u00e7\u00e3o apontam ind\u00edcios de que foram cometidos crimes de forma &#8220;profissional e reiterada&#8221; pelo pol\u00edtico. Cabral foi detido na manh\u00e3 desta quinta-feira, na Opera\u00e7\u00e3o Calicute, derivada da Lava Jato.<\/p>\n<p style=\"text-align: left;\">&#8220;As provas s\u00e3o, em cogni\u00e7\u00e3o sum\u00e1ria, da pr\u00e1tica reiterada, profissional e sofisticada de crimes contra a administra\u00e7\u00e3o p\u00fablica e de lavagem de dinheiro por parte de S\u00e9rgio Cabral e de seu operador financeiro Carlos Miranda&#8221;, afirmou Moro.<\/p>\n<p style=\"text-align: left;\"><strong><a href=\"https:\/\/i0.wp.com\/blogdoeloiltoncajuhy.com.br\/site\/wp-content\/uploads\/2016\/11\/sergio-cabral1.jpg\"><img data-recalc-dims=\"1\" decoding=\"async\" class=\"aligncenter size-full wp-image-13477\" src=\"https:\/\/i0.wp.com\/blogdoeloiltoncajuhy.com.br\/site\/wp-content\/uploads\/2016\/11\/sergio-cabral1.jpg?resize=370%2C518\" alt=\"sergio-cabral1\" width=\"370\" height=\"518\" srcset=\"https:\/\/i0.wp.com\/blogdoeloiltoncajuhy.com.br\/site\/wp-content\/uploads\/2016\/11\/sergio-cabral1.jpg?w=370&amp;ssl=1 370w, https:\/\/i0.wp.com\/blogdoeloiltoncajuhy.com.br\/site\/wp-content\/uploads\/2016\/11\/sergio-cabral1.jpg?resize=214%2C300&amp;ssl=1 214w, https:\/\/i0.wp.com\/blogdoeloiltoncajuhy.com.br\/site\/wp-content\/uploads\/2016\/11\/sergio-cabral1.jpg?resize=179%2C250&amp;ssl=1 179w\" sizes=\"(max-width: 370px) 100vw, 370px\" \/><\/a>Propinas<\/strong><\/p>\n<p style=\"text-align: left;\">A Opera\u00e7\u00e3o Calicute investiga supostas propinas pagas por construtoras ao ex-governador fluminense. Segundo o MPF, Cabral recebia propinas mensais que variavam entre R$ 200 mil e R$ 300 mil.\u00a0A investiga\u00e7\u00e3o aponta que a fraude pode ter gerado preju\u00edzo de mais de R$ 200 milh\u00f5es aos cofres p\u00fablicos.<\/p>\n<p style=\"text-align: left;\">Para Moro, o tamanho dos supostos crimes cometidos justifica a pris\u00e3o preventiva de Cabral e das outras pessoas envolvidas no caso. &#8220;A magnitude e a reitera\u00e7\u00e3o delitiva caracterizam risco \u00e0 ordem p\u00fablica&#8221;, afirma o magistrado.<\/p>\n","protected":false},"excerpt":{"rendered":"<p>Para juiz, situa\u00e7\u00e3o refor\u00e7a necessidade de deter ex-governador.\u00a0Investiga\u00e7\u00e3o contra S\u00e9rgio Cabral (PMDB) \u00e9 derivada da Lava Jato *Do G1 PR O juiz S\u00e9rgio Moro citou a atual situa\u00e7\u00e3o de crise financeira do Estado do Rio de Janeiro para justificar a pris\u00e3o do ex-governador S\u00e9rgio Cabral (PMDB), ocorrida nesta quinta-feira (17). Moro afirmou que seria uma [&hellip;]<\/p>\n","protected":false},"author":2,"featured_media":13477,"comment_status":"open","ping_status":"open","sticky":false,"template":"","format":"standard","meta":{"_acf_changed":false,"_monsterinsights_skip_tracking":false,"_monsterinsights_sitenote_active":false,"_monsterinsights_sitenote_note":"","_monsterinsights_sitenote_category":0,"_jetpack_memberships_contains_paid_content":false,"footnotes":"","jetpack_publicize_message":"","jetpack_publicize_feature_enabled":true,"jetpack_social_post_already_shared":true,"jetpack_social_options":{"image_generator_settings":{"template":"highway","default_image_id":0,"font":"","enabled":false},"version":2}},"categories":[1,3],"tags":[],"class_list":["post-13475","post","type-post","status-publish","format-standard","has-post-thumbnail","hentry","category-noticias","category-politica"],"acf":[],"jetpack_publicize_connections":[],"jetpack_featured_media_url":"https:\/\/i0.wp.com\/blogdoeloiltoncajuhy.com.br\/site\/wp-content\/uploads\/2016\/11\/sergio-cabral1.jpg?fit=370%2C518&ssl=1","jetpack_sharing_enabled":true,"publishpress_future_workflow_manual_trigger":{"enabledWorkflows":[]},"_links":{"self":[{"href":"https:\/\/blogdoeloiltoncajuhy.com.br\/site\/wp-json\/wp\/v2\/posts\/13475","targetHints":{"allow":["GET"]}}],"collection":[{"href":"https:\/\/blogdoeloiltoncajuhy.com.br\/site\/wp-json\/wp\/v2\/posts"}],"about":[{"href":"https:\/\/blogdoeloiltoncajuhy.com.br\/site\/wp-json\/wp\/v2\/types\/post"}],"author":[{"embeddable":true,"href":"https:\/\/blogdoeloiltoncajuhy.com.br\/site\/wp-json\/wp\/v2\/users\/2"}],"replies":[{"embeddable":true,"href":"https:\/\/blogdoeloiltoncajuhy.com.br\/site\/wp-json\/wp\/v2\/comments?post=13475"}],"version-history":[{"count":1,"href":"https:\/\/blogdoeloiltoncajuhy.com.br\/site\/wp-json\/wp\/v2\/posts\/13475\/revisions"}],"predecessor-version":[{"id":13478,"href":"https:\/\/blogdoeloiltoncajuhy.com.br\/site\/wp-json\/wp\/v2\/posts\/13475\/revisions\/13478"}],"wp:featuredmedia":[{"embeddable":true,"href":"https:\/\/blogdoeloiltoncajuhy.com.br\/site\/wp-json\/wp\/v2\/media\/13477"}],"wp:attachment":[{"href":"https:\/\/blogdoeloiltoncajuhy.com.br\/site\/wp-json\/wp\/v2\/media?parent=13475"}],"wp:term":[{"taxonomy":"category","embeddable":true,"href":"https:\/\/blogdoeloiltoncajuhy.com.br\/site\/wp-json\/wp\/v2\/categories?post=13475"},{"taxonomy":"post_tag","embeddable":true,"href":"https:\/\/blogdoeloiltoncajuhy.com.br\/site\/wp-json\/wp\/v2\/tags?post=13475"}],"curies":[{"name":"wp","href":"https:\/\/api.w.org\/{rel}","templated":true}]}}