{"id":13473,"date":"2016-11-17T19:35:27","date_gmt":"2016-11-17T22:35:27","guid":{"rendered":"http:\/\/blogdoeloiltoncajuhy.com.br\/site\/?p=13473"},"modified":"2016-11-17T19:35:27","modified_gmt":"2016-11-17T22:35:27","slug":"forum-regional-de-saude-e-seguranca-do-trabalhador-realiza-plenaria-em-senhor-do-bonfim","status":"publish","type":"post","link":"https:\/\/blogdoeloiltoncajuhy.com.br\/site\/forum-regional-de-saude-e-seguranca-do-trabalhador-realiza-plenaria-em-senhor-do-bonfim\/","title":{"rendered":"F\u00f3rum Regional de Sa\u00fade e Seguran\u00e7a do Trabalhador realiza plen\u00e1ria em Senhor do Bonfim"},"content":{"rendered":"<p><a href=\"https:\/\/i0.wp.com\/blogdoeloiltoncajuhy.com.br\/site\/wp-content\/uploads\/2016\/06\/seminario.jpg\"><img data-recalc-dims=\"1\" fetchpriority=\"high\" decoding=\"async\" class=\"aligncenter size-full wp-image-10158\" src=\"https:\/\/i0.wp.com\/blogdoeloiltoncajuhy.com.br\/site\/wp-content\/uploads\/2016\/06\/seminario.jpg?resize=610%2C300\" alt=\"seminario\" width=\"610\" height=\"300\" srcset=\"https:\/\/i0.wp.com\/blogdoeloiltoncajuhy.com.br\/site\/wp-content\/uploads\/2016\/06\/seminario.jpg?w=610&amp;ssl=1 610w, https:\/\/i0.wp.com\/blogdoeloiltoncajuhy.com.br\/site\/wp-content\/uploads\/2016\/06\/seminario.jpg?resize=300%2C148&amp;ssl=1 300w, https:\/\/i0.wp.com\/blogdoeloiltoncajuhy.com.br\/site\/wp-content\/uploads\/2016\/06\/seminario.jpg?resize=250%2C123&amp;ssl=1 250w\" sizes=\"(max-width: 610px) 100vw, 610px\" \/><\/a>A Coordena\u00e7\u00e3o do F\u00f3rum Regional de Sa\u00fade e Seguran\u00e7a do Trabalhador de Senhor do Bonfim far\u00e1 mais uma plen\u00e1ria em nossa cidade.<\/p>\n<p><em><strong>Confira a convoca\u00e7\u00e3o:<\/strong><\/em><\/p>\n<p><em>No uso de suas atribui\u00e7\u00f5es, a Coordena\u00e7\u00e3o Geral do F\u00f3rum Regional de Sa\u00fade e Seguran\u00e7a do Trabalhador (a) de Senhor do Bonfim-FORSST, convoca todas as entidades membros, assim como, convida todos os representantes de entidades interessadas, autoridades p\u00fablicas e popula\u00e7\u00e3o em geral, para participarem da Plen\u00e1ria ordin\u00e1ria do FORSST, que ocorrer\u00e1 dia 21 de novembro de 2016, \u00e0s 18h, na sede do Sindicato dos Comerci\u00e1rios de Senhor do Bonfim, situada na Rua Jo\u00e3o Rodrigues, em frente ao Lar dos Idosos, com a seguinte pauta:<\/em><br \/>\n<em>1- Balan\u00e7o das atividades realizadas pelo FOSST no ano de 2016;<\/em><br \/>\n<em>2- Plano de a\u00e7\u00e3o 2017;<\/em><br \/>\n<em>3- O que ocorrer.<\/em><\/p>\n<p style=\"text-align: center;\"><strong>Jamerson Luis G. dos Santos<\/strong><br \/>\n<strong>Assistente Social- Ag\u00eancia da Previd\u00eancia Social de Senhor do Bonfim<\/strong><br \/>\n<strong>Coordenador Geral do FORSST<\/strong><\/p>\n","protected":false},"excerpt":{"rendered":"<p>A Coordena\u00e7\u00e3o do F\u00f3rum Regional de Sa\u00fade e Seguran\u00e7a do Trabalhador de Senhor do Bonfim far\u00e1 mais uma plen\u00e1ria em nossa cidade. Confira a convoca\u00e7\u00e3o: No uso de suas atribui\u00e7\u00f5es, a Coordena\u00e7\u00e3o Geral do F\u00f3rum Regional de Sa\u00fade e Seguran\u00e7a do Trabalhador (a) de Senhor do Bonfim-FORSST, convoca todas as entidades membros, assim como, convida [&hellip;]<\/p>\n","protected":false},"author":2,"featured_media":0,"comment_status":"open","ping_status":"open","sticky":false,"template":"","format":"standard","meta":{"_acf_changed":false,"_monsterinsights_skip_tracking":false,"_monsterinsights_sitenote_active":false,"_monsterinsights_sitenote_note":"","_monsterinsights_sitenote_category":0,"_jetpack_memberships_contains_paid_content":false,"footnotes":"","jetpack_publicize_message":"","jetpack_publicize_feature_enabled":true,"jetpack_social_post_already_shared":true,"jetpack_social_options":{"image_generator_settings":{"template":"highway","default_image_id":0,"font":"","enabled":false},"version":2}},"categories":[1,4],"tags":[],"class_list":["post-13473","post","type-post","status-publish","format-standard","hentry","category-noticias","category-local"],"acf":[],"jetpack_publicize_connections":[],"jetpack_featured_media_url":"","jetpack_sharing_enabled":true,"publishpress_future_workflow_manual_trigger":{"enabledWorkflows":[]},"_links":{"self":[{"href":"https:\/\/blogdoeloiltoncajuhy.com.br\/site\/wp-json\/wp\/v2\/posts\/13473","targetHints":{"allow":["GET"]}}],"collection":[{"href":"https:\/\/blogdoeloiltoncajuhy.com.br\/site\/wp-json\/wp\/v2\/posts"}],"about":[{"href":"https:\/\/blogdoeloiltoncajuhy.com.br\/site\/wp-json\/wp\/v2\/types\/post"}],"author":[{"embeddable":true,"href":"https:\/\/blogdoeloiltoncajuhy.com.br\/site\/wp-json\/wp\/v2\/users\/2"}],"replies":[{"embeddable":true,"href":"https:\/\/blogdoeloiltoncajuhy.com.br\/site\/wp-json\/wp\/v2\/comments?post=13473"}],"version-history":[{"count":1,"href":"https:\/\/blogdoeloiltoncajuhy.com.br\/site\/wp-json\/wp\/v2\/posts\/13473\/revisions"}],"predecessor-version":[{"id":13474,"href":"https:\/\/blogdoeloiltoncajuhy.com.br\/site\/wp-json\/wp\/v2\/posts\/13473\/revisions\/13474"}],"wp:attachment":[{"href":"https:\/\/blogdoeloiltoncajuhy.com.br\/site\/wp-json\/wp\/v2\/media?parent=13473"}],"wp:term":[{"taxonomy":"category","embeddable":true,"href":"https:\/\/blogdoeloiltoncajuhy.com.br\/site\/wp-json\/wp\/v2\/categories?post=13473"},{"taxonomy":"post_tag","embeddable":true,"href":"https:\/\/blogdoeloiltoncajuhy.com.br\/site\/wp-json\/wp\/v2\/tags?post=13473"}],"curies":[{"name":"wp","href":"https:\/\/api.w.org\/{rel}","templated":true}]}}