{"id":13470,"date":"2016-11-17T15:20:11","date_gmt":"2016-11-17T18:20:11","guid":{"rendered":"http:\/\/blogdoeloiltoncajuhy.com.br\/site\/?p=13470"},"modified":"2016-11-17T15:20:11","modified_gmt":"2016-11-17T18:20:11","slug":"petrolina-nassau-oferta-vaga-para-jovem-aprendiz","status":"publish","type":"post","link":"https:\/\/blogdoeloiltoncajuhy.com.br\/site\/petrolina-nassau-oferta-vaga-para-jovem-aprendiz\/","title":{"rendered":"PETROLINA: Nassau oferta vaga para Jovem Aprendiz"},"content":{"rendered":"<p><em><strong>*Por Gabriela Camp\u00ealo<\/strong><\/em><\/p>\n<p><a href=\"https:\/\/i0.wp.com\/blogdoeloiltoncajuhy.com.br\/site\/wp-content\/uploads\/2016\/11\/f-mauricio-nassaou-pe.jpg\"><img data-recalc-dims=\"1\" fetchpriority=\"high\" decoding=\"async\" class=\"aligncenter size-full wp-image-13471\" src=\"https:\/\/i0.wp.com\/blogdoeloiltoncajuhy.com.br\/site\/wp-content\/uploads\/2016\/11\/f-mauricio-nassaou-pe.jpg?resize=640%2C480\" alt=\"f-mauricio-nassaou-pe\" width=\"640\" height=\"480\" srcset=\"https:\/\/i0.wp.com\/blogdoeloiltoncajuhy.com.br\/site\/wp-content\/uploads\/2016\/11\/f-mauricio-nassaou-pe.jpg?w=640&amp;ssl=1 640w, https:\/\/i0.wp.com\/blogdoeloiltoncajuhy.com.br\/site\/wp-content\/uploads\/2016\/11\/f-mauricio-nassaou-pe.jpg?resize=300%2C225&amp;ssl=1 300w, https:\/\/i0.wp.com\/blogdoeloiltoncajuhy.com.br\/site\/wp-content\/uploads\/2016\/11\/f-mauricio-nassaou-pe.jpg?resize=250%2C188&amp;ssl=1 250w\" sizes=\"(max-width: 640px) 100vw, 640px\" \/><\/a>A Faculdade Maur\u00edcio de Nassau em Petrolina abriu, nesta quinta-feira (17), o processo seletivo para preenchimento da vaga de Jovem Aprendiz na unidade. Podem participar da sele\u00e7\u00e3o os jovens de ambos os sexos com faixa et\u00e1ria entre 14 e 24 anos que tenham conclu\u00eddo ou estejam cursando o Ensino Fundamental II. Al\u00e9m destes crit\u00e9rios, \u00e9 pr\u00e9-requisito para a sele\u00e7\u00e3o que o candidato ainda n\u00e3o tenha sido aprendiz no segmento educacional.<\/p>\n<p>Os interessados dever\u00e3o enviar at\u00e9 o dia 25 de novembro de 2016 o curr\u00edculo atualizado para o email:\u00a0<strong><a href=\"mailto:jonas.vidal@mauriciodenassau.edu.br\">jonas.vidal@mauriciodenassau.edu.br<\/a><\/strong> ou deixar presencialmente na Faculdade no Departamento Pessoal.<\/p>\n<p>A Nassau Petrolina fica localizada na Avenida Coronel Clementino Coelho, 714, bairro Atr\u00e1s da Banca. Mais informa\u00e7\u00f5es pelo telefone (87) 3866-5800.<\/p>\n<p>&nbsp;<\/p>\n","protected":false},"excerpt":{"rendered":"<p>*Por Gabriela Camp\u00ealo A Faculdade Maur\u00edcio de Nassau em Petrolina abriu, nesta quinta-feira (17), o processo seletivo para preenchimento da vaga de Jovem Aprendiz na unidade. Podem participar da sele\u00e7\u00e3o os jovens de ambos os sexos com faixa et\u00e1ria entre 14 e 24 anos que tenham conclu\u00eddo ou estejam cursando o Ensino Fundamental II. Al\u00e9m [&hellip;]<\/p>\n","protected":false},"author":2,"featured_media":13471,"comment_status":"open","ping_status":"open","sticky":false,"template":"","format":"standard","meta":{"_acf_changed":false,"_monsterinsights_skip_tracking":false,"_monsterinsights_sitenote_active":false,"_monsterinsights_sitenote_note":"","_monsterinsights_sitenote_category":0,"_jetpack_memberships_contains_paid_content":false,"footnotes":"","jetpack_publicize_message":"","jetpack_publicize_feature_enabled":true,"jetpack_social_post_already_shared":true,"jetpack_social_options":{"image_generator_settings":{"template":"highway","default_image_id":0,"font":"","enabled":false},"version":2}},"categories":[14,1,11],"tags":[],"class_list":["post-13470","post","type-post","status-publish","format-standard","has-post-thumbnail","hentry","category-educacao","category-noticias","category-regional"],"acf":[],"jetpack_publicize_connections":[],"jetpack_featured_media_url":"https:\/\/i0.wp.com\/blogdoeloiltoncajuhy.com.br\/site\/wp-content\/uploads\/2016\/11\/f-mauricio-nassaou-pe.jpg?fit=640%2C480&ssl=1","jetpack_sharing_enabled":true,"publishpress_future_workflow_manual_trigger":{"enabledWorkflows":[]},"_links":{"self":[{"href":"https:\/\/blogdoeloiltoncajuhy.com.br\/site\/wp-json\/wp\/v2\/posts\/13470","targetHints":{"allow":["GET"]}}],"collection":[{"href":"https:\/\/blogdoeloiltoncajuhy.com.br\/site\/wp-json\/wp\/v2\/posts"}],"about":[{"href":"https:\/\/blogdoeloiltoncajuhy.com.br\/site\/wp-json\/wp\/v2\/types\/post"}],"author":[{"embeddable":true,"href":"https:\/\/blogdoeloiltoncajuhy.com.br\/site\/wp-json\/wp\/v2\/users\/2"}],"replies":[{"embeddable":true,"href":"https:\/\/blogdoeloiltoncajuhy.com.br\/site\/wp-json\/wp\/v2\/comments?post=13470"}],"version-history":[{"count":1,"href":"https:\/\/blogdoeloiltoncajuhy.com.br\/site\/wp-json\/wp\/v2\/posts\/13470\/revisions"}],"predecessor-version":[{"id":13472,"href":"https:\/\/blogdoeloiltoncajuhy.com.br\/site\/wp-json\/wp\/v2\/posts\/13470\/revisions\/13472"}],"wp:featuredmedia":[{"embeddable":true,"href":"https:\/\/blogdoeloiltoncajuhy.com.br\/site\/wp-json\/wp\/v2\/media\/13471"}],"wp:attachment":[{"href":"https:\/\/blogdoeloiltoncajuhy.com.br\/site\/wp-json\/wp\/v2\/media?parent=13470"}],"wp:term":[{"taxonomy":"category","embeddable":true,"href":"https:\/\/blogdoeloiltoncajuhy.com.br\/site\/wp-json\/wp\/v2\/categories?post=13470"},{"taxonomy":"post_tag","embeddable":true,"href":"https:\/\/blogdoeloiltoncajuhy.com.br\/site\/wp-json\/wp\/v2\/tags?post=13470"}],"curies":[{"name":"wp","href":"https:\/\/api.w.org\/{rel}","templated":true}]}}