{"id":13464,"date":"2016-11-17T09:37:25","date_gmt":"2016-11-17T12:37:25","guid":{"rendered":"http:\/\/blogdoeloiltoncajuhy.com.br\/site\/?p=13464"},"modified":"2016-11-17T09:37:25","modified_gmt":"2016-11-17T12:37:25","slug":"17-de-novembro-na-historia-em-1959-o-brasil-perdia-o-maestro-heitor-villa-lobos","status":"publish","type":"post","link":"https:\/\/blogdoeloiltoncajuhy.com.br\/site\/17-de-novembro-na-historia-em-1959-o-brasil-perdia-o-maestro-heitor-villa-lobos\/","title":{"rendered":"17 DE NOVEMBRO NA HIST\u00d3RIA: Em 1959, o Brasil perdia o Maestro Heitor Villa-Lobos"},"content":{"rendered":"<p><a href=\"https:\/\/i0.wp.com\/blogdoeloiltoncajuhy.com.br\/site\/wp-content\/uploads\/2016\/11\/Heitor_Vila-Lobos.jpg\"><img data-recalc-dims=\"1\" fetchpriority=\"high\" decoding=\"async\" class=\"size-full wp-image-13465 alignleft\" src=\"https:\/\/i0.wp.com\/blogdoeloiltoncajuhy.com.br\/site\/wp-content\/uploads\/2016\/11\/Heitor_Vila-Lobos.jpg?resize=200%2C377\" alt=\"heitor_vila-lobos\" width=\"200\" height=\"377\" srcset=\"https:\/\/i0.wp.com\/blogdoeloiltoncajuhy.com.br\/site\/wp-content\/uploads\/2016\/11\/Heitor_Vila-Lobos.jpg?w=200&amp;ssl=1 200w, https:\/\/i0.wp.com\/blogdoeloiltoncajuhy.com.br\/site\/wp-content\/uploads\/2016\/11\/Heitor_Vila-Lobos.jpg?resize=159%2C300&amp;ssl=1 159w, https:\/\/i0.wp.com\/blogdoeloiltoncajuhy.com.br\/site\/wp-content\/uploads\/2016\/11\/Heitor_Vila-Lobos.jpg?resize=133%2C250&amp;ssl=1 133w\" sizes=\"(max-width: 200px) 100vw, 200px\" \/><\/a>Maestro e compositor, destacou-se por ter sido o principal respons\u00e1vel pela descoberta de uma linguagem peculiarmente brasileira em m\u00fasica, sendo considerado o maior expoente da m\u00fasica do modernismo no Brasil, compondo obras que cont\u00e9m nuances das culturas regionais brasileiras, com os elementos das can\u00e7\u00f5es populares e ind\u00edgenas. No Brasil, sua data de nascimento &#8211; 5 de mar\u00e7o &#8211; \u00e9 celebrada como Dia Nacional da M\u00fasica Cl\u00e1ssica.<\/p>\n<p>As primeiras composi\u00e7\u00f5es de Villa-Lobos trazem a marca dos estilos europeus da virada do s\u00e9culo XIX para o s\u00e9culo XX, sendo influenciado principalmente por Wagner Puccini, pelo modernismo da Escola de Frankfurt e logo depois pelos impressionistas. Teve aulas com Frederico Nascimento e Francisco Braga.<\/p>\n<p>Nas Dan\u00e7as caracter\u00edsticas africanas (1914), entretanto, come\u00e7ou a repudiar os moldes europeus e a descobrir uma linguagem pr\u00f3pria, que viria a se firmar nos bailados Amazonas e Uirapuru (1917). O compositor chegou \u00e0 d\u00e9cada de 1920 perfeitamente senhor de seus recursos art\u00edsticos, revelados em obras como a Prole do Beb\u00ea para piano, ou o Noneto (1923).<\/p>\n<p>Violentamente atacado pela cr\u00edtica especializada da \u00e9poca, viajou para a Europa em 1923 com o apoio do mecenas Carlos Guinle e, em Paris, tomou contato com toda a vanguarda musical da \u00e9poca. Depois de uma segunda perman\u00eancia na capital francesa (1927-1930), voltou ao Brasil a tempo de engajar-se nas novas realidades produzidas pela Revolu\u00e7\u00e3o de 1930.<\/p>\n<p>Apoiado pelo Estado Novo, Villa-Lobos desenvolveu amplo projeto educacional, em que teve papel de destaque o Canto Orfe\u00f4nico, e que resultou na compila\u00e7\u00e3o do Guia pr\u00e1tico (temas populares harmonizados). O compositor preocupava-se muito com os rumos da educa\u00e7\u00e3o musical nas escolas brasileiras e quando foi aprovado seu projeto de educa\u00e7\u00e3o na \u00e1rea, voltou a morar definitivamente no Brasil.<\/p>\n<p><em>*Fonte: Wikip\u00e9dia<\/em><\/p>\n","protected":false},"excerpt":{"rendered":"<p>Maestro e compositor, destacou-se por ter sido o principal respons\u00e1vel pela descoberta de uma linguagem peculiarmente brasileira em m\u00fasica, sendo considerado o maior expoente da m\u00fasica do modernismo no Brasil, compondo obras que cont\u00e9m nuances das culturas regionais brasileiras, com os elementos das can\u00e7\u00f5es populares e ind\u00edgenas. No Brasil, sua data de nascimento &#8211; 5 [&hellip;]<\/p>\n","protected":false},"author":2,"featured_media":13465,"comment_status":"open","ping_status":"open","sticky":false,"template":"","format":"standard","meta":{"_acf_changed":false,"_monsterinsights_skip_tracking":false,"_monsterinsights_sitenote_active":false,"_monsterinsights_sitenote_note":"","_monsterinsights_sitenote_category":0,"_jetpack_memberships_contains_paid_content":false,"footnotes":"","jetpack_publicize_message":"","jetpack_publicize_feature_enabled":true,"jetpack_social_post_already_shared":true,"jetpack_social_options":{"image_generator_settings":{"template":"highway","default_image_id":0,"font":"","enabled":false},"version":2}},"categories":[8,1],"tags":[],"class_list":["post-13464","post","type-post","status-publish","format-standard","has-post-thumbnail","hentry","category-cultura","category-noticias"],"acf":[],"jetpack_publicize_connections":[],"jetpack_featured_media_url":"https:\/\/i0.wp.com\/blogdoeloiltoncajuhy.com.br\/site\/wp-content\/uploads\/2016\/11\/Heitor_Vila-Lobos.jpg?fit=200%2C377&ssl=1","jetpack_sharing_enabled":true,"publishpress_future_workflow_manual_trigger":{"enabledWorkflows":[]},"_links":{"self":[{"href":"https:\/\/blogdoeloiltoncajuhy.com.br\/site\/wp-json\/wp\/v2\/posts\/13464","targetHints":{"allow":["GET"]}}],"collection":[{"href":"https:\/\/blogdoeloiltoncajuhy.com.br\/site\/wp-json\/wp\/v2\/posts"}],"about":[{"href":"https:\/\/blogdoeloiltoncajuhy.com.br\/site\/wp-json\/wp\/v2\/types\/post"}],"author":[{"embeddable":true,"href":"https:\/\/blogdoeloiltoncajuhy.com.br\/site\/wp-json\/wp\/v2\/users\/2"}],"replies":[{"embeddable":true,"href":"https:\/\/blogdoeloiltoncajuhy.com.br\/site\/wp-json\/wp\/v2\/comments?post=13464"}],"version-history":[{"count":1,"href":"https:\/\/blogdoeloiltoncajuhy.com.br\/site\/wp-json\/wp\/v2\/posts\/13464\/revisions"}],"predecessor-version":[{"id":13466,"href":"https:\/\/blogdoeloiltoncajuhy.com.br\/site\/wp-json\/wp\/v2\/posts\/13464\/revisions\/13466"}],"wp:featuredmedia":[{"embeddable":true,"href":"https:\/\/blogdoeloiltoncajuhy.com.br\/site\/wp-json\/wp\/v2\/media\/13465"}],"wp:attachment":[{"href":"https:\/\/blogdoeloiltoncajuhy.com.br\/site\/wp-json\/wp\/v2\/media?parent=13464"}],"wp:term":[{"taxonomy":"category","embeddable":true,"href":"https:\/\/blogdoeloiltoncajuhy.com.br\/site\/wp-json\/wp\/v2\/categories?post=13464"},{"taxonomy":"post_tag","embeddable":true,"href":"https:\/\/blogdoeloiltoncajuhy.com.br\/site\/wp-json\/wp\/v2\/tags?post=13464"}],"curies":[{"name":"wp","href":"https:\/\/api.w.org\/{rel}","templated":true}]}}