{"id":13455,"date":"2016-11-16T23:08:01","date_gmt":"2016-11-17T02:08:01","guid":{"rendered":"http:\/\/blogdoeloiltoncajuhy.com.br\/site\/?p=13455"},"modified":"2016-11-16T23:08:01","modified_gmt":"2016-11-17T02:08:01","slug":"bonfim-hermogenes-espera-consenso-na-indicacao-do-nome-que-ira-disputar-presidencia-da-camara","status":"publish","type":"post","link":"https:\/\/blogdoeloiltoncajuhy.com.br\/site\/bonfim-hermogenes-espera-consenso-na-indicacao-do-nome-que-ira-disputar-presidencia-da-camara\/","title":{"rendered":"BONFIM: Herm\u00f3genes espera consenso na indica\u00e7\u00e3o do nome que ir\u00e1 disputar presid\u00eancia da C\u00e2mara"},"content":{"rendered":"<p><a href=\"https:\/\/i0.wp.com\/blogdoeloiltoncajuhy.com.br\/site\/wp-content\/uploads\/2016\/11\/moge-1-e1479348435480.jpg\"><img data-recalc-dims=\"1\" fetchpriority=\"high\" decoding=\"async\" class=\"aligncenter size-full wp-image-13456\" src=\"https:\/\/i0.wp.com\/blogdoeloiltoncajuhy.com.br\/site\/wp-content\/uploads\/2016\/11\/moge-1-e1479348435480.jpg?resize=600%2C400\" alt=\"moge-1\" width=\"600\" height=\"400\" \/><\/a>O vereador eleito pela coliga\u00e7\u00e3o \u201cUnidos por Bonfim\u201d, Herm\u00f3genes Almeida (PT), foi o entrevistado do programa de radio Pega Fogo desta quarta-feira, 16, apresentado pelo radialista Augusto Gomes e transmitido para Senhor do Bonfim e regi\u00e3o pela Rainha FM.<\/p>\n<p>Durante a entrevista Moge (como \u00e9 popularmente conhecido) abordou assuntos importantes, como: crise econ\u00f4mica e ruptura no governo federal. Mais uma vez falou sobre a disputa pela presid\u00eancia da C\u00e2mara de Vereadores de Senhor do Bonfim e a consolida\u00e7\u00e3o do munic\u00edpio como p\u00f3lo educacional.<\/p>\n<p><strong>Crise econ\u00f4mica<\/strong><\/p>\n<p>Herm\u00f3genes abordou o assunto que tem tirado o sono de todo cidad\u00e3o brasileiro, a crise econ\u00f4mica respons\u00e1vel pelo crescente numero no desemprego no pa\u00eds. Segundo o vereador, a crise econ\u00f4mica, que \u00e9 mundial, fez um grande estrago no Brasil causando o maior numero de desempregados j\u00e1 registrado.<\/p>\n<p>Ainda segundo Moge, um ponto que influenciou bastante no agravo da crise no pa\u00eds foi \u00e0 ruptura no governo federal, fazendo com que toda estrutura governamental ficasse est\u00e1tica e n\u00e3o avan\u00e7asse em muitos aspectos como na gera\u00e7\u00e3o de emprego e renda, culminando com o aumento na carga tributaria dos brasileiros, o que ampliou a crise.<\/p>\n<p><strong>Presid\u00eancia da C\u00e2mara de Vereadores<\/strong><\/p>\n<p>Herm\u00f3genes falou tamb\u00e9m sobre a disputa pela presid\u00eancia da c\u00e2mara de vereadores que conta com quatro postulantes ao cargo, entre eles, o pr\u00f3prio Herm\u00f3genes Almeida. O vereador voltou a falar de sua experi\u00eancia de tr\u00eas mandatos no legislativo e de que n\u00e3o haveria briga pelo cargo e sim um consenso em prol do desenvolvimento do munic\u00edpio.<\/p>\n<p>\u201cA c\u00e2mara de vereadores em 2017 contar\u00e1 com doze vereadores da base do prefeito eleito Carlos Brasileiro, ou seja, teremos uma base forte e muito unida. Os candidatos pertencem \u00e0 base do governo e somente ap\u00f3s um consenso sair\u00e1 o nome que disputar\u00e1 a presid\u00eancia da c\u00e2mara&#8221;, falou.<\/p>\n<p>Quando questionado se fosse eleito presidente da c\u00e2mara, o fato de pertencer ao mesmo partido do prefeito eleito Carlos Brasileiro se facilitaria as coisas para o executivo, Herm\u00f3genes Almeida respondeu que n\u00e3o, que o fato de pertencer \u00e0 mesma sigla partid\u00e1ria serviria como incentivo para juntos buscarem recursos para o munic\u00edpio.<\/p>\n<p><strong>P\u00f3lo Educacional<\/strong><\/p>\n<p>Moge falou tamb\u00e9m que Senhor do Bonfim tem de voltar a ser o centro do territ\u00f3rio pela sua import\u00e2ncia. \u201cUma das alternativas seria a consolida\u00e7\u00e3o de Senhor do Bonfim como p\u00f3lo educacional. Para isso, todos deveriam se unir na busca de meios para a implanta\u00e7\u00e3o de novos cursos como: Geologia e Engenharia de Minas para a UNIVASF e o curso de Medicina para a UNEB. Ampliando \u00e1reas de capacita\u00e7\u00e3o, muitos alunos ser\u00e3o atra\u00eddos de toda regi\u00e3o, movimentando tamb\u00e9m a economia do munic\u00edpio\u201d, disse.<\/p>\n<p><a href=\"https:\/\/i0.wp.com\/blogdoeloiltoncajuhy.com.br\/site\/wp-content\/uploads\/2016\/11\/moge-2-e1479348460869.jpg\"><img data-recalc-dims=\"1\" decoding=\"async\" class=\"aligncenter size-full wp-image-13457\" src=\"https:\/\/i0.wp.com\/blogdoeloiltoncajuhy.com.br\/site\/wp-content\/uploads\/2016\/11\/moge-2-e1479348460869.jpg?resize=600%2C400\" alt=\"moge-2\" width=\"600\" height=\"400\" \/><\/a>O vereador finalizou a entrevista afirmando que est\u00e1 atento a quest\u00f5es importantes do munic\u00edpio, como a implanta\u00e7\u00e3o do aterro sanit\u00e1rio e do matadouro municipal. \u201cEsses problemas tem causado muitos transtornos aos bonfinenses. Tem que haver uma uni\u00e3o entre executivo e legislativo, independente de sigla partid\u00e1ria, para que juntos possamos buscar solu\u00e7\u00f5es para esses problemas. Queria dizer tamb\u00e9m que estou atento a todas os problemas do distrito de Carrapichel e vou buscar junto ao governo municipal e deputados possibilidades para reforma e constru\u00e7\u00e3o de pra\u00e7as, cal\u00e7amento de algumas ruas do distrito e buscar uma solu\u00e7\u00e3o para o problema da ponte da Curadeira\u201d, finalizou.<\/p>\n<p><em>*ASCOM HERM\u00d3GENES ALMEIDA<\/em><\/p>\n","protected":false},"excerpt":{"rendered":"<p>O vereador eleito pela coliga\u00e7\u00e3o \u201cUnidos por Bonfim\u201d, Herm\u00f3genes Almeida (PT), foi o entrevistado do programa de radio Pega Fogo desta quarta-feira, 16, apresentado pelo radialista Augusto Gomes e transmitido para Senhor do Bonfim e regi\u00e3o pela Rainha FM. Durante a entrevista Moge (como \u00e9 popularmente conhecido) abordou assuntos importantes, como: crise econ\u00f4mica e ruptura [&hellip;]<\/p>\n","protected":false},"author":2,"featured_media":13457,"comment_status":"open","ping_status":"open","sticky":false,"template":"","format":"standard","meta":{"_acf_changed":false,"_monsterinsights_skip_tracking":false,"_monsterinsights_sitenote_active":false,"_monsterinsights_sitenote_note":"","_monsterinsights_sitenote_category":0,"_jetpack_memberships_contains_paid_content":false,"footnotes":"","jetpack_publicize_message":"","jetpack_publicize_feature_enabled":true,"jetpack_social_post_already_shared":true,"jetpack_social_options":{"image_generator_settings":{"template":"highway","default_image_id":0,"font":"","enabled":false},"version":2}},"categories":[1,3,4],"tags":[],"class_list":["post-13455","post","type-post","status-publish","format-standard","has-post-thumbnail","hentry","category-noticias","category-politica","category-local"],"acf":[],"jetpack_publicize_connections":[],"jetpack_featured_media_url":"https:\/\/i0.wp.com\/blogdoeloiltoncajuhy.com.br\/site\/wp-content\/uploads\/2016\/11\/moge-2-e1479348460869.jpg?fit=600%2C400&ssl=1","jetpack_sharing_enabled":true,"publishpress_future_workflow_manual_trigger":{"enabledWorkflows":[]},"_links":{"self":[{"href":"https:\/\/blogdoeloiltoncajuhy.com.br\/site\/wp-json\/wp\/v2\/posts\/13455","targetHints":{"allow":["GET"]}}],"collection":[{"href":"https:\/\/blogdoeloiltoncajuhy.com.br\/site\/wp-json\/wp\/v2\/posts"}],"about":[{"href":"https:\/\/blogdoeloiltoncajuhy.com.br\/site\/wp-json\/wp\/v2\/types\/post"}],"author":[{"embeddable":true,"href":"https:\/\/blogdoeloiltoncajuhy.com.br\/site\/wp-json\/wp\/v2\/users\/2"}],"replies":[{"embeddable":true,"href":"https:\/\/blogdoeloiltoncajuhy.com.br\/site\/wp-json\/wp\/v2\/comments?post=13455"}],"version-history":[{"count":1,"href":"https:\/\/blogdoeloiltoncajuhy.com.br\/site\/wp-json\/wp\/v2\/posts\/13455\/revisions"}],"predecessor-version":[{"id":13458,"href":"https:\/\/blogdoeloiltoncajuhy.com.br\/site\/wp-json\/wp\/v2\/posts\/13455\/revisions\/13458"}],"wp:featuredmedia":[{"embeddable":true,"href":"https:\/\/blogdoeloiltoncajuhy.com.br\/site\/wp-json\/wp\/v2\/media\/13457"}],"wp:attachment":[{"href":"https:\/\/blogdoeloiltoncajuhy.com.br\/site\/wp-json\/wp\/v2\/media?parent=13455"}],"wp:term":[{"taxonomy":"category","embeddable":true,"href":"https:\/\/blogdoeloiltoncajuhy.com.br\/site\/wp-json\/wp\/v2\/categories?post=13455"},{"taxonomy":"post_tag","embeddable":true,"href":"https:\/\/blogdoeloiltoncajuhy.com.br\/site\/wp-json\/wp\/v2\/tags?post=13455"}],"curies":[{"name":"wp","href":"https:\/\/api.w.org\/{rel}","templated":true}]}}