{"id":13440,"date":"2016-11-15T09:55:39","date_gmt":"2016-11-15T12:55:39","guid":{"rendered":"http:\/\/blogdoeloiltoncajuhy.com.br\/site\/?p=13440"},"modified":"2016-11-15T09:55:39","modified_gmt":"2016-11-15T12:55:39","slug":"esportes-cbf-divulga-revisao-do-calendario-do-futebol-2017","status":"publish","type":"post","link":"https:\/\/blogdoeloiltoncajuhy.com.br\/site\/esportes-cbf-divulga-revisao-do-calendario-do-futebol-2017\/","title":{"rendered":"ESPORTES: CBF divulga revis\u00e3o do Calend\u00e1rio do Futebol 2017"},"content":{"rendered":"<figure id=\"attachment_13441\" aria-describedby=\"caption-attachment-13441\" style=\"width: 600px\" class=\"wp-caption aligncenter\"><a href=\"https:\/\/i0.wp.com\/blogdoeloiltoncajuhy.com.br\/site\/wp-content\/uploads\/2016\/11\/cbf-calend%C3%A1rio-e1479214514407.jpeg\"><img data-recalc-dims=\"1\" fetchpriority=\"high\" decoding=\"async\" class=\"wp-image-13441 size-full\" src=\"https:\/\/i0.wp.com\/blogdoeloiltoncajuhy.com.br\/site\/wp-content\/uploads\/2016\/11\/cbf-calend%C3%A1rio-e1479214514407.jpeg?resize=600%2C400\" alt=\"cbf-calendario\" width=\"600\" height=\"400\" \/><\/a><figcaption id=\"caption-attachment-13441\" class=\"wp-caption-text\">Cr\u00e9ditos: Divulga\u00e7\u00e3o<\/figcaption><\/figure>\n<p>A Diretoria de Competi\u00e7\u00f5es da CBF divulgou na tarde desta segunda-feira (14) a revis\u00e3o do Calend\u00e1rio do Futebol Brasileiro para 2017, adaptado a partir das mudan\u00e7as implementadas pela Confedera\u00e7\u00e3o Sul-Americana de Futebol (Conmebol) em 27 de setembro de 2016.<\/p>\n<p>Para atender aos prazos estabelecidos no Estatuto de Defesa do Torcedor, o an\u00fancio est\u00e1 sendo feito antes mesmo da publica\u00e7\u00e3o oficial do calend\u00e1rio 2017 da Conmebol. Em decorr\u00eancia disso, qualquer ajuste que se fizer necess\u00e1rio futuramente, quando houver a publica\u00e7\u00e3o oficial por parte da entidade continental, ser\u00e1 devidamente comunicado.<\/p>\n<p>Em rela\u00e7\u00e3o ao calend\u00e1rio divulgado em julho, est\u00e1 mantida a paralisa\u00e7\u00e3o da S\u00e9rie A em tr\u00eas datas para a Sele\u00e7\u00e3o Brasileira nas Eliminat\u00f3rias.<\/p>\n<p><strong>Pr\u00e9-temporada:<\/strong><\/p>\n<p>A pr\u00e9-temporada dos clubes ter\u00e1 25 dias, e acontecer\u00e1 entre 4 e 28 de janeiro.<\/p>\n<p><strong>Estaduais:<\/strong><\/p>\n<p>As competi\u00e7\u00f5es estaduais poder\u00e3o ser realizadas dentro de 18 datas compreendidas entre os dias 29 de janeiro e 7 de maio, sendo 15 delas nos finais de semana e 3 no meio da semana. Em rela\u00e7\u00e3o ao calend\u00e1rio publicado em julho, a data para a final dos estaduais foi adiada em uma semana.<\/p>\n<p><strong>Regionais:<\/strong><\/p>\n<p>As datas para a Copa do Nordeste e Copa Verde ser\u00e3o publicadas oportunamente para as federa\u00e7\u00f5es envolvidas, levando-se em conta a quantidade e a distribui\u00e7\u00e3o de datas utilizadas por cada um dos certames.<\/p>\n<p><strong>Copa do Brasil:<\/strong><\/p>\n<p>A f\u00f3rmula de disputa detalhada ser\u00e1 publicada oportunamente. Em suma, ser\u00e3o oito fases (cinco no primeiro semestre e tr\u00eas no segundo). A competi\u00e7\u00e3o ter\u00e1 23 datas entre 8 de fevereiro a 12 de outubro. As duas primeiras fases ser\u00e3o decididas em jogo \u00fanico. Equipes que participam da Libertadores entram na quinta fase (oitavas de final). As equipes que disputar\u00e3o a Sul-Americana poder\u00e3o jogar a Copa do Brasil desde o in\u00edcio. As semifinais e finais ser\u00e3o disputadas em datas exclusivas.<\/p>\n<p><strong>Campeonato Brasileiro:<\/strong><\/p>\n<p><strong>S\u00e9rie A &#8211;<\/strong> de 14\/05 a 03\/12 (38 datas), sendo 10 no meio de semana.<\/p>\n<p><strong>S\u00e9rie B &#8211;<\/strong> de 13\/05 a 25\/11 (38 datas), sendo 11 no meio de semana.<\/p>\n<p><strong>S\u00e9rie C &#8211;<\/strong> de 14\/05 a 22\/10 (24 datas). A final foi adiada em uma semana.<\/p>\n<p><strong>S\u00e9rie D &#8211;<\/strong> de 21\/05 a 03\/09 (16 datas).<br \/>\n<strong>Competi\u00e7\u00f5es da CONMEBOL<\/strong> (pendente de publica\u00e7\u00e3o):<\/p>\n<p><strong>Ta\u00e7a Libertadores &#8211;<\/strong> de 1\u00ba de fevereiro a 29 de novembro (total: 20 datas).<\/p>\n<p><strong>Copa Sul-Americana \u2013<\/strong> de 5 de abril a 13 de dezembro (12 datas).<\/p>\n<p><em>As datas de Libertadores e Sul-Americana precisam estar alinhadas com a Copa do Brasil, nas suas fases 4, 5 e 6.<\/em><\/p>\n<p><em>*CBF<\/em><\/p>\n","protected":false},"excerpt":{"rendered":"<p>A Diretoria de Competi\u00e7\u00f5es da CBF divulgou na tarde desta segunda-feira (14) a revis\u00e3o do Calend\u00e1rio do Futebol Brasileiro para 2017, adaptado a partir das mudan\u00e7as implementadas pela Confedera\u00e7\u00e3o Sul-Americana de Futebol (Conmebol) em 27 de setembro de 2016. Para atender aos prazos estabelecidos no Estatuto de Defesa do Torcedor, o an\u00fancio est\u00e1 sendo feito [&hellip;]<\/p>\n","protected":false},"author":2,"featured_media":13441,"comment_status":"open","ping_status":"open","sticky":false,"template":"","format":"standard","meta":{"_acf_changed":false,"_monsterinsights_skip_tracking":false,"_monsterinsights_sitenote_active":false,"_monsterinsights_sitenote_note":"","_monsterinsights_sitenote_category":0,"_jetpack_memberships_contains_paid_content":false,"footnotes":"","jetpack_publicize_message":"","jetpack_publicize_feature_enabled":true,"jetpack_social_post_already_shared":true,"jetpack_social_options":{"image_generator_settings":{"template":"highway","default_image_id":0,"font":"","enabled":false},"version":2}},"categories":[6,1],"tags":[],"class_list":["post-13440","post","type-post","status-publish","format-standard","has-post-thumbnail","hentry","category-esportes","category-noticias"],"acf":[],"jetpack_publicize_connections":[],"jetpack_featured_media_url":"https:\/\/i0.wp.com\/blogdoeloiltoncajuhy.com.br\/site\/wp-content\/uploads\/2016\/11\/cbf-calend%C3%A1rio-e1479214514407.jpeg?fit=600%2C400&ssl=1","jetpack_sharing_enabled":true,"publishpress_future_workflow_manual_trigger":{"enabledWorkflows":[]},"_links":{"self":[{"href":"https:\/\/blogdoeloiltoncajuhy.com.br\/site\/wp-json\/wp\/v2\/posts\/13440","targetHints":{"allow":["GET"]}}],"collection":[{"href":"https:\/\/blogdoeloiltoncajuhy.com.br\/site\/wp-json\/wp\/v2\/posts"}],"about":[{"href":"https:\/\/blogdoeloiltoncajuhy.com.br\/site\/wp-json\/wp\/v2\/types\/post"}],"author":[{"embeddable":true,"href":"https:\/\/blogdoeloiltoncajuhy.com.br\/site\/wp-json\/wp\/v2\/users\/2"}],"replies":[{"embeddable":true,"href":"https:\/\/blogdoeloiltoncajuhy.com.br\/site\/wp-json\/wp\/v2\/comments?post=13440"}],"version-history":[{"count":1,"href":"https:\/\/blogdoeloiltoncajuhy.com.br\/site\/wp-json\/wp\/v2\/posts\/13440\/revisions"}],"predecessor-version":[{"id":13442,"href":"https:\/\/blogdoeloiltoncajuhy.com.br\/site\/wp-json\/wp\/v2\/posts\/13440\/revisions\/13442"}],"wp:featuredmedia":[{"embeddable":true,"href":"https:\/\/blogdoeloiltoncajuhy.com.br\/site\/wp-json\/wp\/v2\/media\/13441"}],"wp:attachment":[{"href":"https:\/\/blogdoeloiltoncajuhy.com.br\/site\/wp-json\/wp\/v2\/media?parent=13440"}],"wp:term":[{"taxonomy":"category","embeddable":true,"href":"https:\/\/blogdoeloiltoncajuhy.com.br\/site\/wp-json\/wp\/v2\/categories?post=13440"},{"taxonomy":"post_tag","embeddable":true,"href":"https:\/\/blogdoeloiltoncajuhy.com.br\/site\/wp-json\/wp\/v2\/tags?post=13440"}],"curies":[{"name":"wp","href":"https:\/\/api.w.org\/{rel}","templated":true}]}}