{"id":13423,"date":"2016-11-14T16:23:10","date_gmt":"2016-11-14T19:23:10","guid":{"rendered":"http:\/\/blogdoeloiltoncajuhy.com.br\/site\/?p=13423"},"modified":"2016-11-14T16:23:10","modified_gmt":"2016-11-14T19:23:10","slug":"emprego-120-concursos-publicos-abertos-reunem-154-mil-vagas-no-pais","status":"publish","type":"post","link":"https:\/\/blogdoeloiltoncajuhy.com.br\/site\/emprego-120-concursos-publicos-abertos-reunem-154-mil-vagas-no-pais\/","title":{"rendered":"EMPREGO: 120 concursos p\u00fablicos abertos re\u00fanem 15,4 mil vagas no pa\u00eds"},"content":{"rendered":"<p style=\"text-align: center;\"><em><strong>Sal\u00e1rios chegam a R$ 15,7 mil na Prefeitura de Videira (SC). Quatro \u00f3rg\u00e3os abrem inscri\u00e7\u00f5es para 792 vagas nesta segunda (14)<\/strong><\/em><\/p>\n<p style=\"text-align: left;\">Pelo menos 120 concursos p\u00fablicos no pa\u00eds est\u00e3o com inscri\u00e7\u00f5es abertas nesta segunda-feira (14) e re\u00fanem 15.474 vagas em cargos de todos os n\u00edveis de escolaridade. Os sal\u00e1rios chegam a R$ 15.798,73 na Prefeitura de Videira (SC).<\/p>\n<p style=\"text-align: left;\"><a href=\"http:\/\/especiais.g1.globo.com\/economia\/concursos-e-emprego\/lista-de-concursos-publicos-e-vagas-de-emprego\/\"><strong>CONFIRA AQUI A LISTA COMPLETA DE CONCURSOS E OPORTUNIDADES<\/strong><\/a><\/p>\n<div class=\"mc-column content-text active-extra-styles\" data-block-type=\"unstyled\">\n<figure id=\"attachment_13424\" aria-describedby=\"caption-attachment-13424\" style=\"width: 640px\" class=\"wp-caption aligncenter\"><a href=\"https:\/\/i0.wp.com\/blogdoeloiltoncajuhy.com.br\/site\/wp-content\/uploads\/2016\/11\/concurso-publico-nov_2016.jpg\"><img data-recalc-dims=\"1\" fetchpriority=\"high\" decoding=\"async\" class=\"wp-image-13424 size-full\" src=\"https:\/\/i0.wp.com\/blogdoeloiltoncajuhy.com.br\/site\/wp-content\/uploads\/2016\/11\/concurso-publico-nov_2016.jpg?resize=640%2C480\" alt=\"concurso-publico-nov_2016\" width=\"640\" height=\"480\" srcset=\"https:\/\/i0.wp.com\/blogdoeloiltoncajuhy.com.br\/site\/wp-content\/uploads\/2016\/11\/concurso-publico-nov_2016.jpg?w=640&amp;ssl=1 640w, https:\/\/i0.wp.com\/blogdoeloiltoncajuhy.com.br\/site\/wp-content\/uploads\/2016\/11\/concurso-publico-nov_2016.jpg?resize=300%2C225&amp;ssl=1 300w, https:\/\/i0.wp.com\/blogdoeloiltoncajuhy.com.br\/site\/wp-content\/uploads\/2016\/11\/concurso-publico-nov_2016.jpg?resize=250%2C188&amp;ssl=1 250w\" sizes=\"(max-width: 640px) 100vw, 640px\" \/><\/a><figcaption id=\"caption-attachment-13424\" class=\"wp-caption-text\">Foto: Reprodu\u00e7\u00e3o\/EPTV<\/figcaption><\/figure>\n<p class=\"content-text__container \" data-track-category=\"Link no Texto\" data-track-links=\"\">Al\u00e9m das vagas abertas, h\u00e1 concursos para forma\u00e7\u00e3o de cadastro de reserva \u2013 ou seja, os candidatos aprovados s\u00e3o chamados conforme a abertura de vagas durante a validade do concurso.<\/p>\n<\/div>\n<div class=\"mc-column content-text active-extra-styles\" data-block-type=\"unstyled\">\n<p class=\"content-text__container \" data-track-category=\"Link no Texto\" data-track-links=\"\">Entre os \u00f3rg\u00e3os com inscri\u00e7\u00f5es abertas est\u00e3o: <a href=\"http:\/\/g1.globo.com\/economia\/concursos-e-emprego\/noticia\/inca-abre-concurso-para-26-vagas-idecan-e-a-organizadora.ghtml\">Instituto Nacional do C\u00e2ncer Jos\u00e9 Alencar Gomes da Silva (Inca)<\/a>, com 26 vagas e sal\u00e1rio de at\u00e9 R$ 106 mil, <a href=\"http:\/\/g1.globo.com\/economia\/concursos-e-emprego\/noticia\/marinha-prorroga-inscricoes-para-450-vagas-de-nivel-superior.ghtml\">Marinha<\/a>, com 450 vagas e sal\u00e1rio de at\u00e9 R$ 8 mil, e <a href=\"http:\/\/g1.globo.com\/economia\/concursos-e-emprego\/noticia\/tribunal-de-justica-militar-de-sp-abre-concurso-para-8-vagas.ghtml\">Tribunal de Justi\u00e7a Militar de S\u00e3o Paulo (TJM-SP)<\/a>, com 8 vagas e sal\u00e1rio de at\u00e9 R$ 6 mil.<\/p>\n<\/div>\n<div class=\"mc-column content-text active-extra-styles\" data-block-type=\"unstyled\">\n<p class=\"content-text__container \" data-track-category=\"Link no Texto\" data-track-links=\"\">Os quatro \u00f3rg\u00e3os que abrem inscri\u00e7\u00f5es para 792 vagas nesta segunda (14) s\u00e3o os seguintes:<\/p>\n<\/div>\n<div class=\"mc-column content-text active-extra-styles\" data-block-type=\"unstyled\">\n<p class=\"content-text__container \" data-track-category=\"Link no Texto\" data-track-links=\"\"><strong>C\u00e2mara Municipal de Riachinho (MG)<\/strong><br \/>\nA C\u00e2mara Municipal de Riachinho (MG) far\u00e1 concurso p\u00fablico para 7 vagas em cargos de n\u00edveis fundamental, m\u00e9dio e superior. As remunera\u00e7\u00f5es variam de R$ 880 a R$ 1.800. Os candidatos podem se inscrever no per\u00edodo de 14 de novembro a 13 de dezembro pelo site www.examesconsultores.com.br. As provas objetivas e de t\u00edtulos est\u00e3o previstas para o dia 8 de janeiro de 2017 <a href=\"http:\/\/exameconsultores.com.br\/v3\/concurso\/327\" target=\"_blank\" rel=\"noopener nofollow\">(veja o edital no site da organizadora)<\/a>.<\/p>\n<\/div>\n<div class=\"mc-column content-text active-extra-styles\" data-block-type=\"unstyled\">\n<p class=\"content-text__container \" data-track-category=\"Link no Texto\" data-track-links=\"\"><strong>Corpo de Bombeiros do Distrito Federal<\/strong><br \/>\nO Corpo de Bombeiros do Distrito Federal vai reabrir as inscri\u00e7\u00f5es de seis concursos p\u00fablicos para um total de 779 vagas e forma\u00e7\u00e3o de cadastro de reserva em cargos de n\u00edvel superior. Os sal\u00e1rios variam de R$ 5.108,08 a R$ 11.654,95. As inscri\u00e7\u00f5es podem ser feitas pelo site www.idecan.org.br entre os dias 14 de novembro e 19 de dezembro. A sele\u00e7\u00e3o ser\u00e1 feita por meio de prova objetiva, exame de aptid\u00e3o f\u00edsica, inspe\u00e7\u00e3o de sa\u00fade, avalia\u00e7\u00e3o psicol\u00f3gica e sindic\u00e2ncia de vida pregressa e investiga\u00e7\u00e3o social e funcional <a href=\"http:\/\/idecan.org.br\/getConc.aspx?key=a3X76GJtZRU=\" target=\"_blank\" rel=\"noopener nofollow\">(veja os editais no site da organizadora)<\/a>.<\/p>\n<\/div>\n<div class=\"mc-column content-text active-extra-styles\" data-block-type=\"unstyled\">\n<p class=\"content-text__container \" data-track-category=\"Link no Texto\" data-track-links=\"\"><strong>Funda\u00e7\u00e3o de Hematologia e Hemoterapia da Bahia (Hemoba) <\/strong><br \/>\nA Funda\u00e7\u00e3o de Hematologia e Hemoterapia da Bahia (Hemoba) vai abrir processo seletivo para 6 vagas em cargos de n\u00edvel superior. Os sal\u00e1rios v\u00e3o de R$ 2.704,95 a R$ 3.016,68. As inscri\u00e7\u00f5es estar\u00e3o abertas de 14 a 21 de novembro pelo site http:\/\/selecao.ba.gov.br. A sele\u00e7\u00e3o ser\u00e1 feita por meio de an\u00e1lise curricular <a href=\"http:\/\/www.saude.ba.gov.br\/hemoba\/index.php?option=com_content&amp;view=article&amp;id=344&amp;Itemid=176\" target=\"_blank\" rel=\"noopener nofollow\">(veja o edital no site da Hemoba)<\/a>.<\/p>\n<\/div>\n<div class=\"mc-column content-text active-extra-styles\" data-block-type=\"unstyled\">\n<p class=\"content-text__container \" data-track-category=\"Link no Texto\" data-track-links=\"\"><strong>Prefeitura de Guabiruba (SC)<\/strong><br \/>\nA Prefeitura de Guabiruba (SC) divulgou edital de processo seletivo para forma\u00e7\u00e3o de cadastro de reserva em cargos de n\u00edveis m\u00e9dio e superior. As remunera\u00e7\u00f5es variam de R$ 925,49 a R$ 1.931,28. As inscri\u00e7\u00f5es podem ser feitas pelo site www.ibam-concursos.org.br entre os dias 14 a 28 de novembro. As provas objetivas ser\u00e3o aplicadas em 18 de dezembro. Ainda haver\u00e1 avalia\u00e7\u00e3o de t\u00edtulos <a href=\"http:\/\/www.ibam-concursos.org.br\/\" target=\"_blank\" rel=\"noopener nofollow\">(veja o edital no site da organizadora)<\/a>.<\/p>\n<p class=\"content-text__container \" data-track-category=\"Link no Texto\" data-track-links=\"\"><em>*G1<\/em><\/p>\n<\/div>\n","protected":false},"excerpt":{"rendered":"<p>Sal\u00e1rios chegam a R$ 15,7 mil na Prefeitura de Videira (SC). Quatro \u00f3rg\u00e3os abrem inscri\u00e7\u00f5es para 792 vagas nesta segunda (14) Pelo menos 120 concursos p\u00fablicos no pa\u00eds est\u00e3o com inscri\u00e7\u00f5es abertas nesta segunda-feira (14) e re\u00fanem 15.474 vagas em cargos de todos os n\u00edveis de escolaridade. Os sal\u00e1rios chegam a R$ 15.798,73 na Prefeitura [&hellip;]<\/p>\n","protected":false},"author":2,"featured_media":13424,"comment_status":"open","ping_status":"open","sticky":false,"template":"","format":"standard","meta":{"_acf_changed":false,"_monsterinsights_skip_tracking":false,"_monsterinsights_sitenote_active":false,"_monsterinsights_sitenote_note":"","_monsterinsights_sitenote_category":0,"_jetpack_memberships_contains_paid_content":false,"footnotes":"","jetpack_publicize_message":"","jetpack_publicize_feature_enabled":true,"jetpack_social_post_already_shared":true,"jetpack_social_options":{"image_generator_settings":{"template":"highway","default_image_id":0,"font":"","enabled":false},"version":2}},"categories":[5,1],"tags":[],"class_list":["post-13423","post","type-post","status-publish","format-standard","has-post-thumbnail","hentry","category-cotidiano","category-noticias"],"acf":[],"jetpack_publicize_connections":[],"jetpack_featured_media_url":"https:\/\/i0.wp.com\/blogdoeloiltoncajuhy.com.br\/site\/wp-content\/uploads\/2016\/11\/concurso-publico-nov_2016.jpg?fit=640%2C480&ssl=1","jetpack_sharing_enabled":true,"publishpress_future_workflow_manual_trigger":{"enabledWorkflows":[]},"_links":{"self":[{"href":"https:\/\/blogdoeloiltoncajuhy.com.br\/site\/wp-json\/wp\/v2\/posts\/13423","targetHints":{"allow":["GET"]}}],"collection":[{"href":"https:\/\/blogdoeloiltoncajuhy.com.br\/site\/wp-json\/wp\/v2\/posts"}],"about":[{"href":"https:\/\/blogdoeloiltoncajuhy.com.br\/site\/wp-json\/wp\/v2\/types\/post"}],"author":[{"embeddable":true,"href":"https:\/\/blogdoeloiltoncajuhy.com.br\/site\/wp-json\/wp\/v2\/users\/2"}],"replies":[{"embeddable":true,"href":"https:\/\/blogdoeloiltoncajuhy.com.br\/site\/wp-json\/wp\/v2\/comments?post=13423"}],"version-history":[{"count":1,"href":"https:\/\/blogdoeloiltoncajuhy.com.br\/site\/wp-json\/wp\/v2\/posts\/13423\/revisions"}],"predecessor-version":[{"id":13425,"href":"https:\/\/blogdoeloiltoncajuhy.com.br\/site\/wp-json\/wp\/v2\/posts\/13423\/revisions\/13425"}],"wp:featuredmedia":[{"embeddable":true,"href":"https:\/\/blogdoeloiltoncajuhy.com.br\/site\/wp-json\/wp\/v2\/media\/13424"}],"wp:attachment":[{"href":"https:\/\/blogdoeloiltoncajuhy.com.br\/site\/wp-json\/wp\/v2\/media?parent=13423"}],"wp:term":[{"taxonomy":"category","embeddable":true,"href":"https:\/\/blogdoeloiltoncajuhy.com.br\/site\/wp-json\/wp\/v2\/categories?post=13423"},{"taxonomy":"post_tag","embeddable":true,"href":"https:\/\/blogdoeloiltoncajuhy.com.br\/site\/wp-json\/wp\/v2\/tags?post=13423"}],"curies":[{"name":"wp","href":"https:\/\/api.w.org\/{rel}","templated":true}]}}