{"id":13418,"date":"2016-11-14T11:57:52","date_gmt":"2016-11-14T14:57:52","guid":{"rendered":"http:\/\/blogdoeloiltoncajuhy.com.br\/site\/?p=13418"},"modified":"2016-11-14T11:57:52","modified_gmt":"2016-11-14T14:57:52","slug":"andorinha-realiza-campanha-contra-a-febre-aftosa","status":"publish","type":"post","link":"https:\/\/blogdoeloiltoncajuhy.com.br\/site\/andorinha-realiza-campanha-contra-a-febre-aftosa\/","title":{"rendered":"Andorinha realiza campanha contra a Febre Aftosa"},"content":{"rendered":"<p><a href=\"https:\/\/i0.wp.com\/blogdoeloiltoncajuhy.com.br\/site\/wp-content\/uploads\/2016\/11\/vacina%C3%A7%C3%A3o-aftosa.jpg\"><img data-recalc-dims=\"1\" fetchpriority=\"high\" decoding=\"async\" class=\"aligncenter size-full wp-image-13419\" src=\"https:\/\/i0.wp.com\/blogdoeloiltoncajuhy.com.br\/site\/wp-content\/uploads\/2016\/11\/vacina%C3%A7%C3%A3o-aftosa.jpg?resize=620%2C412\" alt=\"vacinacao-aftosa\" width=\"620\" height=\"412\" srcset=\"https:\/\/i0.wp.com\/blogdoeloiltoncajuhy.com.br\/site\/wp-content\/uploads\/2016\/11\/vacina%C3%A7%C3%A3o-aftosa.jpg?w=620&amp;ssl=1 620w, https:\/\/i0.wp.com\/blogdoeloiltoncajuhy.com.br\/site\/wp-content\/uploads\/2016\/11\/vacina%C3%A7%C3%A3o-aftosa.jpg?resize=300%2C199&amp;ssl=1 300w, https:\/\/i0.wp.com\/blogdoeloiltoncajuhy.com.br\/site\/wp-content\/uploads\/2016\/11\/vacina%C3%A7%C3%A3o-aftosa.jpg?resize=250%2C166&amp;ssl=1 250w\" sizes=\"(max-width: 620px) 100vw, 620px\" \/><\/a>A prefeitura de Andorinha, por meio da Secretaria de Desenvolvimento Rural e Meio Ambiente, em parceria com Ag\u00eancia de Defesa Agropecu\u00e1ria da Bahia \u2013 Adab, est\u00e1 realizando campanha contra a Febre Aftosa. A campanha municipal est\u00e1 inserida no calend\u00e1rio estadual e teve in\u00edcio em 1\u00ba de novembro, sendo estendida at\u00e9 o final do m\u00eas, dia 30.<\/p>\n<p>\u201cO munic\u00edpio de Andorinha sempre teve participa\u00e7\u00e3o efetiva nas campanhas e esse ano n\u00e3o ser\u00e1 diferente. Espero que todos estejam atentos para fecharmos com os 100% de vacina\u00e7\u00e3o do nosso rebanho&#8221;, comentou o secret\u00e1rio de Desenvolvimento Rural e Meio Ambiente\u201d, Ant\u00f4nio Guimaraes.<\/p>\n<p>Todos os bovinos com idade at\u00e9 24 meses dever\u00e3o ser vacinados, e todos os produtores cadastrados dever\u00e3o comparecer para regulariza\u00e7\u00e3o dos rebanhos, at\u00e9 o dia 30 de novembro. Atualmente o rebanho de Andorinha \u00e9 de aproximadamente 15 mil bovinos.<\/p>\n<p><em>*Ascom Andorinha<\/em><\/p>\n","protected":false},"excerpt":{"rendered":"<p>A prefeitura de Andorinha, por meio da Secretaria de Desenvolvimento Rural e Meio Ambiente, em parceria com Ag\u00eancia de Defesa Agropecu\u00e1ria da Bahia \u2013 Adab, est\u00e1 realizando campanha contra a Febre Aftosa. A campanha municipal est\u00e1 inserida no calend\u00e1rio estadual e teve in\u00edcio em 1\u00ba de novembro, sendo estendida at\u00e9 o final do m\u00eas, dia [&hellip;]<\/p>\n","protected":false},"author":2,"featured_media":13419,"comment_status":"open","ping_status":"open","sticky":false,"template":"","format":"standard","meta":{"_acf_changed":false,"_monsterinsights_skip_tracking":false,"_monsterinsights_sitenote_active":false,"_monsterinsights_sitenote_note":"","_monsterinsights_sitenote_category":0,"_jetpack_memberships_contains_paid_content":false,"footnotes":"","jetpack_publicize_message":"","jetpack_publicize_feature_enabled":true,"jetpack_social_post_already_shared":true,"jetpack_social_options":{"image_generator_settings":{"template":"highway","default_image_id":0,"font":"","enabled":false},"version":2}},"categories":[1,11],"tags":[],"class_list":["post-13418","post","type-post","status-publish","format-standard","has-post-thumbnail","hentry","category-noticias","category-regional"],"acf":[],"jetpack_publicize_connections":[],"jetpack_featured_media_url":"https:\/\/i0.wp.com\/blogdoeloiltoncajuhy.com.br\/site\/wp-content\/uploads\/2016\/11\/vacina%C3%A7%C3%A3o-aftosa.jpg?fit=620%2C412&ssl=1","jetpack_sharing_enabled":true,"publishpress_future_workflow_manual_trigger":{"enabledWorkflows":[]},"_links":{"self":[{"href":"https:\/\/blogdoeloiltoncajuhy.com.br\/site\/wp-json\/wp\/v2\/posts\/13418","targetHints":{"allow":["GET"]}}],"collection":[{"href":"https:\/\/blogdoeloiltoncajuhy.com.br\/site\/wp-json\/wp\/v2\/posts"}],"about":[{"href":"https:\/\/blogdoeloiltoncajuhy.com.br\/site\/wp-json\/wp\/v2\/types\/post"}],"author":[{"embeddable":true,"href":"https:\/\/blogdoeloiltoncajuhy.com.br\/site\/wp-json\/wp\/v2\/users\/2"}],"replies":[{"embeddable":true,"href":"https:\/\/blogdoeloiltoncajuhy.com.br\/site\/wp-json\/wp\/v2\/comments?post=13418"}],"version-history":[{"count":1,"href":"https:\/\/blogdoeloiltoncajuhy.com.br\/site\/wp-json\/wp\/v2\/posts\/13418\/revisions"}],"predecessor-version":[{"id":13420,"href":"https:\/\/blogdoeloiltoncajuhy.com.br\/site\/wp-json\/wp\/v2\/posts\/13418\/revisions\/13420"}],"wp:featuredmedia":[{"embeddable":true,"href":"https:\/\/blogdoeloiltoncajuhy.com.br\/site\/wp-json\/wp\/v2\/media\/13419"}],"wp:attachment":[{"href":"https:\/\/blogdoeloiltoncajuhy.com.br\/site\/wp-json\/wp\/v2\/media?parent=13418"}],"wp:term":[{"taxonomy":"category","embeddable":true,"href":"https:\/\/blogdoeloiltoncajuhy.com.br\/site\/wp-json\/wp\/v2\/categories?post=13418"},{"taxonomy":"post_tag","embeddable":true,"href":"https:\/\/blogdoeloiltoncajuhy.com.br\/site\/wp-json\/wp\/v2\/tags?post=13418"}],"curies":[{"name":"wp","href":"https:\/\/api.w.org\/{rel}","templated":true}]}}