{"id":13416,"date":"2016-11-13T20:57:45","date_gmt":"2016-11-13T23:57:45","guid":{"rendered":"http:\/\/blogdoeloiltoncajuhy.com.br\/site\/?p=13416"},"modified":"2016-11-13T20:57:45","modified_gmt":"2016-11-13T23:57:45","slug":"rui-costa-obtem-vitoria-no-stf-e-valor-da-repatriacao-para-a-bahia-pode-dobrar","status":"publish","type":"post","link":"https:\/\/blogdoeloiltoncajuhy.com.br\/site\/rui-costa-obtem-vitoria-no-stf-e-valor-da-repatriacao-para-a-bahia-pode-dobrar\/","title":{"rendered":"Rui Costa obt\u00e9m vit\u00f3ria no STF e valor da repatria\u00e7\u00e3o para a Bahia pode dobrar"},"content":{"rendered":"<p><a href=\"https:\/\/i0.wp.com\/blogdoeloiltoncajuhy.com.br\/site\/wp-content\/uploads\/2016\/01\/RuiCosta-e1479081431148.jpg\"><img data-recalc-dims=\"1\" fetchpriority=\"high\" decoding=\"async\" class=\"alignright wp-image-6969 size-medium\" src=\"https:\/\/i0.wp.com\/blogdoeloiltoncajuhy.com.br\/site\/wp-content\/uploads\/2016\/01\/RuiCosta.jpg?resize=300%2C200\" alt=\"RuiCosta\" width=\"300\" height=\"200\" \/><\/a>Ap\u00f3s diversas viagens a Bras\u00edlia para audi\u00eancias com ministros do Supremo Tribunal Federal (STF), visando garantir a correta destina\u00e7\u00e3o dos recursos da repatria\u00e7\u00e3o para a Bahia, o governador Rui Costa obteve uma vit\u00f3ria na Corte federal.<\/p>\n<p>A ministra Rosa Weber, em liminar, decidiu que a Uni\u00e3o deve depositar, numa conta judicial, um valor maior da cota inicialmente destinada ao Estado da Bahia. A ministra assumiu a relatoria das 20 a\u00e7\u00f5es impetradas pelos estados e o Distrito Federal, na \u00faltima semana, quando a presidente do STF, C\u00e1rmen L\u00facia, optou por unificar o ministro relator.<\/p>\n<p>&#8220;A decis\u00e3o, mesmo sendo em car\u00e1ter liminar, significa uma grande vit\u00f3ria para a Bahia. N\u00e3o h\u00e1 como conceber que os Estados, que j\u00e1 tiveram suas finan\u00e7as comprometidas pela crise e pela queda nos repasses no FPE, ainda deixem de contar com as parcelas das multas da repatria\u00e7\u00e3o, como manda a Constitui\u00e7\u00e3o. Os governadores v\u00e3o se manter unidos at\u00e9 o julgamento do m\u00e9rito, pois a causa \u00e9 de interesse direto das popula\u00e7\u00f5es dos estados\u201d, afirmou Rui Costa.<\/p>\n<p>Pela lei em vigor, a Bahia j\u00e1 tem garantido R$ 359 milh\u00f5es fruto da repatria\u00e7\u00e3o. Esse valor praticamente dobra se o Supremo entender que os Estados devem receber tamb\u00e9m pela multa em cima dessas repatria\u00e7\u00f5es.<\/p>\n<p>O procurador-geral do Estado da Bahia, Paulo Moreno, acompanhou o governador nas reuni\u00f5es realizadas na capital federal e v\u00ea a decis\u00e3o como um resgate mais que oportuno do pacto federativo. \u201cVamos aguardar que o STF confirme a decis\u00e3o. A presen\u00e7a do governador Rui Costa nas audi\u00eancias em Bras\u00edlia foi fundamental para o sucesso desta a\u00e7\u00e3o\u201d, destacou.<\/p>\n<p><em>*SECOM-BA<\/em><\/p>\n","protected":false},"excerpt":{"rendered":"<p>Ap\u00f3s diversas viagens a Bras\u00edlia para audi\u00eancias com ministros do Supremo Tribunal Federal (STF), visando garantir a correta destina\u00e7\u00e3o dos recursos da repatria\u00e7\u00e3o para a Bahia, o governador Rui Costa obteve uma vit\u00f3ria na Corte federal. A ministra Rosa Weber, em liminar, decidiu que a Uni\u00e3o deve depositar, numa conta judicial, um valor maior da [&hellip;]<\/p>\n","protected":false},"author":2,"featured_media":0,"comment_status":"open","ping_status":"open","sticky":false,"template":"","format":"standard","meta":{"_acf_changed":false,"_monsterinsights_skip_tracking":false,"_monsterinsights_sitenote_active":false,"_monsterinsights_sitenote_note":"","_monsterinsights_sitenote_category":0,"_jetpack_memberships_contains_paid_content":false,"footnotes":"","jetpack_publicize_message":"","jetpack_publicize_feature_enabled":true,"jetpack_social_post_already_shared":true,"jetpack_social_options":{"image_generator_settings":{"template":"highway","default_image_id":0,"font":"","enabled":false},"version":2}},"categories":[1,3],"tags":[],"class_list":["post-13416","post","type-post","status-publish","format-standard","hentry","category-noticias","category-politica"],"acf":[],"jetpack_publicize_connections":[],"jetpack_featured_media_url":"","jetpack_sharing_enabled":true,"publishpress_future_workflow_manual_trigger":{"enabledWorkflows":[]},"_links":{"self":[{"href":"https:\/\/blogdoeloiltoncajuhy.com.br\/site\/wp-json\/wp\/v2\/posts\/13416","targetHints":{"allow":["GET"]}}],"collection":[{"href":"https:\/\/blogdoeloiltoncajuhy.com.br\/site\/wp-json\/wp\/v2\/posts"}],"about":[{"href":"https:\/\/blogdoeloiltoncajuhy.com.br\/site\/wp-json\/wp\/v2\/types\/post"}],"author":[{"embeddable":true,"href":"https:\/\/blogdoeloiltoncajuhy.com.br\/site\/wp-json\/wp\/v2\/users\/2"}],"replies":[{"embeddable":true,"href":"https:\/\/blogdoeloiltoncajuhy.com.br\/site\/wp-json\/wp\/v2\/comments?post=13416"}],"version-history":[{"count":1,"href":"https:\/\/blogdoeloiltoncajuhy.com.br\/site\/wp-json\/wp\/v2\/posts\/13416\/revisions"}],"predecessor-version":[{"id":13417,"href":"https:\/\/blogdoeloiltoncajuhy.com.br\/site\/wp-json\/wp\/v2\/posts\/13416\/revisions\/13417"}],"wp:attachment":[{"href":"https:\/\/blogdoeloiltoncajuhy.com.br\/site\/wp-json\/wp\/v2\/media?parent=13416"}],"wp:term":[{"taxonomy":"category","embeddable":true,"href":"https:\/\/blogdoeloiltoncajuhy.com.br\/site\/wp-json\/wp\/v2\/categories?post=13416"},{"taxonomy":"post_tag","embeddable":true,"href":"https:\/\/blogdoeloiltoncajuhy.com.br\/site\/wp-json\/wp\/v2\/tags?post=13416"}],"curies":[{"name":"wp","href":"https:\/\/api.w.org\/{rel}","templated":true}]}}