{"id":13412,"date":"2016-11-13T20:47:29","date_gmt":"2016-11-13T23:47:29","guid":{"rendered":"http:\/\/blogdoeloiltoncajuhy.com.br\/site\/?p=13412"},"modified":"2016-11-13T20:47:29","modified_gmt":"2016-11-13T23:47:29","slug":"marilia-mendonca-canta-hits-de-sofrencia-no-domingao-e-garante-que-esta-apaixonada","status":"publish","type":"post","link":"https:\/\/blogdoeloiltoncajuhy.com.br\/site\/marilia-mendonca-canta-hits-de-sofrencia-no-domingao-e-garante-que-esta-apaixonada\/","title":{"rendered":"Mar\u00edlia Mendon\u00e7a canta hits de &#8216;sofr\u00eancia&#8217; no &#8216;Doming\u00e3o&#8217; e garante que est\u00e1 apaixonada"},"content":{"rendered":"<p style=\"text-align: center;\"><em><strong>Cantora sertaneja se apresentou pela primeira vez no programa e contou hist\u00f3rias por tr\u00e1s dos seus sucessos<\/strong><\/em><\/p>\n<figure id=\"attachment_13414\" aria-describedby=\"caption-attachment-13414\" style=\"width: 690px\" class=\"wp-caption aligncenter\"><a href=\"https:\/\/i0.wp.com\/blogdoeloiltoncajuhy.com.br\/site\/wp-content\/uploads\/2016\/11\/marilia-mendonca-no-domingao.jpg\"><img data-recalc-dims=\"1\" fetchpriority=\"high\" decoding=\"async\" class=\"wp-image-13414 size-full\" src=\"https:\/\/i0.wp.com\/blogdoeloiltoncajuhy.com.br\/site\/wp-content\/uploads\/2016\/11\/marilia-mendonca-no-domingao.jpg?resize=690%2C595\" alt=\"marilia-mendonca-no-domingao\" width=\"690\" height=\"595\" srcset=\"https:\/\/i0.wp.com\/blogdoeloiltoncajuhy.com.br\/site\/wp-content\/uploads\/2016\/11\/marilia-mendonca-no-domingao.jpg?w=690&amp;ssl=1 690w, https:\/\/i0.wp.com\/blogdoeloiltoncajuhy.com.br\/site\/wp-content\/uploads\/2016\/11\/marilia-mendonca-no-domingao.jpg?resize=300%2C259&amp;ssl=1 300w, https:\/\/i0.wp.com\/blogdoeloiltoncajuhy.com.br\/site\/wp-content\/uploads\/2016\/11\/marilia-mendonca-no-domingao.jpg?resize=250%2C216&amp;ssl=1 250w\" sizes=\"(max-width: 690px) 100vw, 690px\" \/><\/a><figcaption id=\"caption-attachment-13414\" class=\"wp-caption-text\">A &#8216;Rainha da Sofr\u00eancia&#8217; cantou seus sucessos no palco do &#8216;Doming\u00e3o do Faust\u00e3o&#8217; (Foto: Arthur Meninea\/ Gshow)<\/figcaption><\/figure>\n<p style=\"text-align: left;\">A primeira vez a gente nunca esquece! E a estreia de Mar\u00edlia Mendon\u00e7a no Doming\u00e3o do Faust\u00e3o foi dessas para guardar na mem\u00f3ria. No programa deste 13\/11, a cantora sertaneja de 21 anos cantou v\u00e1rios de seus hits, todos inspirados em hist\u00f3rias da vida.<\/p>\n<p style=\"text-align: left;\">No repert\u00f3rio teve \u201cInfiel\u201d, \u201cAt\u00e9 Voc\u00ea Voltar\u201d e \u201cMeu Cupido \u00e9 Gari\u201d. \u201cCupido gari \u00e9 igual dedo podre\u201d, explicou a cantora sobre a can\u00e7\u00e3o. J\u00e1 o lado pop rock apareceu ao cantar \u201c\u00c0 sua Maneira\u201d, do Capital Inicial.<\/p>\n<p style=\"text-align: left;\">A sofr\u00eancia s\u00f3 tem espa\u00e7o mesmo nas m\u00fasicas de Mar\u00edlia. Seu cora\u00e7\u00e3o est\u00e1 muito bem, obrigado. \u201cRainha da Sofr\u00eancia\u201d, s\u00f3 quando canta! \u201cEstou apaixonada, gente! E feliz, gra\u00e7as a Deus\u201d, garante ela, que lembrou como conheceu o namorado Yugner: \u201cFoi l\u00e1 no Pernambuco, fazendo show por l\u00e1. Ele \u00e9 l\u00e1 da Para\u00edba, trabalha com eventos, mas n\u00e3o \u00e9 artista n\u00e3o\u201d.<\/p>\n<p style=\"text-align: left;\">Sobre o nome do dono do seu cora\u00e7\u00e3o, ela ainda brincou: \u201cEle fala que o nome dele \u00e9 o mais bonito que tem no mundo\u201d.<\/p>\n<figure id=\"attachment_13413\" aria-describedby=\"caption-attachment-13413\" style=\"width: 690px\" class=\"wp-caption aligncenter\"><a href=\"https:\/\/i0.wp.com\/blogdoeloiltoncajuhy.com.br\/site\/wp-content\/uploads\/2016\/11\/marilia-mendonca-domingao2.jpg\"><img data-recalc-dims=\"1\" decoding=\"async\" class=\"wp-image-13413 size-full\" src=\"https:\/\/i0.wp.com\/blogdoeloiltoncajuhy.com.br\/site\/wp-content\/uploads\/2016\/11\/marilia-mendonca-domingao2.jpg?resize=690%2C595\" alt=\"marilia-mendonca-domingao2\" width=\"690\" height=\"595\" srcset=\"https:\/\/i0.wp.com\/blogdoeloiltoncajuhy.com.br\/site\/wp-content\/uploads\/2016\/11\/marilia-mendonca-domingao2.jpg?w=690&amp;ssl=1 690w, https:\/\/i0.wp.com\/blogdoeloiltoncajuhy.com.br\/site\/wp-content\/uploads\/2016\/11\/marilia-mendonca-domingao2.jpg?resize=300%2C259&amp;ssl=1 300w, https:\/\/i0.wp.com\/blogdoeloiltoncajuhy.com.br\/site\/wp-content\/uploads\/2016\/11\/marilia-mendonca-domingao2.jpg?resize=250%2C216&amp;ssl=1 250w\" sizes=\"(max-width: 690px) 100vw, 690px\" \/><\/a><figcaption id=\"caption-attachment-13413\" class=\"wp-caption-text\">Mar\u00edlia Mendon\u00e7a contou que se inspira na sua hist\u00f3ria de vida para compor (Foto: Artur Meninea\/ Gshow)<\/figcaption><\/figure>\n<p style=\"text-align: left;\"><em>*Gshow<\/em><\/p>\n","protected":false},"excerpt":{"rendered":"<p>Cantora sertaneja se apresentou pela primeira vez no programa e contou hist\u00f3rias por tr\u00e1s dos seus sucessos A primeira vez a gente nunca esquece! E a estreia de Mar\u00edlia Mendon\u00e7a no Doming\u00e3o do Faust\u00e3o foi dessas para guardar na mem\u00f3ria. No programa deste 13\/11, a cantora sertaneja de 21 anos cantou v\u00e1rios de seus hits, [&hellip;]<\/p>\n","protected":false},"author":2,"featured_media":13414,"comment_status":"open","ping_status":"open","sticky":false,"template":"","format":"standard","meta":{"_acf_changed":false,"_monsterinsights_skip_tracking":false,"_monsterinsights_sitenote_active":false,"_monsterinsights_sitenote_note":"","_monsterinsights_sitenote_category":0,"_jetpack_memberships_contains_paid_content":false,"footnotes":"","jetpack_publicize_message":"","jetpack_publicize_feature_enabled":true,"jetpack_social_post_already_shared":true,"jetpack_social_options":{"image_generator_settings":{"template":"highway","default_image_id":0,"font":"","enabled":false},"version":2}},"categories":[8,1],"tags":[],"class_list":["post-13412","post","type-post","status-publish","format-standard","has-post-thumbnail","hentry","category-cultura","category-noticias"],"acf":[],"jetpack_publicize_connections":[],"jetpack_featured_media_url":"https:\/\/i0.wp.com\/blogdoeloiltoncajuhy.com.br\/site\/wp-content\/uploads\/2016\/11\/marilia-mendonca-no-domingao.jpg?fit=690%2C595&ssl=1","jetpack_sharing_enabled":true,"publishpress_future_workflow_manual_trigger":{"enabledWorkflows":[]},"_links":{"self":[{"href":"https:\/\/blogdoeloiltoncajuhy.com.br\/site\/wp-json\/wp\/v2\/posts\/13412","targetHints":{"allow":["GET"]}}],"collection":[{"href":"https:\/\/blogdoeloiltoncajuhy.com.br\/site\/wp-json\/wp\/v2\/posts"}],"about":[{"href":"https:\/\/blogdoeloiltoncajuhy.com.br\/site\/wp-json\/wp\/v2\/types\/post"}],"author":[{"embeddable":true,"href":"https:\/\/blogdoeloiltoncajuhy.com.br\/site\/wp-json\/wp\/v2\/users\/2"}],"replies":[{"embeddable":true,"href":"https:\/\/blogdoeloiltoncajuhy.com.br\/site\/wp-json\/wp\/v2\/comments?post=13412"}],"version-history":[{"count":1,"href":"https:\/\/blogdoeloiltoncajuhy.com.br\/site\/wp-json\/wp\/v2\/posts\/13412\/revisions"}],"predecessor-version":[{"id":13415,"href":"https:\/\/blogdoeloiltoncajuhy.com.br\/site\/wp-json\/wp\/v2\/posts\/13412\/revisions\/13415"}],"wp:featuredmedia":[{"embeddable":true,"href":"https:\/\/blogdoeloiltoncajuhy.com.br\/site\/wp-json\/wp\/v2\/media\/13414"}],"wp:attachment":[{"href":"https:\/\/blogdoeloiltoncajuhy.com.br\/site\/wp-json\/wp\/v2\/media?parent=13412"}],"wp:term":[{"taxonomy":"category","embeddable":true,"href":"https:\/\/blogdoeloiltoncajuhy.com.br\/site\/wp-json\/wp\/v2\/categories?post=13412"},{"taxonomy":"post_tag","embeddable":true,"href":"https:\/\/blogdoeloiltoncajuhy.com.br\/site\/wp-json\/wp\/v2\/tags?post=13412"}],"curies":[{"name":"wp","href":"https:\/\/api.w.org\/{rel}","templated":true}]}}