{"id":13403,"date":"2016-11-13T15:04:56","date_gmt":"2016-11-13T18:04:56","guid":{"rendered":"http:\/\/blogdoeloiltoncajuhy.com.br\/site\/?p=13403"},"modified":"2016-11-13T15:04:56","modified_gmt":"2016-11-13T18:04:56","slug":"acidente-mata-duas-pessoas-e-deixa-carro-irreconhecivel","status":"publish","type":"post","link":"https:\/\/blogdoeloiltoncajuhy.com.br\/site\/acidente-mata-duas-pessoas-e-deixa-carro-irreconhecivel\/","title":{"rendered":"Acidente mata duas pessoas e deixa carro irreconhec\u00edvel"},"content":{"rendered":"<p style=\"text-align: center;\"><em><strong>Batida ocorreu entre os munic\u00edpios de Anag\u00e9 e Cara\u00edbas, no sudoeste baiano.\u00a0Informa\u00e7\u00e3o foi divulgada pela Pol\u00edcia Rodovi\u00e1ria Estadual (PRE)<\/strong><\/em><\/p>\n<p style=\"text-align: left;\"><em>*Do G1 Bahia<\/em><\/p>\n<figure id=\"attachment_13404\" aria-describedby=\"caption-attachment-13404\" style=\"width: 620px\" class=\"wp-caption aligncenter\"><a href=\"https:\/\/i0.wp.com\/blogdoeloiltoncajuhy.com.br\/site\/wp-content\/uploads\/2016\/11\/acidente-sudoeste.jpg\"><img data-recalc-dims=\"1\" fetchpriority=\"high\" decoding=\"async\" class=\"wp-image-13404 size-full\" src=\"https:\/\/i0.wp.com\/blogdoeloiltoncajuhy.com.br\/site\/wp-content\/uploads\/2016\/11\/acidente-sudoeste.jpg?resize=620%2C465\" alt=\"acidente-sudoeste\" width=\"620\" height=\"465\" srcset=\"https:\/\/i0.wp.com\/blogdoeloiltoncajuhy.com.br\/site\/wp-content\/uploads\/2016\/11\/acidente-sudoeste.jpg?w=620&amp;ssl=1 620w, https:\/\/i0.wp.com\/blogdoeloiltoncajuhy.com.br\/site\/wp-content\/uploads\/2016\/11\/acidente-sudoeste.jpg?resize=300%2C225&amp;ssl=1 300w, https:\/\/i0.wp.com\/blogdoeloiltoncajuhy.com.br\/site\/wp-content\/uploads\/2016\/11\/acidente-sudoeste.jpg?resize=250%2C188&amp;ssl=1 250w\" sizes=\"(max-width: 620px) 100vw, 620px\" \/><\/a><figcaption id=\"caption-attachment-13404\" class=\"wp-caption-text\">Acidente deixou carro completamente destru\u00eddo na Bahia (Foto: Blitz Conquista)<\/figcaption><\/figure>\n<p style=\"text-align: left;\">Duas pessoas morreram em um acidente envolvendo um carro de passeio e uma carreta na BA-262, entre os munic\u00edpios de Anag\u00e9 e Cara\u00edbas, no sudoeste da Bahia. A batida frontal entre os dois ve\u00edculos ocorreu na noite de s\u00e1bado (12).<\/p>\n<p style=\"text-align: left;\">De acordo com informa\u00e7\u00f5es da Pol\u00edcia Rodovi\u00e1ria Estadual, as v\u00edtimas foram identificadas como Maurikson Lu\u00eds Santos Quirino e Maraysa Sousa, que moravam em Anag\u00e9. As idades dos mortos n\u00e3o foram divulgadas.<\/p>\n<p style=\"text-align: left;\">N\u00e3o h\u00e1 informa\u00e7\u00f5es sobre o que teria provocado o choque entre os dois ve\u00edculos. Com o impacto, o carro em que as v\u00edtimas estavam ficou completamente destru\u00eddo. O homem e a mulher morreram ainda no local do acidente. Os corpos foram levados para o Instituto M\u00e9dico Legal (IML) de Vit\u00f3ria da Conquista.<\/p>\n<figure id=\"attachment_13405\" aria-describedby=\"caption-attachment-13405\" style=\"width: 620px\" class=\"wp-caption aligncenter\"><a href=\"https:\/\/i0.wp.com\/blogdoeloiltoncajuhy.com.br\/site\/wp-content\/uploads\/2016\/11\/acidente-sudoeste-2.jpg\"><img data-recalc-dims=\"1\" decoding=\"async\" class=\"wp-image-13405 size-full\" src=\"https:\/\/i0.wp.com\/blogdoeloiltoncajuhy.com.br\/site\/wp-content\/uploads\/2016\/11\/acidente-sudoeste-2.jpg?resize=620%2C465\" alt=\"acidente-sudoeste-2\" width=\"620\" height=\"465\" srcset=\"https:\/\/i0.wp.com\/blogdoeloiltoncajuhy.com.br\/site\/wp-content\/uploads\/2016\/11\/acidente-sudoeste-2.jpg?w=620&amp;ssl=1 620w, https:\/\/i0.wp.com\/blogdoeloiltoncajuhy.com.br\/site\/wp-content\/uploads\/2016\/11\/acidente-sudoeste-2.jpg?resize=300%2C225&amp;ssl=1 300w, https:\/\/i0.wp.com\/blogdoeloiltoncajuhy.com.br\/site\/wp-content\/uploads\/2016\/11\/acidente-sudoeste-2.jpg?resize=250%2C188&amp;ssl=1 250w\" sizes=\"(max-width: 620px) 100vw, 620px\" \/><\/a><figcaption id=\"caption-attachment-13405\" class=\"wp-caption-text\">Acidente deixou carro completamente destru\u00eddo na Bahia (Foto: Blitz Conquista)<\/figcaption><\/figure>\n<figure id=\"attachment_13406\" aria-describedby=\"caption-attachment-13406\" style=\"width: 620px\" class=\"wp-caption aligncenter\"><a href=\"https:\/\/i0.wp.com\/blogdoeloiltoncajuhy.com.br\/site\/wp-content\/uploads\/2016\/11\/acidente-sudoeste-3.jpg\"><img data-recalc-dims=\"1\" decoding=\"async\" class=\"wp-image-13406 size-full\" src=\"https:\/\/i0.wp.com\/blogdoeloiltoncajuhy.com.br\/site\/wp-content\/uploads\/2016\/11\/acidente-sudoeste-3.jpg?resize=620%2C465\" alt=\"acidente-sudoeste-3\" width=\"620\" height=\"465\" srcset=\"https:\/\/i0.wp.com\/blogdoeloiltoncajuhy.com.br\/site\/wp-content\/uploads\/2016\/11\/acidente-sudoeste-3.jpg?w=620&amp;ssl=1 620w, https:\/\/i0.wp.com\/blogdoeloiltoncajuhy.com.br\/site\/wp-content\/uploads\/2016\/11\/acidente-sudoeste-3.jpg?resize=300%2C225&amp;ssl=1 300w, https:\/\/i0.wp.com\/blogdoeloiltoncajuhy.com.br\/site\/wp-content\/uploads\/2016\/11\/acidente-sudoeste-3.jpg?resize=250%2C188&amp;ssl=1 250w\" sizes=\"(max-width: 620px) 100vw, 620px\" \/><\/a><figcaption id=\"caption-attachment-13406\" class=\"wp-caption-text\">Acidente deixou carro completamente destru\u00eddo na Bahia (Foto: Blitz Conquista)<\/figcaption><\/figure>\n<figure id=\"attachment_13407\" aria-describedby=\"caption-attachment-13407\" style=\"width: 620px\" class=\"wp-caption aligncenter\"><a href=\"https:\/\/i0.wp.com\/blogdoeloiltoncajuhy.com.br\/site\/wp-content\/uploads\/2016\/11\/acidente-sudoeste-4.jpg\"><img data-recalc-dims=\"1\" loading=\"lazy\" decoding=\"async\" class=\"wp-image-13407 size-full\" src=\"https:\/\/i0.wp.com\/blogdoeloiltoncajuhy.com.br\/site\/wp-content\/uploads\/2016\/11\/acidente-sudoeste-4.jpg?resize=620%2C465\" alt=\"acidente-sudoeste-4\" width=\"620\" height=\"465\" srcset=\"https:\/\/i0.wp.com\/blogdoeloiltoncajuhy.com.br\/site\/wp-content\/uploads\/2016\/11\/acidente-sudoeste-4.jpg?w=620&amp;ssl=1 620w, https:\/\/i0.wp.com\/blogdoeloiltoncajuhy.com.br\/site\/wp-content\/uploads\/2016\/11\/acidente-sudoeste-4.jpg?resize=300%2C225&amp;ssl=1 300w, https:\/\/i0.wp.com\/blogdoeloiltoncajuhy.com.br\/site\/wp-content\/uploads\/2016\/11\/acidente-sudoeste-4.jpg?resize=250%2C188&amp;ssl=1 250w\" sizes=\"(max-width: 620px) 100vw, 620px\" \/><\/a><figcaption id=\"caption-attachment-13407\" class=\"wp-caption-text\">Carro bateu de frente com caminh\u00e3o na Bahia (Foto: Blitz Conquista)<\/figcaption><\/figure>\n","protected":false},"excerpt":{"rendered":"<p>Batida ocorreu entre os munic\u00edpios de Anag\u00e9 e Cara\u00edbas, no sudoeste baiano.\u00a0Informa\u00e7\u00e3o foi divulgada pela Pol\u00edcia Rodovi\u00e1ria Estadual (PRE) *Do G1 Bahia Duas pessoas morreram em um acidente envolvendo um carro de passeio e uma carreta na BA-262, entre os munic\u00edpios de Anag\u00e9 e Cara\u00edbas, no sudoeste da Bahia. A batida frontal entre os dois [&hellip;]<\/p>\n","protected":false},"author":2,"featured_media":13407,"comment_status":"open","ping_status":"open","sticky":false,"template":"","format":"standard","meta":{"_acf_changed":false,"_monsterinsights_skip_tracking":false,"_monsterinsights_sitenote_active":false,"_monsterinsights_sitenote_note":"","_monsterinsights_sitenote_category":0,"_jetpack_memberships_contains_paid_content":false,"footnotes":"","jetpack_publicize_message":"","jetpack_publicize_feature_enabled":true,"jetpack_social_post_already_shared":true,"jetpack_social_options":{"image_generator_settings":{"template":"highway","default_image_id":0,"font":"","enabled":false},"version":2}},"categories":[5,1],"tags":[],"class_list":["post-13403","post","type-post","status-publish","format-standard","has-post-thumbnail","hentry","category-cotidiano","category-noticias"],"acf":[],"jetpack_publicize_connections":[],"jetpack_featured_media_url":"https:\/\/i0.wp.com\/blogdoeloiltoncajuhy.com.br\/site\/wp-content\/uploads\/2016\/11\/acidente-sudoeste-4.jpg?fit=620%2C465&ssl=1","jetpack_sharing_enabled":true,"publishpress_future_workflow_manual_trigger":{"enabledWorkflows":[]},"_links":{"self":[{"href":"https:\/\/blogdoeloiltoncajuhy.com.br\/site\/wp-json\/wp\/v2\/posts\/13403","targetHints":{"allow":["GET"]}}],"collection":[{"href":"https:\/\/blogdoeloiltoncajuhy.com.br\/site\/wp-json\/wp\/v2\/posts"}],"about":[{"href":"https:\/\/blogdoeloiltoncajuhy.com.br\/site\/wp-json\/wp\/v2\/types\/post"}],"author":[{"embeddable":true,"href":"https:\/\/blogdoeloiltoncajuhy.com.br\/site\/wp-json\/wp\/v2\/users\/2"}],"replies":[{"embeddable":true,"href":"https:\/\/blogdoeloiltoncajuhy.com.br\/site\/wp-json\/wp\/v2\/comments?post=13403"}],"version-history":[{"count":1,"href":"https:\/\/blogdoeloiltoncajuhy.com.br\/site\/wp-json\/wp\/v2\/posts\/13403\/revisions"}],"predecessor-version":[{"id":13408,"href":"https:\/\/blogdoeloiltoncajuhy.com.br\/site\/wp-json\/wp\/v2\/posts\/13403\/revisions\/13408"}],"wp:featuredmedia":[{"embeddable":true,"href":"https:\/\/blogdoeloiltoncajuhy.com.br\/site\/wp-json\/wp\/v2\/media\/13407"}],"wp:attachment":[{"href":"https:\/\/blogdoeloiltoncajuhy.com.br\/site\/wp-json\/wp\/v2\/media?parent=13403"}],"wp:term":[{"taxonomy":"category","embeddable":true,"href":"https:\/\/blogdoeloiltoncajuhy.com.br\/site\/wp-json\/wp\/v2\/categories?post=13403"},{"taxonomy":"post_tag","embeddable":true,"href":"https:\/\/blogdoeloiltoncajuhy.com.br\/site\/wp-json\/wp\/v2\/tags?post=13403"}],"curies":[{"name":"wp","href":"https:\/\/api.w.org\/{rel}","templated":true}]}}