{"id":13395,"date":"2016-11-13T10:24:05","date_gmt":"2016-11-13T13:24:05","guid":{"rendered":"http:\/\/blogdoeloiltoncajuhy.com.br\/site\/?p=13395"},"modified":"2016-11-13T10:24:05","modified_gmt":"2016-11-13T13:24:05","slug":"redetv-e-raul-gil-devem-se-reunir-ja-na-proxima-semana","status":"publish","type":"post","link":"https:\/\/blogdoeloiltoncajuhy.com.br\/site\/redetv-e-raul-gil-devem-se-reunir-ja-na-proxima-semana\/","title":{"rendered":"RedeTV! e Raul Gil devem se reunir j\u00e1 na pr\u00f3xima semana"},"content":{"rendered":"<figure id=\"attachment_13396\" aria-describedby=\"caption-attachment-13396\" style=\"width: 300px\" class=\"wp-caption alignleft\"><a href=\"https:\/\/i0.wp.com\/blogdoeloiltoncajuhy.com.br\/site\/wp-content\/uploads\/2016\/11\/raul-gil.jpg\"><img data-recalc-dims=\"1\" fetchpriority=\"high\" decoding=\"async\" class=\"wp-image-13396 size-full\" src=\"https:\/\/i0.wp.com\/blogdoeloiltoncajuhy.com.br\/site\/wp-content\/uploads\/2016\/11\/raul-gil.jpg?resize=300%2C420\" alt=\"raul-gil\" width=\"300\" height=\"420\" srcset=\"https:\/\/i0.wp.com\/blogdoeloiltoncajuhy.com.br\/site\/wp-content\/uploads\/2016\/11\/raul-gil.jpg?w=300&amp;ssl=1 300w, https:\/\/i0.wp.com\/blogdoeloiltoncajuhy.com.br\/site\/wp-content\/uploads\/2016\/11\/raul-gil.jpg?resize=214%2C300&amp;ssl=1 214w, https:\/\/i0.wp.com\/blogdoeloiltoncajuhy.com.br\/site\/wp-content\/uploads\/2016\/11\/raul-gil.jpg?resize=179%2C250&amp;ssl=1 179w\" sizes=\"(max-width: 300px) 100vw, 300px\" \/><\/a><figcaption id=\"caption-attachment-13396\" class=\"wp-caption-text\">Raul Gil deixou o SBT ap\u00f3s seis anos; nos \u00faltimos meses, como vice-l\u00edder isolado (Foto: Edu Moraes\/Divulga\u00e7\u00e3o<\/figcaption><\/figure>\n<p>A dire\u00e7\u00e3o da RedeTV! e o apresentador Raul Gil devem se reunir na pr\u00f3xima sexta-feira em S\u00e3o Paulo para tratar de um eventual programa para 2017.\u00a0Segundo fontes ouvidas por esta coluna, a demiss\u00e3o de Raul Gil do SBT surpreendeu a RedeTV!, mas imediatamente foi vista com bons olhos.<\/p>\n<p>Raul \u00e9 considerado pela dire\u00e7\u00e3o da RedeTV! um bom apresentador e tamb\u00e9m &#8220;vendedor&#8221;: atrai patroc\u00ednios e principalmente merchandising &#8211; uma das principais bases de receita da RedeTV! Ele tamb\u00e9m tem um perfil considerado &#8220;adequado&#8221; para a grade de programa\u00e7\u00e3o da casa, que n\u00e3o destoa em nada de outras estrelas como Luciana Gimenez, Amaury Jr etc.<\/p>\n<p>Conforme esta coluna informou com exclusividade na semana passada, Raul Gil \u00e9 o 10\u00ba artista que mais fez a\u00e7\u00f5es de merchandising em setembro no pa\u00eds, segundo dados da empresa Controle da Concorr\u00eancia<\/p>\n<p>Um dos obst\u00e1culos \u00e0 negocia\u00e7\u00e3o, por\u00e9m, \u00e9 que a RedeTV!, assim como o SBT, tamb\u00e9m prefere trabalhar em sistema de parceria, rachando receitas, mas tamb\u00e9m despesas da produ\u00e7\u00e3o.\u00a0Essa sempre foi uma das queixas do veterano apresentador no SBT.<\/p>\n<p>Raul Gil, 78 anos, estava no SBT desde 2010. No passado, trabalhou nas principais emissoras abertas do pa\u00eds, exceto Globo.<\/p>\n<p><em>*UOL &#8211; TV e Famosos<\/em><\/p>\n","protected":false},"excerpt":{"rendered":"<p>A dire\u00e7\u00e3o da RedeTV! e o apresentador Raul Gil devem se reunir na pr\u00f3xima sexta-feira em S\u00e3o Paulo para tratar de um eventual programa para 2017.\u00a0Segundo fontes ouvidas por esta coluna, a demiss\u00e3o de Raul Gil do SBT surpreendeu a RedeTV!, mas imediatamente foi vista com bons olhos. Raul \u00e9 considerado pela dire\u00e7\u00e3o da RedeTV! [&hellip;]<\/p>\n","protected":false},"author":2,"featured_media":13396,"comment_status":"open","ping_status":"open","sticky":false,"template":"","format":"standard","meta":{"_acf_changed":false,"_monsterinsights_skip_tracking":false,"_monsterinsights_sitenote_active":false,"_monsterinsights_sitenote_note":"","_monsterinsights_sitenote_category":0,"_jetpack_memberships_contains_paid_content":false,"footnotes":"","jetpack_publicize_message":"","jetpack_publicize_feature_enabled":true,"jetpack_social_post_already_shared":true,"jetpack_social_options":{"image_generator_settings":{"template":"highway","default_image_id":0,"font":"","enabled":false},"version":2}},"categories":[8,1],"tags":[],"class_list":["post-13395","post","type-post","status-publish","format-standard","has-post-thumbnail","hentry","category-cultura","category-noticias"],"acf":[],"jetpack_publicize_connections":[],"jetpack_featured_media_url":"https:\/\/i0.wp.com\/blogdoeloiltoncajuhy.com.br\/site\/wp-content\/uploads\/2016\/11\/raul-gil.jpg?fit=300%2C420&ssl=1","jetpack_sharing_enabled":true,"publishpress_future_workflow_manual_trigger":{"enabledWorkflows":[]},"_links":{"self":[{"href":"https:\/\/blogdoeloiltoncajuhy.com.br\/site\/wp-json\/wp\/v2\/posts\/13395","targetHints":{"allow":["GET"]}}],"collection":[{"href":"https:\/\/blogdoeloiltoncajuhy.com.br\/site\/wp-json\/wp\/v2\/posts"}],"about":[{"href":"https:\/\/blogdoeloiltoncajuhy.com.br\/site\/wp-json\/wp\/v2\/types\/post"}],"author":[{"embeddable":true,"href":"https:\/\/blogdoeloiltoncajuhy.com.br\/site\/wp-json\/wp\/v2\/users\/2"}],"replies":[{"embeddable":true,"href":"https:\/\/blogdoeloiltoncajuhy.com.br\/site\/wp-json\/wp\/v2\/comments?post=13395"}],"version-history":[{"count":1,"href":"https:\/\/blogdoeloiltoncajuhy.com.br\/site\/wp-json\/wp\/v2\/posts\/13395\/revisions"}],"predecessor-version":[{"id":13397,"href":"https:\/\/blogdoeloiltoncajuhy.com.br\/site\/wp-json\/wp\/v2\/posts\/13395\/revisions\/13397"}],"wp:featuredmedia":[{"embeddable":true,"href":"https:\/\/blogdoeloiltoncajuhy.com.br\/site\/wp-json\/wp\/v2\/media\/13396"}],"wp:attachment":[{"href":"https:\/\/blogdoeloiltoncajuhy.com.br\/site\/wp-json\/wp\/v2\/media?parent=13395"}],"wp:term":[{"taxonomy":"category","embeddable":true,"href":"https:\/\/blogdoeloiltoncajuhy.com.br\/site\/wp-json\/wp\/v2\/categories?post=13395"},{"taxonomy":"post_tag","embeddable":true,"href":"https:\/\/blogdoeloiltoncajuhy.com.br\/site\/wp-json\/wp\/v2\/tags?post=13395"}],"curies":[{"name":"wp","href":"https:\/\/api.w.org\/{rel}","templated":true}]}}