{"id":13381,"date":"2016-11-12T10:13:48","date_gmt":"2016-11-12T13:13:48","guid":{"rendered":"http:\/\/blogdoeloiltoncajuhy.com.br\/site\/?p=13381"},"modified":"2016-11-12T10:13:48","modified_gmt":"2016-11-12T13:13:48","slug":"e-possivel-prever-a-queda-de-uma-arvore-urbanista-explica","status":"publish","type":"post","link":"https:\/\/blogdoeloiltoncajuhy.com.br\/site\/e-possivel-prever-a-queda-de-uma-arvore-urbanista-explica\/","title":{"rendered":"\u00c9 poss\u00edvel prever a queda de uma \u00e1rvore? Urbanista explica"},"content":{"rendered":"<p><a href=\"https:\/\/i0.wp.com\/blogdoeloiltoncajuhy.com.br\/site\/wp-content\/uploads\/2016\/11\/%C3%A1rvore-urbana.jpg\"><img data-recalc-dims=\"1\" fetchpriority=\"high\" decoding=\"async\" class=\"aligncenter wp-image-13382 size-full\" src=\"https:\/\/i0.wp.com\/blogdoeloiltoncajuhy.com.br\/site\/wp-content\/uploads\/2016\/11\/rvore-urbana-e1478956411497.jpg?resize=600%2C468\" alt=\"arvore-urbana\" width=\"600\" height=\"468\" \/><\/a>Uma bela arvore \u00e9 generosa em sua sombra, em seus frutos e em suas flores; muitas delas nos remetem \u00e0 inf\u00e2ncia, ao pomar da av\u00f3, aos momentos de tranquilidade junto \u00e0 natureza.<\/p>\n<p>Quando uma \u00e1rvore cai, pode haver uma perda humana. Al\u00e9m da pr\u00f3pria perda, e por maiores que sejam nossos esfor\u00e7os para proteger vidas e patrim\u00f4nios, o que podemos fazer para evitar situa\u00e7\u00f5es de perda no futuro \u00e9 investir em pol\u00edticas p\u00fablicas, que promovam:<\/p>\n<p>\u2022 Cataloga\u00e7\u00e3o da vegeta\u00e7\u00e3o arb\u00f3rea urbana e escolha de esp\u00e9cies de porte adequado e mais resistentes ao clima urbano;<br \/>\n\u2022 Monitoramento da vegeta\u00e7\u00e3o, no que tange: manuten\u00e7\u00e3o, poda, irriga\u00e7\u00e3o, fertiliza\u00e7\u00e3o, crescimento, dentre outros fatores relevantes;<br \/>\n\u2022 Boa gest\u00e3o de um plano de manejo da vegeta\u00e7\u00e3o.<\/p>\n<p>Um plano de manejo, administra as diretrizes de uma pol\u00edtica p\u00fablica e, dentre tantas a\u00e7\u00f5es, tamb\u00e9m planeja a retirada de arvores que apresentam \u201crisco de queda\u201d e programam sua substitui\u00e7\u00e3o.<\/p>\n<p>N\u00e3o \u00e9 poss\u00edvel saber quando uma arvore vai cair, assim como n\u00e3o \u00e9 poss\u00edvel saber se vamos trope\u00e7ar no pr\u00f3ximo passo.\u00a0Sendo previdentes, queremos saber se \u00e9 poss\u00edvel saber quando uma arvore vai cair, a fim de evitar dados a pessoa e ao patrim\u00f4nio.<\/p>\n<p>A resposta \u00e9 n\u00e3o, muitos s\u00e3o os motivos que colaboram para a queda de uma \u00e1rvore. Podem haver ind\u00edcios do enfraquecimento das arvores, mas n\u00e3o h\u00e1 certeza e\/ou precis\u00e3o sobre o momento da queda. \u00c9 necess\u00e1rio fazer a preven\u00e7\u00e3o.<\/p>\n<p><em><strong>*P\u00e9rola Felipette Brocaneli &#8211;<\/strong> Professora e pesquisadora na Faculdade de Arquitetura da Universidade Presbiteriana Mackenzie<\/em><\/p>\n","protected":false},"excerpt":{"rendered":"<p>Uma bela arvore \u00e9 generosa em sua sombra, em seus frutos e em suas flores; muitas delas nos remetem \u00e0 inf\u00e2ncia, ao pomar da av\u00f3, aos momentos de tranquilidade junto \u00e0 natureza. Quando uma \u00e1rvore cai, pode haver uma perda humana. Al\u00e9m da pr\u00f3pria perda, e por maiores que sejam nossos esfor\u00e7os para proteger vidas [&hellip;]<\/p>\n","protected":false},"author":2,"featured_media":13382,"comment_status":"open","ping_status":"open","sticky":false,"template":"","format":"standard","meta":{"_acf_changed":false,"_monsterinsights_skip_tracking":false,"_monsterinsights_sitenote_active":false,"_monsterinsights_sitenote_note":"","_monsterinsights_sitenote_category":0,"_jetpack_memberships_contains_paid_content":false,"footnotes":"","jetpack_publicize_message":"","jetpack_publicize_feature_enabled":true,"jetpack_social_post_already_shared":true,"jetpack_social_options":{"image_generator_settings":{"template":"highway","default_image_id":0,"font":"","enabled":false},"version":2}},"categories":[5,1],"tags":[],"class_list":["post-13381","post","type-post","status-publish","format-standard","has-post-thumbnail","hentry","category-cotidiano","category-noticias"],"acf":[],"jetpack_publicize_connections":[],"jetpack_featured_media_url":"https:\/\/i0.wp.com\/blogdoeloiltoncajuhy.com.br\/site\/wp-content\/uploads\/2016\/11\/rvore-urbana-e1478956411497.jpg?fit=600%2C468&ssl=1","jetpack_sharing_enabled":true,"publishpress_future_workflow_manual_trigger":{"enabledWorkflows":[]},"_links":{"self":[{"href":"https:\/\/blogdoeloiltoncajuhy.com.br\/site\/wp-json\/wp\/v2\/posts\/13381","targetHints":{"allow":["GET"]}}],"collection":[{"href":"https:\/\/blogdoeloiltoncajuhy.com.br\/site\/wp-json\/wp\/v2\/posts"}],"about":[{"href":"https:\/\/blogdoeloiltoncajuhy.com.br\/site\/wp-json\/wp\/v2\/types\/post"}],"author":[{"embeddable":true,"href":"https:\/\/blogdoeloiltoncajuhy.com.br\/site\/wp-json\/wp\/v2\/users\/2"}],"replies":[{"embeddable":true,"href":"https:\/\/blogdoeloiltoncajuhy.com.br\/site\/wp-json\/wp\/v2\/comments?post=13381"}],"version-history":[{"count":1,"href":"https:\/\/blogdoeloiltoncajuhy.com.br\/site\/wp-json\/wp\/v2\/posts\/13381\/revisions"}],"predecessor-version":[{"id":13383,"href":"https:\/\/blogdoeloiltoncajuhy.com.br\/site\/wp-json\/wp\/v2\/posts\/13381\/revisions\/13383"}],"wp:featuredmedia":[{"embeddable":true,"href":"https:\/\/blogdoeloiltoncajuhy.com.br\/site\/wp-json\/wp\/v2\/media\/13382"}],"wp:attachment":[{"href":"https:\/\/blogdoeloiltoncajuhy.com.br\/site\/wp-json\/wp\/v2\/media?parent=13381"}],"wp:term":[{"taxonomy":"category","embeddable":true,"href":"https:\/\/blogdoeloiltoncajuhy.com.br\/site\/wp-json\/wp\/v2\/categories?post=13381"},{"taxonomy":"post_tag","embeddable":true,"href":"https:\/\/blogdoeloiltoncajuhy.com.br\/site\/wp-json\/wp\/v2\/tags?post=13381"}],"curies":[{"name":"wp","href":"https:\/\/api.w.org\/{rel}","templated":true}]}}