{"id":13371,"date":"2016-11-11T20:52:36","date_gmt":"2016-11-11T23:52:36","guid":{"rendered":"http:\/\/blogdoeloiltoncajuhy.com.br\/site\/?p=13371"},"modified":"2016-11-11T20:52:36","modified_gmt":"2016-11-11T23:52:36","slug":"fornecimento-irregular-de-energia-prejudica-abastecimento-de-agua-em-parte-de-jacobina","status":"publish","type":"post","link":"https:\/\/blogdoeloiltoncajuhy.com.br\/site\/fornecimento-irregular-de-energia-prejudica-abastecimento-de-agua-em-parte-de-jacobina\/","title":{"rendered":"Fornecimento irregular de energia prejudica abastecimento de \u00e1gua em parte de Jacobina"},"content":{"rendered":"<p><a href=\"https:\/\/i0.wp.com\/blogdoeloiltoncajuhy.com.br\/site\/wp-content\/uploads\/2015\/04\/Embasa.jpg\"><img data-recalc-dims=\"1\" decoding=\"async\" class=\"aligncenter size-full wp-image-196\" src=\"https:\/\/i0.wp.com\/blogdoeloiltoncajuhy.com.br\/site\/wp-content\/uploads\/2015\/04\/Embasa.jpg?resize=246%2C118\" alt=\"Embasa\" width=\"246\" height=\"118\" \/><\/a>Por causa de irregularidades no fornecimento de energia el\u00e9trica, a Embasa tem enfrentado, nos \u00faltimos dias, dificuldades em bombear \u00e1gua para algumas localidades de Jacobina. O problema afetou os bairros Mutir\u00e3o e Catuaba, na sede, e as comunidades, Ana Mesquita, Pau Ferro, Sargento, Sorop\u00f3, Velame de Cima e Velame de Baixo, na zona rural do munic\u00edpio. A Coelba j\u00e1 foi comunicada. A Embasa aguarda a solu\u00e7\u00e3o imediata do problema para regularizar o abastecimento de \u00e1gua nos locais afetados.<\/p>\n<p><em><strong>*Assessoria de Comunica\u00e7\u00e3o da Embasa<\/strong><\/em><br \/>\n<em><strong>(74) 3541-8400<\/strong><\/em><\/p>\n","protected":false},"excerpt":{"rendered":"<p>Por causa de irregularidades no fornecimento de energia el\u00e9trica, a Embasa tem enfrentado, nos \u00faltimos dias, dificuldades em bombear \u00e1gua para algumas localidades de Jacobina. O problema afetou os bairros Mutir\u00e3o e Catuaba, na sede, e as comunidades, Ana Mesquita, Pau Ferro, Sargento, Sorop\u00f3, Velame de Cima e Velame de Baixo, na zona rural do [&hellip;]<\/p>\n","protected":false},"author":2,"featured_media":0,"comment_status":"open","ping_status":"open","sticky":false,"template":"","format":"standard","meta":{"_acf_changed":false,"_monsterinsights_skip_tracking":false,"_monsterinsights_sitenote_active":false,"_monsterinsights_sitenote_note":"","_monsterinsights_sitenote_category":0,"_jetpack_memberships_contains_paid_content":false,"footnotes":"","jetpack_publicize_message":"","jetpack_publicize_feature_enabled":true,"jetpack_social_post_already_shared":true,"jetpack_social_options":{"image_generator_settings":{"template":"highway","default_image_id":0,"font":"","enabled":false},"version":2}},"categories":[1,11],"tags":[],"class_list":["post-13371","post","type-post","status-publish","format-standard","hentry","category-noticias","category-regional"],"acf":[],"jetpack_publicize_connections":[],"jetpack_featured_media_url":"","jetpack_sharing_enabled":true,"publishpress_future_workflow_manual_trigger":{"enabledWorkflows":[]},"_links":{"self":[{"href":"https:\/\/blogdoeloiltoncajuhy.com.br\/site\/wp-json\/wp\/v2\/posts\/13371","targetHints":{"allow":["GET"]}}],"collection":[{"href":"https:\/\/blogdoeloiltoncajuhy.com.br\/site\/wp-json\/wp\/v2\/posts"}],"about":[{"href":"https:\/\/blogdoeloiltoncajuhy.com.br\/site\/wp-json\/wp\/v2\/types\/post"}],"author":[{"embeddable":true,"href":"https:\/\/blogdoeloiltoncajuhy.com.br\/site\/wp-json\/wp\/v2\/users\/2"}],"replies":[{"embeddable":true,"href":"https:\/\/blogdoeloiltoncajuhy.com.br\/site\/wp-json\/wp\/v2\/comments?post=13371"}],"version-history":[{"count":1,"href":"https:\/\/blogdoeloiltoncajuhy.com.br\/site\/wp-json\/wp\/v2\/posts\/13371\/revisions"}],"predecessor-version":[{"id":13372,"href":"https:\/\/blogdoeloiltoncajuhy.com.br\/site\/wp-json\/wp\/v2\/posts\/13371\/revisions\/13372"}],"wp:attachment":[{"href":"https:\/\/blogdoeloiltoncajuhy.com.br\/site\/wp-json\/wp\/v2\/media?parent=13371"}],"wp:term":[{"taxonomy":"category","embeddable":true,"href":"https:\/\/blogdoeloiltoncajuhy.com.br\/site\/wp-json\/wp\/v2\/categories?post=13371"},{"taxonomy":"post_tag","embeddable":true,"href":"https:\/\/blogdoeloiltoncajuhy.com.br\/site\/wp-json\/wp\/v2\/tags?post=13371"}],"curies":[{"name":"wp","href":"https:\/\/api.w.org\/{rel}","templated":true}]}}