{"id":13364,"date":"2016-11-11T12:07:50","date_gmt":"2016-11-11T15:07:50","guid":{"rendered":"http:\/\/blogdoeloiltoncajuhy.com.br\/site\/?p=13364"},"modified":"2016-11-11T12:07:50","modified_gmt":"2016-11-11T15:07:50","slug":"adolescente-e-jovem-sao-mortos-a-tiros-dentro-da-casa-onde-moravam","status":"publish","type":"post","link":"https:\/\/blogdoeloiltoncajuhy.com.br\/site\/adolescente-e-jovem-sao-mortos-a-tiros-dentro-da-casa-onde-moravam\/","title":{"rendered":"Adolescente e jovem s\u00e3o mortos a tiros dentro da casa onde moravam"},"content":{"rendered":"<p style=\"text-align: center;\"><em><strong>V\u00edtimas tinham 15 e 18 anos; crime aconteceu em Jacobina.\u00a0Duas mulheres que estavam na casa presenciaram o crime, diz pol\u00edcia<\/strong><\/em><\/p>\n<p style=\"text-align: left;\"><em>*Do G1 Bahia<\/em><\/p>\n<p style=\"text-align: left;\"><a href=\"https:\/\/i0.wp.com\/blogdoeloiltoncajuhy.com.br\/site\/wp-content\/uploads\/2015\/12\/pol%C3%ADcia.jpg\"><img data-recalc-dims=\"1\" fetchpriority=\"high\" decoding=\"async\" class=\"aligncenter size-full wp-image-6606\" src=\"https:\/\/i0.wp.com\/blogdoeloiltoncajuhy.com.br\/site\/wp-content\/uploads\/2015\/12\/pol%C3%ADcia.jpg?resize=385%2C270\" alt=\"pol\u00edcia\" width=\"385\" height=\"270\" srcset=\"https:\/\/i0.wp.com\/blogdoeloiltoncajuhy.com.br\/site\/wp-content\/uploads\/2015\/12\/pol%C3%ADcia.jpg?w=385&amp;ssl=1 385w, https:\/\/i0.wp.com\/blogdoeloiltoncajuhy.com.br\/site\/wp-content\/uploads\/2015\/12\/pol%C3%ADcia.jpg?resize=300%2C210&amp;ssl=1 300w, https:\/\/i0.wp.com\/blogdoeloiltoncajuhy.com.br\/site\/wp-content\/uploads\/2015\/12\/pol%C3%ADcia.jpg?resize=250%2C175&amp;ssl=1 250w\" sizes=\"(max-width: 385px) 100vw, 385px\" \/><\/a>Um adolescente de 15 anos, e um jovem, de 18, foram mortos a tiros dentro da casa onde moravam, na Rua Joaquim Jos\u00e9 Oliveira, em Jacobina, nesta quinta-feira (10). Segundo informa\u00e7\u00f5es da pol\u00edcia, quatro homens a bordo de duas motocicletas invadiram o im\u00f3vel e atiraram contra as v\u00edtimas, que morreram no local.<\/p>\n<p style=\"text-align: left;\">Ainda de acordo com a pol\u00edcia, duas mulheres estavam na resid\u00eancia no momento do crime, mas elas n\u00e3o ficaram feridas. Em depoimentos \u00e0 pol\u00edcia, elas contaram que os bandidos estavam usando capuz, e fugiram depois dos disparos. Uma das v\u00edtimas estava morando em Jacobina h\u00e1 dois meses.<\/p>\n<p style=\"text-align: left;\">A pol\u00edcia fez rondas pela regi\u00e3o, mas at\u00e9 a manh\u00e3 desta sexta-feira (11), ningu\u00e9m foi preso. O caso ser\u00e1 investigado pela delegacia da cidade. A autoria e motiva\u00e7\u00e3o do crime seguem desconhecidas.<\/p>\n","protected":false},"excerpt":{"rendered":"<p>V\u00edtimas tinham 15 e 18 anos; crime aconteceu em Jacobina.\u00a0Duas mulheres que estavam na casa presenciaram o crime, diz pol\u00edcia *Do G1 Bahia Um adolescente de 15 anos, e um jovem, de 18, foram mortos a tiros dentro da casa onde moravam, na Rua Joaquim Jos\u00e9 Oliveira, em Jacobina, nesta quinta-feira (10). Segundo informa\u00e7\u00f5es da [&hellip;]<\/p>\n","protected":false},"author":2,"featured_media":0,"comment_status":"open","ping_status":"open","sticky":false,"template":"","format":"standard","meta":{"_acf_changed":false,"_monsterinsights_skip_tracking":false,"_monsterinsights_sitenote_active":false,"_monsterinsights_sitenote_note":"","_monsterinsights_sitenote_category":0,"_jetpack_memberships_contains_paid_content":false,"footnotes":"","jetpack_publicize_message":"","jetpack_publicize_feature_enabled":true,"jetpack_social_post_already_shared":true,"jetpack_social_options":{"image_generator_settings":{"template":"highway","default_image_id":0,"font":"","enabled":false},"version":2}},"categories":[5,1,11],"tags":[],"class_list":["post-13364","post","type-post","status-publish","format-standard","hentry","category-cotidiano","category-noticias","category-regional"],"acf":[],"jetpack_publicize_connections":[],"jetpack_featured_media_url":"","jetpack_sharing_enabled":true,"publishpress_future_workflow_manual_trigger":{"enabledWorkflows":[]},"_links":{"self":[{"href":"https:\/\/blogdoeloiltoncajuhy.com.br\/site\/wp-json\/wp\/v2\/posts\/13364","targetHints":{"allow":["GET"]}}],"collection":[{"href":"https:\/\/blogdoeloiltoncajuhy.com.br\/site\/wp-json\/wp\/v2\/posts"}],"about":[{"href":"https:\/\/blogdoeloiltoncajuhy.com.br\/site\/wp-json\/wp\/v2\/types\/post"}],"author":[{"embeddable":true,"href":"https:\/\/blogdoeloiltoncajuhy.com.br\/site\/wp-json\/wp\/v2\/users\/2"}],"replies":[{"embeddable":true,"href":"https:\/\/blogdoeloiltoncajuhy.com.br\/site\/wp-json\/wp\/v2\/comments?post=13364"}],"version-history":[{"count":1,"href":"https:\/\/blogdoeloiltoncajuhy.com.br\/site\/wp-json\/wp\/v2\/posts\/13364\/revisions"}],"predecessor-version":[{"id":13365,"href":"https:\/\/blogdoeloiltoncajuhy.com.br\/site\/wp-json\/wp\/v2\/posts\/13364\/revisions\/13365"}],"wp:attachment":[{"href":"https:\/\/blogdoeloiltoncajuhy.com.br\/site\/wp-json\/wp\/v2\/media?parent=13364"}],"wp:term":[{"taxonomy":"category","embeddable":true,"href":"https:\/\/blogdoeloiltoncajuhy.com.br\/site\/wp-json\/wp\/v2\/categories?post=13364"},{"taxonomy":"post_tag","embeddable":true,"href":"https:\/\/blogdoeloiltoncajuhy.com.br\/site\/wp-json\/wp\/v2\/tags?post=13364"}],"curies":[{"name":"wp","href":"https:\/\/api.w.org\/{rel}","templated":true}]}}