{"id":13347,"date":"2016-11-10T19:07:31","date_gmt":"2016-11-10T22:07:31","guid":{"rendered":"http:\/\/blogdoeloiltoncajuhy.com.br\/site\/?p=13347"},"modified":"2016-11-10T19:07:31","modified_gmt":"2016-11-10T22:07:31","slug":"proerd-leva-policiais-voluntarios-para-ensinar-em-escolas-baianas","status":"publish","type":"post","link":"https:\/\/blogdoeloiltoncajuhy.com.br\/site\/proerd-leva-policiais-voluntarios-para-ensinar-em-escolas-baianas\/","title":{"rendered":"Proerd leva policiais volunt\u00e1rios para ensinar em escolas baianas"},"content":{"rendered":"<figure id=\"attachment_13348\" aria-describedby=\"caption-attachment-13348\" style=\"width: 731px\" class=\"wp-caption aligncenter\"><a href=\"https:\/\/i0.wp.com\/blogdoeloiltoncajuhy.com.br\/site\/wp-content\/uploads\/2016\/11\/Proerd.jpg\"><img data-recalc-dims=\"1\" fetchpriority=\"high\" decoding=\"async\" class=\"size-full wp-image-13348\" src=\"https:\/\/i0.wp.com\/blogdoeloiltoncajuhy.com.br\/site\/wp-content\/uploads\/2016\/11\/Proerd.jpg?resize=731%2C487\" alt=\"Proerd Orienta Estudantes Na foto: SD PM  Jucinea Souza, Mentora e instrutora Foto: El\u00f3i Corr\u00eaa\/GOVBA\" width=\"731\" height=\"487\" srcset=\"https:\/\/i0.wp.com\/blogdoeloiltoncajuhy.com.br\/site\/wp-content\/uploads\/2016\/11\/Proerd.jpg?w=731&amp;ssl=1 731w, https:\/\/i0.wp.com\/blogdoeloiltoncajuhy.com.br\/site\/wp-content\/uploads\/2016\/11\/Proerd.jpg?resize=300%2C200&amp;ssl=1 300w, https:\/\/i0.wp.com\/blogdoeloiltoncajuhy.com.br\/site\/wp-content\/uploads\/2016\/11\/Proerd.jpg?resize=250%2C167&amp;ssl=1 250w\" sizes=\"(max-width: 731px) 100vw, 731px\" \/><\/a><figcaption id=\"caption-attachment-13348\" class=\"wp-caption-text\">Proerd Orienta Estudantes.\u00a0Na foto: SD PM Jucinea Souza, Mentora e instrutora\u00a0(Foto: El\u00f3i Corr\u00eaa\/GOVBA)<\/figcaption><\/figure>\n<p>Policias militares se transformam em professores nas salas de aula do Programa Educacional de Resist\u00eancia \u00e0s Drogas e \u00e0 Viol\u00eancia (Proerd) e d\u00e3o li\u00e7\u00f5es que v\u00e3o desde o respeito aos mais velhos e a valoriza\u00e7\u00e3o da autoestima at\u00e9 a preven\u00e7\u00e3o ao uso de drogas e \u00e1lcool. S\u00e3o agentes volunt\u00e1rios, incluindo o efetivo de Bases Comunit\u00e1rias de Seguran\u00e7a (BCS), que dedicam o seu tempo para ensinar aos pequenos da Educa\u00e7\u00e3o Infantil e aos jovens do Ensino Fundamental de escolas da capital e do interior do estado.<\/p>\n<p>O esfor\u00e7o dos PMs \u00e9 recompensado com o n\u00famero expressivo de alunos que o Proerd tem conseguido alcan\u00e7ar. S\u00e3o 450 mil jovens formados desde a implanta\u00e7\u00e3o do programa na Bahia, h\u00e1 14 anos. A coordenadora do Proerd, capit\u00e3 Suzane Melo, acredita na proposta de promover, al\u00e9m de quest\u00f5es de educa\u00e7\u00e3o para drogas, o aumento da autoestima dos alunos. Para ela, os n\u00fameros comprovam os bons resultados.<\/p>\n<p>\u201cNosso programa n\u00e3o tem fronteira. Atendemos as escolas municipais, estaduais e particulares. S\u00f3 depende da escola nos solicitar ou dos instrutores apresentarem nosso programa pedag\u00f3gico nas institui\u00e7\u00f5es de ensino. Se a coordena\u00e7\u00e3o pedag\u00f3gica ou diretoria concordarem, levamos nossa mensagem para esses alunos. J\u00e1 conseguimos atender 136 munic\u00edpios na Bahia e, somente esse ano, conseguimos alcan\u00e7ar os 72 mil alunos que v\u00e3o concluir o programa at\u00e9 o final de 2016. Em 2017, esperamos avan\u00e7ar ainda mais, em quantidade de escolas e em n\u00famero de alunos atendidos\u201d, explica a coordenadora.<\/p>\n<figure id=\"attachment_13349\" aria-describedby=\"caption-attachment-13349\" style=\"width: 731px\" class=\"wp-caption aligncenter\"><a href=\"https:\/\/i0.wp.com\/blogdoeloiltoncajuhy.com.br\/site\/wp-content\/uploads\/2016\/11\/Proerd3.jpg\"><img data-recalc-dims=\"1\" decoding=\"async\" class=\"size-full wp-image-13349\" src=\"https:\/\/i0.wp.com\/blogdoeloiltoncajuhy.com.br\/site\/wp-content\/uploads\/2016\/11\/Proerd3.jpg?resize=731%2C487\" alt=\"Proerd Orienta Estudantes Foto: El\u00f3i Corr\u00eaa\/GOVBA\" width=\"731\" height=\"487\" srcset=\"https:\/\/i0.wp.com\/blogdoeloiltoncajuhy.com.br\/site\/wp-content\/uploads\/2016\/11\/Proerd3.jpg?w=731&amp;ssl=1 731w, https:\/\/i0.wp.com\/blogdoeloiltoncajuhy.com.br\/site\/wp-content\/uploads\/2016\/11\/Proerd3.jpg?resize=300%2C200&amp;ssl=1 300w, https:\/\/i0.wp.com\/blogdoeloiltoncajuhy.com.br\/site\/wp-content\/uploads\/2016\/11\/Proerd3.jpg?resize=250%2C167&amp;ssl=1 250w\" sizes=\"(max-width: 731px) 100vw, 731px\" \/><\/a><figcaption id=\"caption-attachment-13349\" class=\"wp-caption-text\">Proerd Orienta Estudantes (Foto: El\u00f3i Corr\u00eaa\/GOVBA)<\/figcaption><\/figure>\n<p><strong>Avalia\u00e7\u00e3o<\/strong><\/p>\n<p>Para chegarem \u00e0 formatura, os estudantes precisam provar que aprenderam as principais li\u00e7\u00f5es do programa, com uma reda\u00e7\u00e3o, que marca a conclus\u00e3o do curso. Para a soldado Amanda Ferreira, instrutora da Educa\u00e7\u00e3o Infantil, a avalia\u00e7\u00e3o \u00e9 um modo de estimul\u00e1-los a colocar os ensinamentos no papel.<\/p>\n<p>\u201cEstamos interessados em saber o que eles assimilaram do programa e como v\u00e3o utilizar esses conhecimentos para a vida. A gente percebe que eles conseguem \u2018linkar\u2019 tudo com a vida deles, tem conceitos que realmente ficam e isso \u00e9 muito gratificante\u201d, destaca Amanda.<\/p>\n<p><strong>Instrutores<\/strong><\/p>\n<p>Mas n\u00e3o s\u00e3o apenas os alunos que precisam ir para as salas de aula. Para se tornarem instrutores, os policiais militares volunt\u00e1rios passam por uma capacita\u00e7\u00e3o de mais de 100 horas, na qual t\u00eam aulas com especialistas nas \u00e1reas de sa\u00fade, preven\u00e7\u00e3o e educa\u00e7\u00e3o. Tudo para atrair o jovem e conseguir, de forma l\u00fadica e utilizando o material did\u00e1tico do programa, ensin\u00e1-lo conceitos e comportamentos que ele n\u00e3o deve esquecer.<\/p>\n<figure id=\"attachment_13350\" aria-describedby=\"caption-attachment-13350\" style=\"width: 2126px\" class=\"wp-caption aligncenter\"><a href=\"https:\/\/i0.wp.com\/blogdoeloiltoncajuhy.com.br\/site\/wp-content\/uploads\/2016\/11\/Proerd4.jpg\"><img data-recalc-dims=\"1\" decoding=\"async\" class=\"size-full wp-image-13350\" src=\"https:\/\/i0.wp.com\/blogdoeloiltoncajuhy.com.br\/site\/wp-content\/uploads\/2016\/11\/Proerd4.jpg?resize=800%2C533\" alt=\"Proerd Orienta Estudantes Foto: El\u00f3i Corr\u00eaa\/GOVBA\" width=\"800\" height=\"533\" srcset=\"https:\/\/i0.wp.com\/blogdoeloiltoncajuhy.com.br\/site\/wp-content\/uploads\/2016\/11\/Proerd4.jpg?w=2126&amp;ssl=1 2126w, https:\/\/i0.wp.com\/blogdoeloiltoncajuhy.com.br\/site\/wp-content\/uploads\/2016\/11\/Proerd4.jpg?resize=300%2C200&amp;ssl=1 300w, https:\/\/i0.wp.com\/blogdoeloiltoncajuhy.com.br\/site\/wp-content\/uploads\/2016\/11\/Proerd4.jpg?resize=768%2C512&amp;ssl=1 768w, https:\/\/i0.wp.com\/blogdoeloiltoncajuhy.com.br\/site\/wp-content\/uploads\/2016\/11\/Proerd4.jpg?resize=1024%2C683&amp;ssl=1 1024w, https:\/\/i0.wp.com\/blogdoeloiltoncajuhy.com.br\/site\/wp-content\/uploads\/2016\/11\/Proerd4.jpg?resize=250%2C167&amp;ssl=1 250w, https:\/\/i0.wp.com\/blogdoeloiltoncajuhy.com.br\/site\/wp-content\/uploads\/2016\/11\/Proerd4.jpg?w=1600 1600w\" sizes=\"(max-width: 800px) 100vw, 800px\" \/><\/a><figcaption id=\"caption-attachment-13350\" class=\"wp-caption-text\">Proerd Orienta Estudantes (Foto: El\u00f3i Corr\u00eaa\/GOVBA)<\/figcaption><\/figure>\n<p>Para a instrutora do Proerd e tamb\u00e9m soldado da Base Comunit\u00e1ria do Uruguai, em Salvador, Jucineia Souza, os 14 anos que ela tem de dedica\u00e7\u00e3o ao programa j\u00e1 mostram resultados surpreendentes.<\/p>\n<p>\u201cEu fiz uma entrevista com os alunos que hoje est\u00e3o no Ensino M\u00e9dio e cursaram o Proerd, e eles falam como se estivessem vivendo hoje o curso. \u00c9 um resultado a longo prazo, mas esse resultado acontece, \u00e9 real. O papel do policial militar enquanto educador social \u00e9 complementar a educa\u00e7\u00e3o dessas crian\u00e7as. Estamos ajudando as fam\u00edlias e as escolas. Sinto-me orgulhosa porque poderemos olhar para essas crian\u00e7as na fase adulta e veremos um pouquinho de n\u00f3s em cada uma delas\u201d.<\/p>\n<p><em>*SECOM-BA<\/em><\/p>\n","protected":false},"excerpt":{"rendered":"<p>Policias militares se transformam em professores nas salas de aula do Programa Educacional de Resist\u00eancia \u00e0s Drogas e \u00e0 Viol\u00eancia (Proerd) e d\u00e3o li\u00e7\u00f5es que v\u00e3o desde o respeito aos mais velhos e a valoriza\u00e7\u00e3o da autoestima at\u00e9 a preven\u00e7\u00e3o ao uso de drogas e \u00e1lcool. S\u00e3o agentes volunt\u00e1rios, incluindo o efetivo de Bases Comunit\u00e1rias [&hellip;]<\/p>\n","protected":false},"author":2,"featured_media":13350,"comment_status":"open","ping_status":"open","sticky":false,"template":"","format":"standard","meta":{"_acf_changed":false,"_monsterinsights_skip_tracking":false,"_monsterinsights_sitenote_active":false,"_monsterinsights_sitenote_note":"","_monsterinsights_sitenote_category":0,"_jetpack_memberships_contains_paid_content":false,"footnotes":"","jetpack_publicize_message":"","jetpack_publicize_feature_enabled":true,"jetpack_social_post_already_shared":true,"jetpack_social_options":{"image_generator_settings":{"template":"highway","default_image_id":0,"font":"","enabled":false},"version":2}},"categories":[5,1],"tags":[],"class_list":["post-13347","post","type-post","status-publish","format-standard","has-post-thumbnail","hentry","category-cotidiano","category-noticias"],"acf":[],"jetpack_publicize_connections":[],"jetpack_featured_media_url":"https:\/\/i0.wp.com\/blogdoeloiltoncajuhy.com.br\/site\/wp-content\/uploads\/2016\/11\/Proerd4.jpg?fit=2126%2C1417&ssl=1","jetpack_sharing_enabled":true,"publishpress_future_workflow_manual_trigger":{"enabledWorkflows":[]},"_links":{"self":[{"href":"https:\/\/blogdoeloiltoncajuhy.com.br\/site\/wp-json\/wp\/v2\/posts\/13347","targetHints":{"allow":["GET"]}}],"collection":[{"href":"https:\/\/blogdoeloiltoncajuhy.com.br\/site\/wp-json\/wp\/v2\/posts"}],"about":[{"href":"https:\/\/blogdoeloiltoncajuhy.com.br\/site\/wp-json\/wp\/v2\/types\/post"}],"author":[{"embeddable":true,"href":"https:\/\/blogdoeloiltoncajuhy.com.br\/site\/wp-json\/wp\/v2\/users\/2"}],"replies":[{"embeddable":true,"href":"https:\/\/blogdoeloiltoncajuhy.com.br\/site\/wp-json\/wp\/v2\/comments?post=13347"}],"version-history":[{"count":1,"href":"https:\/\/blogdoeloiltoncajuhy.com.br\/site\/wp-json\/wp\/v2\/posts\/13347\/revisions"}],"predecessor-version":[{"id":13351,"href":"https:\/\/blogdoeloiltoncajuhy.com.br\/site\/wp-json\/wp\/v2\/posts\/13347\/revisions\/13351"}],"wp:featuredmedia":[{"embeddable":true,"href":"https:\/\/blogdoeloiltoncajuhy.com.br\/site\/wp-json\/wp\/v2\/media\/13350"}],"wp:attachment":[{"href":"https:\/\/blogdoeloiltoncajuhy.com.br\/site\/wp-json\/wp\/v2\/media?parent=13347"}],"wp:term":[{"taxonomy":"category","embeddable":true,"href":"https:\/\/blogdoeloiltoncajuhy.com.br\/site\/wp-json\/wp\/v2\/categories?post=13347"},{"taxonomy":"post_tag","embeddable":true,"href":"https:\/\/blogdoeloiltoncajuhy.com.br\/site\/wp-json\/wp\/v2\/tags?post=13347"}],"curies":[{"name":"wp","href":"https:\/\/api.w.org\/{rel}","templated":true}]}}