{"id":13339,"date":"2016-11-10T18:41:06","date_gmt":"2016-11-10T21:41:06","guid":{"rendered":"http:\/\/blogdoeloiltoncajuhy.com.br\/site\/?p=13339"},"modified":"2016-11-10T18:41:06","modified_gmt":"2016-11-10T21:41:06","slug":"prf-inicia-operacao-proclamacao-da-republica-2016-na-bahia","status":"publish","type":"post","link":"https:\/\/blogdoeloiltoncajuhy.com.br\/site\/prf-inicia-operacao-proclamacao-da-republica-2016-na-bahia\/","title":{"rendered":"PRF inicia Opera\u00e7\u00e3o Proclama\u00e7\u00e3o da Rep\u00fablica 2016 na Bahia"},"content":{"rendered":"<p><a href=\"https:\/\/i0.wp.com\/blogdoeloiltoncajuhy.com.br\/site\/wp-content\/uploads\/2016\/11\/PRF-Proclama%C3%A7%C3%A3o-da-Rep%C3%BAblica-e1478813998253.jpg\"><img data-recalc-dims=\"1\" fetchpriority=\"high\" decoding=\"async\" class=\"aligncenter size-full wp-image-13340\" src=\"https:\/\/i0.wp.com\/blogdoeloiltoncajuhy.com.br\/site\/wp-content\/uploads\/2016\/11\/PRF-Proclama%C3%A7%C3%A3o-da-Rep%C3%BAblica-e1478813998253.jpg?resize=600%2C338\" alt=\"prf-proclamacao-da-republica\" width=\"600\" height=\"338\" \/><\/a>A Pol\u00edcia Rodovi\u00e1ria Federal (PRF) inicia a Opera\u00e7\u00e3o Proclama\u00e7\u00e3o da Rep\u00fablica\u00a0\u00e0 zero hora desta sexta-feira (11) com refor\u00e7o no policiamento em trechos\u00a0estrat\u00e9gicos das rodovias federais que cortam o estado. At\u00e9 as 24h da pr\u00f3xima\u00a0ter\u00e7a-feira (15), a PRF intensificar\u00e1 suas a\u00e7\u00f5es no policiamento ostensivo\u00a0preventivo em trechos com maior \u00edndice de acidentes.<\/p>\n<p>Com a expectativa de um\u00a0pequeno aumento no fluxo de ve\u00edculos, o \u00d3rg\u00e3o realizar\u00e1 opera\u00e7\u00f5es simult\u00e2neas\u00a0para coibir infra\u00e7\u00f5es de tr\u00e2nsito em diversos pontos das rodovias federais.\u00a0A PRF registrou nos \u00faltimos anos quedas sucessivas no n\u00famero de mortes e\u00a0acidentes graves em rodovias federais do pa\u00eds.<\/p>\n<p>Apesar deste \u00edndice positivo, o\u00a0saldo de aproximadamente seis mil mortes por ano em acidentes nas rodovias\u00a0federais ainda \u00e9 preocupante. Para conscientizar o motorista, o \u00f3rg\u00e3o vai\u00a0aproveitar o feriado prolongado para realizar campanhas educativas mostrando\u00a0que uma conduta mais prudente do motorista vai refletir na redu\u00e7\u00e3o de acidentes\u00a0de tr\u00e2nsito.<\/p>\n<p><a href=\"https:\/\/i0.wp.com\/blogdoeloiltoncajuhy.com.br\/site\/wp-content\/uploads\/2016\/11\/PRF-restri%C3%A7%C3%A3o-de-tr%C3%A1fego-Proclama%C3%A7%C3%A3o-da-Rep%C3%BAblica-e1478814044837.png\"><img data-recalc-dims=\"1\" decoding=\"async\" class=\"aligncenter size-full wp-image-13341\" src=\"https:\/\/i0.wp.com\/blogdoeloiltoncajuhy.com.br\/site\/wp-content\/uploads\/2016\/11\/PRF-restri%C3%A7%C3%A3o-de-tr%C3%A1fego-Proclama%C3%A7%C3%A3o-da-Rep%C3%BAblica-e1478814044837.png?resize=600%2C309\" alt=\"prf-restricao-de-trafego-proclamacao-da-republica\" width=\"600\" height=\"309\" \/><\/a>Com o tema \u201cTr\u00e2nsito seguro \u00e9 compromisso de todos\u201d, a opera\u00e7\u00e3o contar\u00e1 com\u00a0a\u00e7\u00f5es de educa\u00e7\u00e3o para o tr\u00e2nsito, buscando sensibilizar motoristas e\u00a0passageiros de seus pap\u00e9is na constru\u00e7\u00e3o de um tr\u00e2nsito mais seguro.<\/p>\n<p><strong>Educa\u00e7\u00e3o para o tr\u00e2nsito \u2013<\/strong> Em toda a Bahia, al\u00e9m do patrulhamento ostensivo,\u00a0a PRF tamb\u00e9m promover\u00e1 a\u00e7\u00f5es educativas buscando sensibilizar motoristas e\u00a0passageiros de seus pap\u00e9is na constru\u00e7\u00e3o de um tr\u00e2nsito mais seguro. Destaque para a a\u00e7\u00e3o do Cinema Rodovi\u00e1rio.<\/p>\n<p><strong><em>Policial Rodovi\u00e1rio Federal \/\u00a0N\u00facleo de Comunica\u00e7\u00e3o Social\/10\u00aa SRPRF\/BA <\/em><\/strong><\/p>\n","protected":false},"excerpt":{"rendered":"<p>A Pol\u00edcia Rodovi\u00e1ria Federal (PRF) inicia a Opera\u00e7\u00e3o Proclama\u00e7\u00e3o da Rep\u00fablica\u00a0\u00e0 zero hora desta sexta-feira (11) com refor\u00e7o no policiamento em trechos\u00a0estrat\u00e9gicos das rodovias federais que cortam o estado. At\u00e9 as 24h da pr\u00f3xima\u00a0ter\u00e7a-feira (15), a PRF intensificar\u00e1 suas a\u00e7\u00f5es no policiamento ostensivo\u00a0preventivo em trechos com maior \u00edndice de acidentes. Com a expectativa de um\u00a0pequeno [&hellip;]<\/p>\n","protected":false},"author":2,"featured_media":13341,"comment_status":"open","ping_status":"open","sticky":false,"template":"","format":"standard","meta":{"_acf_changed":false,"_monsterinsights_skip_tracking":false,"_monsterinsights_sitenote_active":false,"_monsterinsights_sitenote_note":"","_monsterinsights_sitenote_category":0,"_jetpack_memberships_contains_paid_content":false,"footnotes":"","jetpack_publicize_message":"","jetpack_publicize_feature_enabled":true,"jetpack_social_post_already_shared":true,"jetpack_social_options":{"image_generator_settings":{"template":"highway","default_image_id":0,"font":"","enabled":false},"version":2}},"categories":[5,1],"tags":[],"class_list":["post-13339","post","type-post","status-publish","format-standard","has-post-thumbnail","hentry","category-cotidiano","category-noticias"],"acf":[],"jetpack_publicize_connections":[],"jetpack_featured_media_url":"https:\/\/i0.wp.com\/blogdoeloiltoncajuhy.com.br\/site\/wp-content\/uploads\/2016\/11\/PRF-restri%C3%A7%C3%A3o-de-tr%C3%A1fego-Proclama%C3%A7%C3%A3o-da-Rep%C3%BAblica-e1478814044837.png?fit=600%2C309&ssl=1","jetpack_sharing_enabled":true,"publishpress_future_workflow_manual_trigger":{"enabledWorkflows":[]},"_links":{"self":[{"href":"https:\/\/blogdoeloiltoncajuhy.com.br\/site\/wp-json\/wp\/v2\/posts\/13339","targetHints":{"allow":["GET"]}}],"collection":[{"href":"https:\/\/blogdoeloiltoncajuhy.com.br\/site\/wp-json\/wp\/v2\/posts"}],"about":[{"href":"https:\/\/blogdoeloiltoncajuhy.com.br\/site\/wp-json\/wp\/v2\/types\/post"}],"author":[{"embeddable":true,"href":"https:\/\/blogdoeloiltoncajuhy.com.br\/site\/wp-json\/wp\/v2\/users\/2"}],"replies":[{"embeddable":true,"href":"https:\/\/blogdoeloiltoncajuhy.com.br\/site\/wp-json\/wp\/v2\/comments?post=13339"}],"version-history":[{"count":1,"href":"https:\/\/blogdoeloiltoncajuhy.com.br\/site\/wp-json\/wp\/v2\/posts\/13339\/revisions"}],"predecessor-version":[{"id":13342,"href":"https:\/\/blogdoeloiltoncajuhy.com.br\/site\/wp-json\/wp\/v2\/posts\/13339\/revisions\/13342"}],"wp:featuredmedia":[{"embeddable":true,"href":"https:\/\/blogdoeloiltoncajuhy.com.br\/site\/wp-json\/wp\/v2\/media\/13341"}],"wp:attachment":[{"href":"https:\/\/blogdoeloiltoncajuhy.com.br\/site\/wp-json\/wp\/v2\/media?parent=13339"}],"wp:term":[{"taxonomy":"category","embeddable":true,"href":"https:\/\/blogdoeloiltoncajuhy.com.br\/site\/wp-json\/wp\/v2\/categories?post=13339"},{"taxonomy":"post_tag","embeddable":true,"href":"https:\/\/blogdoeloiltoncajuhy.com.br\/site\/wp-json\/wp\/v2\/tags?post=13339"}],"curies":[{"name":"wp","href":"https:\/\/api.w.org\/{rel}","templated":true}]}}