{"id":13333,"date":"2016-11-10T16:11:52","date_gmt":"2016-11-10T19:11:52","guid":{"rendered":"http:\/\/blogdoeloiltoncajuhy.com.br\/site\/?p=13333"},"modified":"2016-11-10T16:11:52","modified_gmt":"2016-11-10T19:11:52","slug":"fornecimento-de-agua-continua-suspenso-em-monte-santo","status":"publish","type":"post","link":"https:\/\/blogdoeloiltoncajuhy.com.br\/site\/fornecimento-de-agua-continua-suspenso-em-monte-santo\/","title":{"rendered":"Fornecimento de \u00e1gua continua suspenso em Monte Santo"},"content":{"rendered":"<p style=\"text-align: center;\"><em><strong>Problema em equipamento afetou retomada do abastecimento no munic\u00edpio<\/strong><\/em><\/p>\n<p><a href=\"https:\/\/i0.wp.com\/blogdoeloiltoncajuhy.com.br\/site\/wp-content\/uploads\/2015\/08\/embasa.jpg\"><img data-recalc-dims=\"1\" fetchpriority=\"high\" decoding=\"async\" class=\"aligncenter size-full wp-image-3655\" src=\"https:\/\/i0.wp.com\/blogdoeloiltoncajuhy.com.br\/site\/wp-content\/uploads\/2015\/08\/embasa.jpg?resize=350%2C200\" alt=\"embasa\" width=\"350\" height=\"200\" srcset=\"https:\/\/i0.wp.com\/blogdoeloiltoncajuhy.com.br\/site\/wp-content\/uploads\/2015\/08\/embasa.jpg?w=350&amp;ssl=1 350w, https:\/\/i0.wp.com\/blogdoeloiltoncajuhy.com.br\/site\/wp-content\/uploads\/2015\/08\/embasa.jpg?resize=300%2C171&amp;ssl=1 300w, https:\/\/i0.wp.com\/blogdoeloiltoncajuhy.com.br\/site\/wp-content\/uploads\/2015\/08\/embasa.jpg?resize=250%2C143&amp;ssl=1 250w\" sizes=\"(max-width: 350px) 100vw, 350px\" \/><\/a>A Empresa Baiana de \u00c1guas e Saneamento (Embasa) informa que, devido a um problema em um equipamento de bombeamento de \u00e1gua, o abastecimento n\u00e3o p\u00f4de ser retomado na data prevista em Monte Santo.<\/p>\n<p>Na \u00faltima segunda-feira (07), a Embasa precisou interromper o fornecimento de \u00e1gua no munic\u00edpio para sanar vazamentos em uma adutora. Uma equipe t\u00e9cnica est\u00e1 trabalhando intensamente na execu\u00e7\u00e3o dos servi\u00e7os de manuten\u00e7\u00e3o, cuja conclus\u00e3o est\u00e1 prevista para esta sexta-feira (11).<\/p>\n<p>Ap\u00f3s a conclus\u00e3o dos trabalhos, os servi\u00e7os de abastecimento de \u00e1gua ser\u00e3o retomados de imediato, atendendo todos os moradores gradativamente. A Embasa pede mais uma vez a compreens\u00e3o dos moradores afetados e recomenda o uso racional da \u00e1gua neste per\u00edodo.<\/p>\n<p><em>*Assessoria de Comunica\u00e7\u00e3o da Embasa<\/em><\/p>\n","protected":false},"excerpt":{"rendered":"<p>Problema em equipamento afetou retomada do abastecimento no munic\u00edpio A Empresa Baiana de \u00c1guas e Saneamento (Embasa) informa que, devido a um problema em um equipamento de bombeamento de \u00e1gua, o abastecimento n\u00e3o p\u00f4de ser retomado na data prevista em Monte Santo. Na \u00faltima segunda-feira (07), a Embasa precisou interromper o fornecimento de \u00e1gua no [&hellip;]<\/p>\n","protected":false},"author":2,"featured_media":0,"comment_status":"open","ping_status":"open","sticky":false,"template":"","format":"standard","meta":{"_acf_changed":false,"_monsterinsights_skip_tracking":false,"_monsterinsights_sitenote_active":false,"_monsterinsights_sitenote_note":"","_monsterinsights_sitenote_category":0,"_jetpack_memberships_contains_paid_content":false,"footnotes":"","jetpack_publicize_message":"","jetpack_publicize_feature_enabled":true,"jetpack_social_post_already_shared":true,"jetpack_social_options":{"image_generator_settings":{"template":"highway","default_image_id":0,"font":"","enabled":false},"version":2}},"categories":[1,11],"tags":[],"class_list":["post-13333","post","type-post","status-publish","format-standard","hentry","category-noticias","category-regional"],"acf":[],"jetpack_publicize_connections":[],"jetpack_featured_media_url":"","jetpack_sharing_enabled":true,"publishpress_future_workflow_manual_trigger":{"enabledWorkflows":[]},"_links":{"self":[{"href":"https:\/\/blogdoeloiltoncajuhy.com.br\/site\/wp-json\/wp\/v2\/posts\/13333","targetHints":{"allow":["GET"]}}],"collection":[{"href":"https:\/\/blogdoeloiltoncajuhy.com.br\/site\/wp-json\/wp\/v2\/posts"}],"about":[{"href":"https:\/\/blogdoeloiltoncajuhy.com.br\/site\/wp-json\/wp\/v2\/types\/post"}],"author":[{"embeddable":true,"href":"https:\/\/blogdoeloiltoncajuhy.com.br\/site\/wp-json\/wp\/v2\/users\/2"}],"replies":[{"embeddable":true,"href":"https:\/\/blogdoeloiltoncajuhy.com.br\/site\/wp-json\/wp\/v2\/comments?post=13333"}],"version-history":[{"count":1,"href":"https:\/\/blogdoeloiltoncajuhy.com.br\/site\/wp-json\/wp\/v2\/posts\/13333\/revisions"}],"predecessor-version":[{"id":13334,"href":"https:\/\/blogdoeloiltoncajuhy.com.br\/site\/wp-json\/wp\/v2\/posts\/13333\/revisions\/13334"}],"wp:attachment":[{"href":"https:\/\/blogdoeloiltoncajuhy.com.br\/site\/wp-json\/wp\/v2\/media?parent=13333"}],"wp:term":[{"taxonomy":"category","embeddable":true,"href":"https:\/\/blogdoeloiltoncajuhy.com.br\/site\/wp-json\/wp\/v2\/categories?post=13333"},{"taxonomy":"post_tag","embeddable":true,"href":"https:\/\/blogdoeloiltoncajuhy.com.br\/site\/wp-json\/wp\/v2\/tags?post=13333"}],"curies":[{"name":"wp","href":"https:\/\/api.w.org\/{rel}","templated":true}]}}