{"id":13330,"date":"2016-11-10T12:18:33","date_gmt":"2016-11-10T15:18:33","guid":{"rendered":"http:\/\/blogdoeloiltoncajuhy.com.br\/site\/?p=13330"},"modified":"2016-11-10T12:18:33","modified_gmt":"2016-11-10T15:18:33","slug":"brasileiro-se-reune-com-representantes-do-estado-em-busca-de-investimentos-para-bonfim","status":"publish","type":"post","link":"https:\/\/blogdoeloiltoncajuhy.com.br\/site\/brasileiro-se-reune-com-representantes-do-estado-em-busca-de-investimentos-para-bonfim\/","title":{"rendered":"Brasileiro se re\u00fane com representantes do Estado em busca de investimentos para Bonfim"},"content":{"rendered":"<p><em><a href=\"https:\/\/i0.wp.com\/blogdoeloiltoncajuhy.com.br\/site\/wp-content\/uploads\/2016\/11\/Brasileiro-reuni%C3%A3o-SDE.jpg\"><img data-recalc-dims=\"1\" fetchpriority=\"high\" decoding=\"async\" class=\"aligncenter size-full wp-image-13331\" src=\"https:\/\/i0.wp.com\/blogdoeloiltoncajuhy.com.br\/site\/wp-content\/uploads\/2016\/11\/Brasileiro-reuni%C3%A3o-SDE.jpg?resize=480%2C360\" alt=\"brasileiro-reuniao-sde\" width=\"480\" height=\"360\" srcset=\"https:\/\/i0.wp.com\/blogdoeloiltoncajuhy.com.br\/site\/wp-content\/uploads\/2016\/11\/Brasileiro-reuni%C3%A3o-SDE.jpg?w=480&amp;ssl=1 480w, https:\/\/i0.wp.com\/blogdoeloiltoncajuhy.com.br\/site\/wp-content\/uploads\/2016\/11\/Brasileiro-reuni%C3%A3o-SDE.jpg?resize=300%2C225&amp;ssl=1 300w, https:\/\/i0.wp.com\/blogdoeloiltoncajuhy.com.br\/site\/wp-content\/uploads\/2016\/11\/Brasileiro-reuni%C3%A3o-SDE.jpg?resize=250%2C188&amp;ssl=1 250w\" sizes=\"(max-width: 480px) 100vw, 480px\" \/><\/a>*Ascom\/Brasileiro<\/em><br \/>\nCarlos Brasileiro esteve em Salvador nesta ter\u00e7a-feira, 8, visitando \u00f3rg\u00e3os do Estado em busca de investimentos para Senhor do Bonfim. Acompanhado do deputado estadual Bob\u00f4 e do assessor especial do Governador da Bahia, Benito Brasileiro, o prefeito eleito participou de uma reuni\u00e3o na Companhia de Desenvolvimento Regional (CAR\/BA) com o diretor-presidente Wilson Dias. Na oportunidade foi cobrada a entrega do projeto do novo Mercado Municipal \u00e0 Caixa Econ\u00f4mica Federal para an\u00e1lise e licita\u00e7\u00e3o.<\/p>\n<p>Em seguida, a comitiva se reuniu com o secret\u00e1rio Jorge Hereda, na Secretaria de Desenvolvimento Econ\u00f4mico (SDE), onde Brasileiro solicitou estudos para implanta\u00e7\u00e3o de pol\u00edticas e projetos nas \u00e1reas de ind\u00fastria e servi\u00e7os em Senhor do Bonfim. Ciente do comprometimento de Brasileiro em retomar o crescimento do munic\u00edpio, algo que segundo o secret\u00e1rio impactar\u00e1 positivamente tamb\u00e9m em todo o territ\u00f3rio do Piemonte Norte do Itapicuru, Hereda se comprometeu a viabilizar empreendimentos na \u00e1rea industrial.<\/p>\n<p>\u201cVamos promover o progresso com gera\u00e7\u00e3o de emprego e melhoria da renda dos bonfinenses. Por isso se faz necess\u00e1rio a vinda de novos empreendimentos. Conseguimos a sinaliza\u00e7\u00e3o do secret\u00e1rio Wilson para encaminhamento do projeto do nosso Mercado e com o secret\u00e1rio Hereda para a implanta\u00e7\u00e3o de uma f\u00e1brica de cal\u00e7ados e um Call Center. N\u00e3o vamos medir esfor\u00e7os para recolocar Bonfim em posi\u00e7\u00e3o de destaque no cen\u00e1rio baiano\u201d, concluiu o prefeito eleito.<\/p>\n","protected":false},"excerpt":{"rendered":"<p>*Ascom\/Brasileiro Carlos Brasileiro esteve em Salvador nesta ter\u00e7a-feira, 8, visitando \u00f3rg\u00e3os do Estado em busca de investimentos para Senhor do Bonfim. Acompanhado do deputado estadual Bob\u00f4 e do assessor especial do Governador da Bahia, Benito Brasileiro, o prefeito eleito participou de uma reuni\u00e3o na Companhia de Desenvolvimento Regional (CAR\/BA) com o diretor-presidente Wilson Dias. Na [&hellip;]<\/p>\n","protected":false},"author":2,"featured_media":13331,"comment_status":"open","ping_status":"open","sticky":false,"template":"","format":"standard","meta":{"_acf_changed":false,"_monsterinsights_skip_tracking":false,"_monsterinsights_sitenote_active":false,"_monsterinsights_sitenote_note":"","_monsterinsights_sitenote_category":0,"_jetpack_memberships_contains_paid_content":false,"footnotes":"","jetpack_publicize_message":"","jetpack_publicize_feature_enabled":true,"jetpack_social_post_already_shared":true,"jetpack_social_options":{"image_generator_settings":{"template":"highway","default_image_id":0,"font":"","enabled":false},"version":2}},"categories":[1,3,4],"tags":[],"class_list":["post-13330","post","type-post","status-publish","format-standard","has-post-thumbnail","hentry","category-noticias","category-politica","category-local"],"acf":[],"jetpack_publicize_connections":[],"jetpack_featured_media_url":"https:\/\/i0.wp.com\/blogdoeloiltoncajuhy.com.br\/site\/wp-content\/uploads\/2016\/11\/Brasileiro-reuni%C3%A3o-SDE.jpg?fit=480%2C360&ssl=1","jetpack_sharing_enabled":true,"publishpress_future_workflow_manual_trigger":{"enabledWorkflows":[]},"_links":{"self":[{"href":"https:\/\/blogdoeloiltoncajuhy.com.br\/site\/wp-json\/wp\/v2\/posts\/13330","targetHints":{"allow":["GET"]}}],"collection":[{"href":"https:\/\/blogdoeloiltoncajuhy.com.br\/site\/wp-json\/wp\/v2\/posts"}],"about":[{"href":"https:\/\/blogdoeloiltoncajuhy.com.br\/site\/wp-json\/wp\/v2\/types\/post"}],"author":[{"embeddable":true,"href":"https:\/\/blogdoeloiltoncajuhy.com.br\/site\/wp-json\/wp\/v2\/users\/2"}],"replies":[{"embeddable":true,"href":"https:\/\/blogdoeloiltoncajuhy.com.br\/site\/wp-json\/wp\/v2\/comments?post=13330"}],"version-history":[{"count":1,"href":"https:\/\/blogdoeloiltoncajuhy.com.br\/site\/wp-json\/wp\/v2\/posts\/13330\/revisions"}],"predecessor-version":[{"id":13332,"href":"https:\/\/blogdoeloiltoncajuhy.com.br\/site\/wp-json\/wp\/v2\/posts\/13330\/revisions\/13332"}],"wp:featuredmedia":[{"embeddable":true,"href":"https:\/\/blogdoeloiltoncajuhy.com.br\/site\/wp-json\/wp\/v2\/media\/13331"}],"wp:attachment":[{"href":"https:\/\/blogdoeloiltoncajuhy.com.br\/site\/wp-json\/wp\/v2\/media?parent=13330"}],"wp:term":[{"taxonomy":"category","embeddable":true,"href":"https:\/\/blogdoeloiltoncajuhy.com.br\/site\/wp-json\/wp\/v2\/categories?post=13330"},{"taxonomy":"post_tag","embeddable":true,"href":"https:\/\/blogdoeloiltoncajuhy.com.br\/site\/wp-json\/wp\/v2\/tags?post=13330"}],"curies":[{"name":"wp","href":"https:\/\/api.w.org\/{rel}","templated":true}]}}