{"id":13327,"date":"2016-11-10T10:09:50","date_gmt":"2016-11-10T13:09:50","guid":{"rendered":"http:\/\/blogdoeloiltoncajuhy.com.br\/site\/?p=13327"},"modified":"2016-11-10T10:09:50","modified_gmt":"2016-11-10T13:09:50","slug":"sismusb-sindicato-dos-servidores-publicos-municipais-de-senhor-do-bonfim","status":"publish","type":"post","link":"https:\/\/blogdoeloiltoncajuhy.com.br\/site\/sismusb-sindicato-dos-servidores-publicos-municipais-de-senhor-do-bonfim\/","title":{"rendered":"SISMUSB &#8211; SINDICATO DOS SERVIDORES P\u00daBLICOS MUNICIPAIS DE SENHOR DO BONFIM"},"content":{"rendered":"<p style=\"text-align: center;\"><strong><a href=\"https:\/\/i0.wp.com\/blogdoeloiltoncajuhy.com.br\/site\/wp-content\/uploads\/2015\/11\/SISMUSB-B.jpg\"><img data-recalc-dims=\"1\" fetchpriority=\"high\" decoding=\"async\" class=\"aligncenter wp-image-5476 size-medium\" src=\"https:\/\/i0.wp.com\/blogdoeloiltoncajuhy.com.br\/site\/wp-content\/uploads\/2015\/11\/SISMUSB-B.jpg?resize=291%2C300\" alt=\"SISMUSB-B\" width=\"291\" height=\"300\" srcset=\"https:\/\/i0.wp.com\/blogdoeloiltoncajuhy.com.br\/site\/wp-content\/uploads\/2015\/11\/SISMUSB-B.jpg?resize=291%2C300&amp;ssl=1 291w, https:\/\/i0.wp.com\/blogdoeloiltoncajuhy.com.br\/site\/wp-content\/uploads\/2015\/11\/SISMUSB-B.jpg?resize=243%2C250&amp;ssl=1 243w, https:\/\/i0.wp.com\/blogdoeloiltoncajuhy.com.br\/site\/wp-content\/uploads\/2015\/11\/SISMUSB-B.jpg?resize=48%2C48&amp;ssl=1 48w, https:\/\/i0.wp.com\/blogdoeloiltoncajuhy.com.br\/site\/wp-content\/uploads\/2015\/11\/SISMUSB-B.jpg?w=336&amp;ssl=1 336w\" sizes=\"(max-width: 291px) 100vw, 291px\" \/><\/a>COMUNICADO<\/strong><\/p>\n<p>Comunicamos a todos os servidores que nesta sexta feira, dia 11, a partir das 07h30, estaremos nos concentrado na Pra\u00e7a Nova do Congresso, aderindo \u00e0\u00a0Paralisa\u00e7\u00e3o Nacional, conforme convoca\u00e7\u00e3o da CUT, CNTE, UGT e outras centrais, em torno das reais mudan\u00e7as no Brasil e em nossa cidade das propostas de emenda <strong>PEC 241<\/strong> chamada de novo ajuste fiscal.<\/p>\n<p><strong>Iremos \u00e0s ruas protestar contra:<\/strong><br \/>\n<em>1\u00ba Congelamento de investimento p\u00fablico por 20 anos.<\/em><br \/>\n<em>a) Na sa\u00fade<\/em><br \/>\n<em>b) Na educa\u00e7\u00e3o<\/em><br \/>\n<em>c) Congelamento Salarial dos Servidores<\/em><br \/>\n<em>d) Limita\u00e7\u00e3o do reajuste do salario m\u00ednimo \u00e1 infla\u00e7\u00e3o.<\/em><\/p>\n<p><strong>2\u00ba Reforma da Previd\u00eancia<\/strong><br \/>\n<em>a) Idade m\u00ednima para aposentadoria 65 ou 70<\/em><br \/>\n<em>b) Direito de greve<\/em><br \/>\n<em>c) Calculo de periculosidade<\/em><\/p>\n<ul>\n<li>Perdas Sociais<strong> \u2013<\/strong> a manuten\u00e7\u00e3o do teto fiscal vai exigir um corte monumental tanto das despesas com benef\u00edcios sociais e transfer\u00eancia de renda aos setores mais pobres da popula\u00e7\u00e3o.O Projeto de lei complementar eliminara alguns dos poucos direitos dos servidores p\u00fablicos ainda vigente, como por exemplo, a licen\u00e7a premio, a licen\u00e7a sab\u00e1tica, os quinqu\u00eanios.<\/li>\n<li>O Impedimento de mudan\u00e7as nas carreiras dos servidores que impliquem aumento de despesas.<\/li>\n<li>Qualquer mudan\u00e7a nas regras da PEC s\u00f3 poder\u00e1 ser feita a partir do d\u00e9cimo ano, e ser\u00e1 limitada \u00e1 altera\u00e7\u00e3o dos \u00edndices de corre\u00e7\u00e3o anual.<\/li>\n<li>A medida poder\u00e1 causar, como redu\u00e7\u00e3o nos investimentos em sa\u00fade e educa\u00e7\u00e3o, a perda do poder de compra do sal\u00e1rio m\u00ednimo, entre outros.\n<p>\u00c9 por Isso que nossa rea\u00e7\u00e3o e fundamental.<br \/>\nJUNTOS SEREMOS MAIS FORTES!<\/p>\n<p><em><strong>Raimundo Nonato Rodrigues de Oliveira<\/strong><\/em><br \/>\n<em><strong>Coordenador Geral do Sismusb<\/strong><\/em><\/li>\n<\/ul>\n","protected":false},"excerpt":{"rendered":"<p>COMUNICADO Comunicamos a todos os servidores que nesta sexta feira, dia 11, a partir das 07h30, estaremos nos concentrado na Pra\u00e7a Nova do Congresso, aderindo \u00e0\u00a0Paralisa\u00e7\u00e3o Nacional, conforme convoca\u00e7\u00e3o da CUT, CNTE, UGT e outras centrais, em torno das reais mudan\u00e7as no Brasil e em nossa cidade das propostas de emenda PEC 241 chamada de [&hellip;]<\/p>\n","protected":false},"author":2,"featured_media":0,"comment_status":"open","ping_status":"open","sticky":false,"template":"","format":"standard","meta":{"_acf_changed":false,"_monsterinsights_skip_tracking":false,"_monsterinsights_sitenote_active":false,"_monsterinsights_sitenote_note":"","_monsterinsights_sitenote_category":0,"_jetpack_memberships_contains_paid_content":false,"footnotes":"","jetpack_publicize_message":"","jetpack_publicize_feature_enabled":true,"jetpack_social_post_already_shared":true,"jetpack_social_options":{"image_generator_settings":{"template":"highway","default_image_id":0,"font":"","enabled":false},"version":2}},"categories":[1,4],"tags":[],"class_list":["post-13327","post","type-post","status-publish","format-standard","hentry","category-noticias","category-local"],"acf":[],"jetpack_publicize_connections":[],"jetpack_featured_media_url":"","jetpack_sharing_enabled":true,"publishpress_future_workflow_manual_trigger":{"enabledWorkflows":[]},"_links":{"self":[{"href":"https:\/\/blogdoeloiltoncajuhy.com.br\/site\/wp-json\/wp\/v2\/posts\/13327","targetHints":{"allow":["GET"]}}],"collection":[{"href":"https:\/\/blogdoeloiltoncajuhy.com.br\/site\/wp-json\/wp\/v2\/posts"}],"about":[{"href":"https:\/\/blogdoeloiltoncajuhy.com.br\/site\/wp-json\/wp\/v2\/types\/post"}],"author":[{"embeddable":true,"href":"https:\/\/blogdoeloiltoncajuhy.com.br\/site\/wp-json\/wp\/v2\/users\/2"}],"replies":[{"embeddable":true,"href":"https:\/\/blogdoeloiltoncajuhy.com.br\/site\/wp-json\/wp\/v2\/comments?post=13327"}],"version-history":[{"count":1,"href":"https:\/\/blogdoeloiltoncajuhy.com.br\/site\/wp-json\/wp\/v2\/posts\/13327\/revisions"}],"predecessor-version":[{"id":13328,"href":"https:\/\/blogdoeloiltoncajuhy.com.br\/site\/wp-json\/wp\/v2\/posts\/13327\/revisions\/13328"}],"wp:attachment":[{"href":"https:\/\/blogdoeloiltoncajuhy.com.br\/site\/wp-json\/wp\/v2\/media?parent=13327"}],"wp:term":[{"taxonomy":"category","embeddable":true,"href":"https:\/\/blogdoeloiltoncajuhy.com.br\/site\/wp-json\/wp\/v2\/categories?post=13327"},{"taxonomy":"post_tag","embeddable":true,"href":"https:\/\/blogdoeloiltoncajuhy.com.br\/site\/wp-json\/wp\/v2\/tags?post=13327"}],"curies":[{"name":"wp","href":"https:\/\/api.w.org\/{rel}","templated":true}]}}