{"id":13303,"date":"2016-11-08T18:02:07","date_gmt":"2016-11-08T21:02:07","guid":{"rendered":"http:\/\/blogdoeloiltoncajuhy.com.br\/site\/?p=13303"},"modified":"2016-11-08T18:02:07","modified_gmt":"2016-11-08T21:02:07","slug":"comece-a-quarta-feira-meditando-nao-facais-da-casa-de-meu-pai-uma-casa-de-comercio-jo-213-22","status":"publish","type":"post","link":"https:\/\/blogdoeloiltoncajuhy.com.br\/site\/comece-a-quarta-feira-meditando-nao-facais-da-casa-de-meu-pai-uma-casa-de-comercio-jo-213-22\/","title":{"rendered":"COMECE A QUARTA-FEIRA MEDITANDO: &#8220;N\u00e3o fa\u00e7ais da casa de meu Pai uma casa de com\u00e9rcio!&#8221; (Jo 2,13-22)"},"content":{"rendered":"<p><a href=\"https:\/\/i0.wp.com\/blogdoeloiltoncajuhy.com.br\/site\/wp-content\/uploads\/2015\/10\/liturgia_diaria.jpg\"><img data-recalc-dims=\"1\" fetchpriority=\"high\" decoding=\"async\" class=\"alignright wp-image-4757 size-medium\" src=\"https:\/\/i0.wp.com\/blogdoeloiltoncajuhy.com.br\/site\/wp-content\/uploads\/2015\/10\/liturgia_diaria.jpg?resize=300%2C227\" alt=\"liturgia_diaria\" width=\"300\" height=\"227\" srcset=\"https:\/\/i0.wp.com\/blogdoeloiltoncajuhy.com.br\/site\/wp-content\/uploads\/2015\/10\/liturgia_diaria.jpg?resize=300%2C227&amp;ssl=1 300w, https:\/\/i0.wp.com\/blogdoeloiltoncajuhy.com.br\/site\/wp-content\/uploads\/2015\/10\/liturgia_diaria.jpg?resize=250%2C189&amp;ssl=1 250w, https:\/\/i0.wp.com\/blogdoeloiltoncajuhy.com.br\/site\/wp-content\/uploads\/2015\/10\/liturgia_diaria.jpg?w=449&amp;ssl=1 449w\" sizes=\"(max-width: 300px) 100vw, 300px\" \/><\/a>Estava pr\u00f3xima a P\u00e1scoa dos judeus e Jesus subiu a Jerusal\u00e9m. No Templo, encontrou os vendedores de bois, ovelhas e pombas e os cambistas que estavam a\u00ed sentados. Fez ent\u00e3o um chicote de cordas e expulsou todos do Templo, junto com as ovelhas e os bois; espalhou as moedas e derrubou as mesas dos cambistas.<\/p>\n<p>E disse aos que vendiam pombas: \u201cTirai isto daqui! N\u00e3o fa\u00e7ais da casa de meu Pai uma casa de com\u00e9rcio!\u201d Seus disc\u00edpulos lembraram-se, mais tarde, que a Escritura diz: \u201cO zelo por tua casa me consumir\u00e1\u201d.<\/p>\n<p>Ent\u00e3o os judeus perguntaram a Jesus: \u201cQue sinal nos mostras para agir assim?\u201d Ele respondeu: \u201cDestru\u00ed este Templo, e em tr\u00eas dias o levantarei\u201d. Os judeus disseram: \u201cQuarenta e seis anos foram precisos para a constru\u00e7\u00e3o deste santu\u00e1rio e tu o levantar\u00e1s em tr\u00eas dias?\u201d<\/p>\n<p>Mas Jesus estava falando do Templo do seu corpo. Quando Jesus ressuscitou, os disc\u00edpulos lembraram-se do que ele tinha dito e acreditaram na Escritura e na palavra dele.<\/p>\n<p><em>*Can\u00e7\u00e3o Nova<\/em><\/p>\n","protected":false},"excerpt":{"rendered":"<p>Estava pr\u00f3xima a P\u00e1scoa dos judeus e Jesus subiu a Jerusal\u00e9m. No Templo, encontrou os vendedores de bois, ovelhas e pombas e os cambistas que estavam a\u00ed sentados. Fez ent\u00e3o um chicote de cordas e expulsou todos do Templo, junto com as ovelhas e os bois; espalhou as moedas e derrubou as mesas dos cambistas. [&hellip;]<\/p>\n","protected":false},"author":2,"featured_media":0,"comment_status":"open","ping_status":"open","sticky":false,"template":"","format":"standard","meta":{"_acf_changed":false,"_monsterinsights_skip_tracking":false,"_monsterinsights_sitenote_active":false,"_monsterinsights_sitenote_note":"","_monsterinsights_sitenote_category":0,"_jetpack_memberships_contains_paid_content":false,"footnotes":"","jetpack_publicize_message":"","jetpack_publicize_feature_enabled":true,"jetpack_social_post_already_shared":true,"jetpack_social_options":{"image_generator_settings":{"template":"highway","default_image_id":0,"font":"","enabled":false},"version":2}},"categories":[1,9],"tags":[],"class_list":["post-13303","post","type-post","status-publish","format-standard","hentry","category-noticias","category-reflexao"],"acf":[],"jetpack_publicize_connections":[],"jetpack_featured_media_url":"","jetpack_sharing_enabled":true,"publishpress_future_workflow_manual_trigger":{"enabledWorkflows":[]},"_links":{"self":[{"href":"https:\/\/blogdoeloiltoncajuhy.com.br\/site\/wp-json\/wp\/v2\/posts\/13303","targetHints":{"allow":["GET"]}}],"collection":[{"href":"https:\/\/blogdoeloiltoncajuhy.com.br\/site\/wp-json\/wp\/v2\/posts"}],"about":[{"href":"https:\/\/blogdoeloiltoncajuhy.com.br\/site\/wp-json\/wp\/v2\/types\/post"}],"author":[{"embeddable":true,"href":"https:\/\/blogdoeloiltoncajuhy.com.br\/site\/wp-json\/wp\/v2\/users\/2"}],"replies":[{"embeddable":true,"href":"https:\/\/blogdoeloiltoncajuhy.com.br\/site\/wp-json\/wp\/v2\/comments?post=13303"}],"version-history":[{"count":1,"href":"https:\/\/blogdoeloiltoncajuhy.com.br\/site\/wp-json\/wp\/v2\/posts\/13303\/revisions"}],"predecessor-version":[{"id":13304,"href":"https:\/\/blogdoeloiltoncajuhy.com.br\/site\/wp-json\/wp\/v2\/posts\/13303\/revisions\/13304"}],"wp:attachment":[{"href":"https:\/\/blogdoeloiltoncajuhy.com.br\/site\/wp-json\/wp\/v2\/media?parent=13303"}],"wp:term":[{"taxonomy":"category","embeddable":true,"href":"https:\/\/blogdoeloiltoncajuhy.com.br\/site\/wp-json\/wp\/v2\/categories?post=13303"},{"taxonomy":"post_tag","embeddable":true,"href":"https:\/\/blogdoeloiltoncajuhy.com.br\/site\/wp-json\/wp\/v2\/tags?post=13303"}],"curies":[{"name":"wp","href":"https:\/\/api.w.org\/{rel}","templated":true}]}}