{"id":13295,"date":"2016-11-08T17:41:54","date_gmt":"2016-11-08T20:41:54","guid":{"rendered":"http:\/\/blogdoeloiltoncajuhy.com.br\/site\/?p=13295"},"modified":"2016-11-08T17:41:54","modified_gmt":"2016-11-08T20:41:54","slug":"ja-fui-desenganado-e-pedi-eutanasia-lembra-ronnie-von-sobre-grave-doenca","status":"publish","type":"post","link":"https:\/\/blogdoeloiltoncajuhy.com.br\/site\/ja-fui-desenganado-e-pedi-eutanasia-lembra-ronnie-von-sobre-grave-doenca\/","title":{"rendered":"&#8220;J\u00e1 fui desenganado e pedi eutan\u00e1sia&#8221;, lembra Ronnie Von sobre grave doen\u00e7a"},"content":{"rendered":"<figure id=\"attachment_13296\" aria-describedby=\"caption-attachment-13296\" style=\"width: 615px\" class=\"wp-caption aligncenter\"><a href=\"https:\/\/i0.wp.com\/blogdoeloiltoncajuhy.com.br\/site\/wp-content\/uploads\/2016\/11\/ronnie-von.jpg\"><img data-recalc-dims=\"1\" fetchpriority=\"high\" decoding=\"async\" class=\"wp-image-13296 size-full\" src=\"https:\/\/i0.wp.com\/blogdoeloiltoncajuhy.com.br\/site\/wp-content\/uploads\/2016\/11\/ronnie-von.jpg?resize=615%2C300\" alt=\"ronnie-von\" width=\"615\" height=\"300\" srcset=\"https:\/\/i0.wp.com\/blogdoeloiltoncajuhy.com.br\/site\/wp-content\/uploads\/2016\/11\/ronnie-von.jpg?w=615&amp;ssl=1 615w, https:\/\/i0.wp.com\/blogdoeloiltoncajuhy.com.br\/site\/wp-content\/uploads\/2016\/11\/ronnie-von.jpg?resize=300%2C146&amp;ssl=1 300w, https:\/\/i0.wp.com\/blogdoeloiltoncajuhy.com.br\/site\/wp-content\/uploads\/2016\/11\/ronnie-von.jpg?resize=250%2C122&amp;ssl=1 250w\" sizes=\"(max-width: 615px) 100vw, 615px\" \/><\/a><figcaption id=\"caption-attachment-13296\" class=\"wp-caption-text\">A Gugu, Ronnie Von conta que teve uma doen\u00e7a que afetou o seu sistema nervoso \/ Divulga\u00e7\u00e3o\/TV Record<\/figcaption><\/figure>\n<p>Ronnie Von contou que no final dos anos 1970 sofreu muito com uma doen\u00e7a que afetou o sistema nervoso chamada polineurite plurirradicular. O apresentador chegou a ficar paral\u00edtico e correu risco de morte.<\/p>\n<p>&#8220;Fui desenganado. [Os m\u00e9dicos disseram]: &#8216;J\u00e1 fizemos tudo que pod\u00edamos fazer&#8217;. Me amarraram numa maca, me levaram para casa para que ficasse no conforto da fam\u00edlia&#8221;, contou ele em entrevista ao &#8220;Programa do Gugu&#8221;, que vai ao ar nesta quarta-feira, \u00e0s 21h30, na Record.<\/p>\n<p>Ronnie lembra que sentia tanta dor que s\u00f3 pensava em morrer. &#8220;Pedi eutan\u00e1sia. Eu n\u00e3o aguentava de dor. Eu tinha dois enfermeiros que cuidavam de mim. Dor, isso mina a resist\u00eancia psicol\u00f3gica&#8221;, afirmou ele.<\/p>\n<p>O apresentador tamb\u00e9m relembrou que se arrepende de ter sido infiel com suas ex-mulheres: &#8220;Tra\u00ed. Eu n\u00e3o posso esconder uma coisa dessas. Se arrependimento matasse, eu tava morto, viu?&#8221;, disse.<\/p>\n<p><em>*UOL<\/em><\/p>\n","protected":false},"excerpt":{"rendered":"<p>Ronnie Von contou que no final dos anos 1970 sofreu muito com uma doen\u00e7a que afetou o sistema nervoso chamada polineurite plurirradicular. O apresentador chegou a ficar paral\u00edtico e correu risco de morte. &#8220;Fui desenganado. [Os m\u00e9dicos disseram]: &#8216;J\u00e1 fizemos tudo que pod\u00edamos fazer&#8217;. Me amarraram numa maca, me levaram para casa para que ficasse [&hellip;]<\/p>\n","protected":false},"author":2,"featured_media":13296,"comment_status":"open","ping_status":"open","sticky":false,"template":"","format":"standard","meta":{"_acf_changed":false,"_monsterinsights_skip_tracking":false,"_monsterinsights_sitenote_active":false,"_monsterinsights_sitenote_note":"","_monsterinsights_sitenote_category":0,"_jetpack_memberships_contains_paid_content":false,"footnotes":"","jetpack_publicize_message":"","jetpack_publicize_feature_enabled":true,"jetpack_social_post_already_shared":true,"jetpack_social_options":{"image_generator_settings":{"template":"highway","default_image_id":0,"font":"","enabled":false},"version":2}},"categories":[8,1],"tags":[],"class_list":["post-13295","post","type-post","status-publish","format-standard","has-post-thumbnail","hentry","category-cultura","category-noticias"],"acf":[],"jetpack_publicize_connections":[],"jetpack_featured_media_url":"https:\/\/i0.wp.com\/blogdoeloiltoncajuhy.com.br\/site\/wp-content\/uploads\/2016\/11\/ronnie-von.jpg?fit=615%2C300&ssl=1","jetpack_sharing_enabled":true,"publishpress_future_workflow_manual_trigger":{"enabledWorkflows":[]},"_links":{"self":[{"href":"https:\/\/blogdoeloiltoncajuhy.com.br\/site\/wp-json\/wp\/v2\/posts\/13295","targetHints":{"allow":["GET"]}}],"collection":[{"href":"https:\/\/blogdoeloiltoncajuhy.com.br\/site\/wp-json\/wp\/v2\/posts"}],"about":[{"href":"https:\/\/blogdoeloiltoncajuhy.com.br\/site\/wp-json\/wp\/v2\/types\/post"}],"author":[{"embeddable":true,"href":"https:\/\/blogdoeloiltoncajuhy.com.br\/site\/wp-json\/wp\/v2\/users\/2"}],"replies":[{"embeddable":true,"href":"https:\/\/blogdoeloiltoncajuhy.com.br\/site\/wp-json\/wp\/v2\/comments?post=13295"}],"version-history":[{"count":1,"href":"https:\/\/blogdoeloiltoncajuhy.com.br\/site\/wp-json\/wp\/v2\/posts\/13295\/revisions"}],"predecessor-version":[{"id":13297,"href":"https:\/\/blogdoeloiltoncajuhy.com.br\/site\/wp-json\/wp\/v2\/posts\/13295\/revisions\/13297"}],"wp:featuredmedia":[{"embeddable":true,"href":"https:\/\/blogdoeloiltoncajuhy.com.br\/site\/wp-json\/wp\/v2\/media\/13296"}],"wp:attachment":[{"href":"https:\/\/blogdoeloiltoncajuhy.com.br\/site\/wp-json\/wp\/v2\/media?parent=13295"}],"wp:term":[{"taxonomy":"category","embeddable":true,"href":"https:\/\/blogdoeloiltoncajuhy.com.br\/site\/wp-json\/wp\/v2\/categories?post=13295"},{"taxonomy":"post_tag","embeddable":true,"href":"https:\/\/blogdoeloiltoncajuhy.com.br\/site\/wp-json\/wp\/v2\/tags?post=13295"}],"curies":[{"name":"wp","href":"https:\/\/api.w.org\/{rel}","templated":true}]}}