{"id":13293,"date":"2016-11-08T17:33:28","date_gmt":"2016-11-08T20:33:28","guid":{"rendered":"http:\/\/blogdoeloiltoncajuhy.com.br\/site\/?p=13293"},"modified":"2016-11-08T17:33:28","modified_gmt":"2016-11-08T20:33:28","slug":"comunicado-sismusb","status":"publish","type":"post","link":"https:\/\/blogdoeloiltoncajuhy.com.br\/site\/comunicado-sismusb\/","title":{"rendered":"COMUNICADO SISMUSB"},"content":{"rendered":"<p><a href=\"https:\/\/i0.wp.com\/blogdoeloiltoncajuhy.com.br\/site\/wp-content\/uploads\/2015\/11\/SISMUSB-B.jpg\"><img data-recalc-dims=\"1\" fetchpriority=\"high\" decoding=\"async\" class=\"aligncenter wp-image-5476 size-medium\" src=\"https:\/\/i0.wp.com\/blogdoeloiltoncajuhy.com.br\/site\/wp-content\/uploads\/2015\/11\/SISMUSB-B.jpg?resize=291%2C300\" alt=\"SISMUSB-B\" width=\"291\" height=\"300\" srcset=\"https:\/\/i0.wp.com\/blogdoeloiltoncajuhy.com.br\/site\/wp-content\/uploads\/2015\/11\/SISMUSB-B.jpg?resize=291%2C300&amp;ssl=1 291w, https:\/\/i0.wp.com\/blogdoeloiltoncajuhy.com.br\/site\/wp-content\/uploads\/2015\/11\/SISMUSB-B.jpg?resize=243%2C250&amp;ssl=1 243w, https:\/\/i0.wp.com\/blogdoeloiltoncajuhy.com.br\/site\/wp-content\/uploads\/2015\/11\/SISMUSB-B.jpg?resize=48%2C48&amp;ssl=1 48w, https:\/\/i0.wp.com\/blogdoeloiltoncajuhy.com.br\/site\/wp-content\/uploads\/2015\/11\/SISMUSB-B.jpg?w=336&amp;ssl=1 336w\" sizes=\"(max-width: 291px) 100vw, 291px\" \/><\/a>O <strong>SISMUSB<\/strong> &#8211; Sindicato dos Servidores P\u00fablicos Municipais de Senhor do Bonfim, comunica a todos os servidores que por motivo de for\u00e7a maior a Assembleia Geral que aconteceria hoje, ter\u00e7a-feira (08\/11), no audit\u00f3rio do Sindiferro foi adiada para quarta-feira (09\/11\/2016), \u00e0s 16h30, no mesmo local.<\/p>\n<p>Desde j\u00e1 agradecemos,<\/p>\n<p><em><strong>Raimundo Nonato Rodrigues de Oliveira<\/strong><\/em><br \/>\n<em><strong>Coordenador Geral do Sismusb<\/strong><\/em><\/p>\n","protected":false},"excerpt":{"rendered":"<p>O SISMUSB &#8211; Sindicato dos Servidores P\u00fablicos Municipais de Senhor do Bonfim, comunica a todos os servidores que por motivo de for\u00e7a maior a Assembleia Geral que aconteceria hoje, ter\u00e7a-feira (08\/11), no audit\u00f3rio do Sindiferro foi adiada para quarta-feira (09\/11\/2016), \u00e0s 16h30, no mesmo local. Desde j\u00e1 agradecemos, Raimundo Nonato Rodrigues de Oliveira Coordenador Geral [&hellip;]<\/p>\n","protected":false},"author":2,"featured_media":0,"comment_status":"open","ping_status":"open","sticky":false,"template":"","format":"standard","meta":{"_acf_changed":false,"_monsterinsights_skip_tracking":false,"_monsterinsights_sitenote_active":false,"_monsterinsights_sitenote_note":"","_monsterinsights_sitenote_category":0,"_jetpack_memberships_contains_paid_content":false,"footnotes":"","jetpack_publicize_message":"","jetpack_publicize_feature_enabled":true,"jetpack_social_post_already_shared":true,"jetpack_social_options":{"image_generator_settings":{"template":"highway","default_image_id":0,"font":"","enabled":false},"version":2}},"categories":[1,4],"tags":[],"class_list":["post-13293","post","type-post","status-publish","format-standard","hentry","category-noticias","category-local"],"acf":[],"jetpack_publicize_connections":[],"jetpack_featured_media_url":"","jetpack_sharing_enabled":true,"publishpress_future_workflow_manual_trigger":{"enabledWorkflows":[]},"_links":{"self":[{"href":"https:\/\/blogdoeloiltoncajuhy.com.br\/site\/wp-json\/wp\/v2\/posts\/13293","targetHints":{"allow":["GET"]}}],"collection":[{"href":"https:\/\/blogdoeloiltoncajuhy.com.br\/site\/wp-json\/wp\/v2\/posts"}],"about":[{"href":"https:\/\/blogdoeloiltoncajuhy.com.br\/site\/wp-json\/wp\/v2\/types\/post"}],"author":[{"embeddable":true,"href":"https:\/\/blogdoeloiltoncajuhy.com.br\/site\/wp-json\/wp\/v2\/users\/2"}],"replies":[{"embeddable":true,"href":"https:\/\/blogdoeloiltoncajuhy.com.br\/site\/wp-json\/wp\/v2\/comments?post=13293"}],"version-history":[{"count":1,"href":"https:\/\/blogdoeloiltoncajuhy.com.br\/site\/wp-json\/wp\/v2\/posts\/13293\/revisions"}],"predecessor-version":[{"id":13294,"href":"https:\/\/blogdoeloiltoncajuhy.com.br\/site\/wp-json\/wp\/v2\/posts\/13293\/revisions\/13294"}],"wp:attachment":[{"href":"https:\/\/blogdoeloiltoncajuhy.com.br\/site\/wp-json\/wp\/v2\/media?parent=13293"}],"wp:term":[{"taxonomy":"category","embeddable":true,"href":"https:\/\/blogdoeloiltoncajuhy.com.br\/site\/wp-json\/wp\/v2\/categories?post=13293"},{"taxonomy":"post_tag","embeddable":true,"href":"https:\/\/blogdoeloiltoncajuhy.com.br\/site\/wp-json\/wp\/v2\/tags?post=13293"}],"curies":[{"name":"wp","href":"https:\/\/api.w.org\/{rel}","templated":true}]}}