{"id":13267,"date":"2016-11-07T07:16:11","date_gmt":"2016-11-07T10:16:11","guid":{"rendered":"http:\/\/blogdoeloiltoncajuhy.com.br\/site\/?p=13267"},"modified":"2016-11-07T07:16:11","modified_gmt":"2016-11-07T10:16:11","slug":"condenados-por-uso-ou-trafico-de-drogas-poderao-ser-obrigados-a-indenizar-sus","status":"publish","type":"post","link":"https:\/\/blogdoeloiltoncajuhy.com.br\/site\/condenados-por-uso-ou-trafico-de-drogas-poderao-ser-obrigados-a-indenizar-sus\/","title":{"rendered":"Condenados por uso ou tr\u00e1fico de drogas poder\u00e3o ser obrigados a indenizar SUS"},"content":{"rendered":"<p style=\"text-align: center;\"><em><strong>Proposta altera Sistema Nacional de Pol\u00edticas P\u00fablicas sobre Drogas<\/strong><\/em><\/p>\n<p><a href=\"https:\/\/i0.wp.com\/blogdoeloiltoncajuhy.com.br\/site\/wp-content\/uploads\/2016\/11\/comiss%C3%A3o-c%C3%A2mara-deputados-1.png\"><img data-recalc-dims=\"1\" fetchpriority=\"high\" decoding=\"async\" class=\"aligncenter size-full wp-image-13268\" src=\"https:\/\/i0.wp.com\/blogdoeloiltoncajuhy.com.br\/site\/wp-content\/uploads\/2016\/11\/comiss%C3%A3o-c%C3%A2mara-deputados-1.png?resize=448%2C224\" alt=\"comissao-camara-deputados-1\" width=\"448\" height=\"224\" srcset=\"https:\/\/i0.wp.com\/blogdoeloiltoncajuhy.com.br\/site\/wp-content\/uploads\/2016\/11\/comiss%C3%A3o-c%C3%A2mara-deputados-1.png?w=448&amp;ssl=1 448w, https:\/\/i0.wp.com\/blogdoeloiltoncajuhy.com.br\/site\/wp-content\/uploads\/2016\/11\/comiss%C3%A3o-c%C3%A2mara-deputados-1.png?resize=300%2C150&amp;ssl=1 300w, https:\/\/i0.wp.com\/blogdoeloiltoncajuhy.com.br\/site\/wp-content\/uploads\/2016\/11\/comiss%C3%A3o-c%C3%A2mara-deputados-1.png?resize=250%2C125&amp;ssl=1 250w\" sizes=\"(max-width: 448px) 100vw, 448px\" \/><\/a>A Comiss\u00e3o de Seguran\u00e7a P\u00fablica e Combate ao Crime Organizado aprova proposta que estabelece que o juiz dever\u00e1, em condena\u00e7\u00f5es relacionadas ao uso ou tr\u00e1fico de drogas, fixar um valor m\u00ednimo para a repara\u00e7\u00e3o dos danos causados \u00e0 sa\u00fade p\u00fablica.<\/p>\n<p>O projeto de lei (n\u00ba 4947\/2016) do deputado Delegado Waldir, do PR de Goi\u00e1s, determina que o valor estipulado na senten\u00e7a deve variar de dois a dois mil sal\u00e1rios m\u00ednimos, e deve ser depositado pelo condenado em conta destinada ao Sistema \u00danico de Sa\u00fade (SUS). A proposta altera a lei do Sistema Nacional de Pol\u00edticas P\u00fablicas sobre Drogas (Lei 11.343\/2006 &#8211; Sisnad).<\/p>\n<p>A legisla\u00e7\u00e3o traz uma s\u00e9rie de dispositivos sobre a utiliza\u00e7\u00e3o de servi\u00e7os de sa\u00fade p\u00fablica para o tratamento dos usu\u00e1rios de drogas.<\/p>\n<p>O relator da Comiss\u00e3o de Seguran\u00e7a P\u00fablica, deputado Ezequiel Teixeira, do PTN do Rio de Janeiro, afirmou que o gasto do pa\u00eds com o combate ao tr\u00e1fico de drogas deve ser recompensado.<\/p>\n<p>&#8220;O Estado tem que combater a pr\u00e1tica do tr\u00e1fico. O Estado \u00e9 chamado para chegar junto com as custas processuais, com a manuten\u00e7\u00e3o do pre\u00e7o, com o tratamento de sa\u00fade dos dependentes. Somando tudo, hoje, o Brasil, gasta anualmente em torno de 5 bilh\u00f5es. Olha o preju\u00edzo que o tr\u00e1fico traz para a sociedade e para uma na\u00e7\u00e3o&#8221;.<\/p>\n<p>Ezequiel Teixeira afirmou que a sa\u00fade do Brasil melhoraria com mais recursos destinados ao SUS.<\/p>\n<p>&#8220;Vai ter mais recursos, vamos ter um atendimento melhor porque o atendimento \u00e9 prec\u00e1rio, na realidade, a sa\u00fade no Brasil est\u00e1 doente. Ent\u00e3o, na realidade, se voc\u00ea tem mais recursos, voc\u00ea tem mais objetividade, profissionais mais qualificados, enfim, abre-se um leque tremendo. Eu creio que esse projeto de lei foi muito espec\u00edfico e feliz&#8221;.<\/p>\n<p>O projeto segue agora para a Comiss\u00e3o de Constitui\u00e7\u00e3o e Justi\u00e7a.<\/p>\n<p><em>*Reportagem &#8211; Clara Sasse \/ R\u00e1dio C\u00e2mara<\/em><\/p>\n","protected":false},"excerpt":{"rendered":"<p>Proposta altera Sistema Nacional de Pol\u00edticas P\u00fablicas sobre Drogas A Comiss\u00e3o de Seguran\u00e7a P\u00fablica e Combate ao Crime Organizado aprova proposta que estabelece que o juiz dever\u00e1, em condena\u00e7\u00f5es relacionadas ao uso ou tr\u00e1fico de drogas, fixar um valor m\u00ednimo para a repara\u00e7\u00e3o dos danos causados \u00e0 sa\u00fade p\u00fablica. O projeto de lei (n\u00ba 4947\/2016) [&hellip;]<\/p>\n","protected":false},"author":2,"featured_media":13268,"comment_status":"open","ping_status":"open","sticky":false,"template":"","format":"standard","meta":{"_acf_changed":false,"_monsterinsights_skip_tracking":false,"_monsterinsights_sitenote_active":false,"_monsterinsights_sitenote_note":"","_monsterinsights_sitenote_category":0,"_jetpack_memberships_contains_paid_content":false,"footnotes":"","jetpack_publicize_message":"","jetpack_publicize_feature_enabled":true,"jetpack_social_post_already_shared":true,"jetpack_social_options":{"image_generator_settings":{"template":"highway","default_image_id":0,"font":"","enabled":false},"version":2}},"categories":[5,1,3],"tags":[],"class_list":["post-13267","post","type-post","status-publish","format-standard","has-post-thumbnail","hentry","category-cotidiano","category-noticias","category-politica"],"acf":[],"jetpack_publicize_connections":[],"jetpack_featured_media_url":"https:\/\/i0.wp.com\/blogdoeloiltoncajuhy.com.br\/site\/wp-content\/uploads\/2016\/11\/comiss%C3%A3o-c%C3%A2mara-deputados-1.png?fit=448%2C224&ssl=1","jetpack_sharing_enabled":true,"publishpress_future_workflow_manual_trigger":{"enabledWorkflows":[]},"_links":{"self":[{"href":"https:\/\/blogdoeloiltoncajuhy.com.br\/site\/wp-json\/wp\/v2\/posts\/13267","targetHints":{"allow":["GET"]}}],"collection":[{"href":"https:\/\/blogdoeloiltoncajuhy.com.br\/site\/wp-json\/wp\/v2\/posts"}],"about":[{"href":"https:\/\/blogdoeloiltoncajuhy.com.br\/site\/wp-json\/wp\/v2\/types\/post"}],"author":[{"embeddable":true,"href":"https:\/\/blogdoeloiltoncajuhy.com.br\/site\/wp-json\/wp\/v2\/users\/2"}],"replies":[{"embeddable":true,"href":"https:\/\/blogdoeloiltoncajuhy.com.br\/site\/wp-json\/wp\/v2\/comments?post=13267"}],"version-history":[{"count":1,"href":"https:\/\/blogdoeloiltoncajuhy.com.br\/site\/wp-json\/wp\/v2\/posts\/13267\/revisions"}],"predecessor-version":[{"id":13269,"href":"https:\/\/blogdoeloiltoncajuhy.com.br\/site\/wp-json\/wp\/v2\/posts\/13267\/revisions\/13269"}],"wp:featuredmedia":[{"embeddable":true,"href":"https:\/\/blogdoeloiltoncajuhy.com.br\/site\/wp-json\/wp\/v2\/media\/13268"}],"wp:attachment":[{"href":"https:\/\/blogdoeloiltoncajuhy.com.br\/site\/wp-json\/wp\/v2\/media?parent=13267"}],"wp:term":[{"taxonomy":"category","embeddable":true,"href":"https:\/\/blogdoeloiltoncajuhy.com.br\/site\/wp-json\/wp\/v2\/categories?post=13267"},{"taxonomy":"post_tag","embeddable":true,"href":"https:\/\/blogdoeloiltoncajuhy.com.br\/site\/wp-json\/wp\/v2\/tags?post=13267"}],"curies":[{"name":"wp","href":"https:\/\/api.w.org\/{rel}","templated":true}]}}