{"id":13260,"date":"2016-11-06T18:39:59","date_gmt":"2016-11-06T21:39:59","guid":{"rendered":"http:\/\/blogdoeloiltoncajuhy.com.br\/site\/?p=13260"},"modified":"2016-11-07T11:50:41","modified_gmt":"2016-11-07T14:50:41","slug":"senhor-do-bonfim-pm-lau-e-encontrado-morto-dentro-de-sua-residencia-no-povoado-de-barauna","status":"publish","type":"post","link":"https:\/\/blogdoeloiltoncajuhy.com.br\/site\/senhor-do-bonfim-pm-lau-e-encontrado-morto-dentro-de-sua-residencia-no-povoado-de-barauna\/","title":{"rendered":"SENHOR DO BONFIM: PM Lau \u00e9 encontrado morto dentro de sua resid\u00eancia no Povoado de Bara\u00fana"},"content":{"rendered":"<figure id=\"attachment_13275\" aria-describedby=\"caption-attachment-13275\" style=\"width: 185px\" class=\"wp-caption alignright\"><a href=\"https:\/\/i0.wp.com\/blogdoeloiltoncajuhy.com.br\/site\/wp-content\/uploads\/2016\/11\/lau.jpg\"><img data-recalc-dims=\"1\" fetchpriority=\"high\" decoding=\"async\" class=\"wp-image-13275 size-full\" src=\"https:\/\/i0.wp.com\/blogdoeloiltoncajuhy.com.br\/site\/wp-content\/uploads\/2016\/11\/lau.jpg?resize=185%2C279\" width=\"185\" height=\"279\" srcset=\"https:\/\/i0.wp.com\/blogdoeloiltoncajuhy.com.br\/site\/wp-content\/uploads\/2016\/11\/lau.jpg?w=185&amp;ssl=1 185w, https:\/\/i0.wp.com\/blogdoeloiltoncajuhy.com.br\/site\/wp-content\/uploads\/2016\/11\/lau.jpg?resize=166%2C250&amp;ssl=1 166w\" sizes=\"(max-width: 185px) 100vw, 185px\" \/><\/a><figcaption id=\"caption-attachment-13275\" class=\"wp-caption-text\">Foto: WhatsApp<\/figcaption><\/figure>\n<p>O Sargento PM da Reserva <strong>Jos\u00e9 Carlos dos Santos<\/strong>, de 56 anos, mais conhecido como<strong> Lau<\/strong>, foi encontrado morto em sua pr\u00f3pria resid\u00eancia, na manh\u00e3 deste domingo (06), no Povoado de Bara\u00fana, interior de Senhor do Bonfim.<\/p>\n<p>Segundo informa\u00e7\u00f5es, ele teria passado a noite s\u00f3. Na manh\u00e3 de hoje, quando familiares chegaram na casa, o chamaram, mas ele n\u00e3o respondeu. Depois que conseguiram ter acesso ao im\u00f3vel, ele foi encontrado j\u00e1 sem vida.<\/p>\n<p>A Pol\u00edcia T\u00e9cnica esteve no local e removeu o corpo de Lau para o IML de Senhor do Bonfim. As primeiras informa\u00e7\u00f5es d\u00e3o conta de que ele teria morrido de causas naturais.<\/p>\n<p>Lau ficou muito conhecido por ser arrendat\u00e1rio de um dos bares do Est\u00e1dio Municipal Pedro Amorim.\u00a0O corpo do ex-PM est\u00e1 sendo velado no Memorial PAFAC, no Bairro Itamaraty, e ser\u00e1 sepultado \u00e0s 10h, desta segunda-feira (07), no Cemit\u00e9rio Jardim da Saudade, Alto do Cigano, nesta cidade.<\/p>\n<p><em>*BLOG DO ELOILTON CAJUHY<\/em><\/p>\n","protected":false},"excerpt":{"rendered":"<p>O Sargento PM da Reserva Jos\u00e9 Carlos dos Santos, de 56 anos, mais conhecido como Lau, foi encontrado morto em sua pr\u00f3pria resid\u00eancia, na manh\u00e3 deste domingo (06), no Povoado de Bara\u00fana, interior de Senhor do Bonfim. Segundo informa\u00e7\u00f5es, ele teria passado a noite s\u00f3. Na manh\u00e3 de hoje, quando familiares chegaram na casa, o [&hellip;]<\/p>\n","protected":false},"author":2,"featured_media":13275,"comment_status":"open","ping_status":"open","sticky":false,"template":"","format":"standard","meta":{"_acf_changed":false,"_monsterinsights_skip_tracking":false,"_monsterinsights_sitenote_active":false,"_monsterinsights_sitenote_note":"","_monsterinsights_sitenote_category":0,"_jetpack_memberships_contains_paid_content":false,"footnotes":"","jetpack_publicize_message":"","jetpack_publicize_feature_enabled":true,"jetpack_social_post_already_shared":true,"jetpack_social_options":{"image_generator_settings":{"template":"highway","default_image_id":0,"font":"","enabled":false},"version":2}},"categories":[5,1,4],"tags":[],"class_list":["post-13260","post","type-post","status-publish","format-standard","has-post-thumbnail","hentry","category-cotidiano","category-noticias","category-local"],"acf":[],"jetpack_publicize_connections":[],"jetpack_featured_media_url":"https:\/\/i0.wp.com\/blogdoeloiltoncajuhy.com.br\/site\/wp-content\/uploads\/2016\/11\/lau.jpg?fit=185%2C279&ssl=1","jetpack_sharing_enabled":true,"publishpress_future_workflow_manual_trigger":{"enabledWorkflows":[]},"_links":{"self":[{"href":"https:\/\/blogdoeloiltoncajuhy.com.br\/site\/wp-json\/wp\/v2\/posts\/13260","targetHints":{"allow":["GET"]}}],"collection":[{"href":"https:\/\/blogdoeloiltoncajuhy.com.br\/site\/wp-json\/wp\/v2\/posts"}],"about":[{"href":"https:\/\/blogdoeloiltoncajuhy.com.br\/site\/wp-json\/wp\/v2\/types\/post"}],"author":[{"embeddable":true,"href":"https:\/\/blogdoeloiltoncajuhy.com.br\/site\/wp-json\/wp\/v2\/users\/2"}],"replies":[{"embeddable":true,"href":"https:\/\/blogdoeloiltoncajuhy.com.br\/site\/wp-json\/wp\/v2\/comments?post=13260"}],"version-history":[{"count":4,"href":"https:\/\/blogdoeloiltoncajuhy.com.br\/site\/wp-json\/wp\/v2\/posts\/13260\/revisions"}],"predecessor-version":[{"id":13276,"href":"https:\/\/blogdoeloiltoncajuhy.com.br\/site\/wp-json\/wp\/v2\/posts\/13260\/revisions\/13276"}],"wp:featuredmedia":[{"embeddable":true,"href":"https:\/\/blogdoeloiltoncajuhy.com.br\/site\/wp-json\/wp\/v2\/media\/13275"}],"wp:attachment":[{"href":"https:\/\/blogdoeloiltoncajuhy.com.br\/site\/wp-json\/wp\/v2\/media?parent=13260"}],"wp:term":[{"taxonomy":"category","embeddable":true,"href":"https:\/\/blogdoeloiltoncajuhy.com.br\/site\/wp-json\/wp\/v2\/categories?post=13260"},{"taxonomy":"post_tag","embeddable":true,"href":"https:\/\/blogdoeloiltoncajuhy.com.br\/site\/wp-json\/wp\/v2\/tags?post=13260"}],"curies":[{"name":"wp","href":"https:\/\/api.w.org\/{rel}","templated":true}]}}