{"id":13252,"date":"2016-11-05T23:05:33","date_gmt":"2016-11-06T02:05:33","guid":{"rendered":"http:\/\/blogdoeloiltoncajuhy.com.br\/site\/?p=13252"},"modified":"2016-11-05T23:05:33","modified_gmt":"2016-11-06T02:05:33","slug":"comece-o-domingo-meditando-bem-aventurados-os-puros-de-coracao-porque-verao-a-deus-mt-51-12a","status":"publish","type":"post","link":"https:\/\/blogdoeloiltoncajuhy.com.br\/site\/comece-o-domingo-meditando-bem-aventurados-os-puros-de-coracao-porque-verao-a-deus-mt-51-12a\/","title":{"rendered":"COMECE O DOMINGO MEDITANDO: &#8220;Bem-aventurados os puros de cora\u00e7\u00e3o, porque ver\u00e3o a Deus&#8221; (Mt 5,1-12a)"},"content":{"rendered":"<p><a href=\"https:\/\/i0.wp.com\/blogdoeloiltoncajuhy.com.br\/site\/wp-content\/uploads\/2015\/10\/liturgia_diaria.jpg\"><img data-recalc-dims=\"1\" fetchpriority=\"high\" decoding=\"async\" class=\"aligncenter size-full wp-image-4757\" src=\"https:\/\/i0.wp.com\/blogdoeloiltoncajuhy.com.br\/site\/wp-content\/uploads\/2015\/10\/liturgia_diaria.jpg?resize=449%2C340\" alt=\"liturgia_diaria\" width=\"449\" height=\"340\" srcset=\"https:\/\/i0.wp.com\/blogdoeloiltoncajuhy.com.br\/site\/wp-content\/uploads\/2015\/10\/liturgia_diaria.jpg?w=449&amp;ssl=1 449w, https:\/\/i0.wp.com\/blogdoeloiltoncajuhy.com.br\/site\/wp-content\/uploads\/2015\/10\/liturgia_diaria.jpg?resize=300%2C227&amp;ssl=1 300w, https:\/\/i0.wp.com\/blogdoeloiltoncajuhy.com.br\/site\/wp-content\/uploads\/2015\/10\/liturgia_diaria.jpg?resize=250%2C189&amp;ssl=1 250w\" sizes=\"(max-width: 449px) 100vw, 449px\" \/><\/a>Naquele tempo, vendo Jesus as multid\u00f5es, subiu ao monte e sentou-se. Os disc\u00edpulos aproximaram-se, e Jesus come\u00e7ou a ensin\u00e1-los:<\/p>\n<p>\u201cBem-aventurados os pobres em esp\u00edrito, porque deles \u00e9 o Reino dos C\u00e9us.<\/p>\n<p>Bem-aventurados os aflitos, porque ser\u00e3o consolados.<\/p>\n<p>Bem-aventurados os mansos, porque possuir\u00e3o a terra.<\/p>\n<p>Bem-aventurados os que t\u00eam fome e sede de justi\u00e7a, porque ser\u00e3o saciados.<\/p>\n<p>Bem-aventurados os misericordiosos, porque alcan\u00e7ar\u00e3o miseric\u00f3rdia.<\/p>\n<p>Bem-aventurados os puros de cora\u00e7\u00e3o, porque ver\u00e3o a Deus.<\/p>\n<p>Bem-aventurados os que promovem a paz, porque ser\u00e3o chamados filhos de Deus.<\/p>\n<p>Bem-aventurados os que s\u00e3o perseguidos por causa da justi\u00e7a, porque deles \u00e9 o Reino dos C\u00e9us!<\/p>\n<p>Bem-aventurados sois v\u00f3s, quando vos injuriarem e perseguirem, e, mentindo, disserem todo tipo de mal contra v\u00f3s, por causa de mim. Alegrai-vos e exultai, porque ser\u00e1 grande a vossa recompensa nos c\u00e9us\u201d.<\/p>\n<p><em>*Can\u00e7\u00e3o Nova<\/em><\/p>\n","protected":false},"excerpt":{"rendered":"<p>Naquele tempo, vendo Jesus as multid\u00f5es, subiu ao monte e sentou-se. Os disc\u00edpulos aproximaram-se, e Jesus come\u00e7ou a ensin\u00e1-los: \u201cBem-aventurados os pobres em esp\u00edrito, porque deles \u00e9 o Reino dos C\u00e9us. Bem-aventurados os aflitos, porque ser\u00e3o consolados. Bem-aventurados os mansos, porque possuir\u00e3o a terra. Bem-aventurados os que t\u00eam fome e sede de justi\u00e7a, porque ser\u00e3o [&hellip;]<\/p>\n","protected":false},"author":2,"featured_media":0,"comment_status":"open","ping_status":"open","sticky":false,"template":"","format":"standard","meta":{"_acf_changed":false,"_monsterinsights_skip_tracking":false,"_monsterinsights_sitenote_active":false,"_monsterinsights_sitenote_note":"","_monsterinsights_sitenote_category":0,"_jetpack_memberships_contains_paid_content":false,"footnotes":"","jetpack_publicize_message":"","jetpack_publicize_feature_enabled":true,"jetpack_social_post_already_shared":true,"jetpack_social_options":{"image_generator_settings":{"template":"highway","default_image_id":0,"font":"","enabled":false},"version":2}},"categories":[1,9],"tags":[],"class_list":["post-13252","post","type-post","status-publish","format-standard","hentry","category-noticias","category-reflexao"],"acf":[],"jetpack_publicize_connections":[],"jetpack_featured_media_url":"","jetpack_sharing_enabled":true,"publishpress_future_workflow_manual_trigger":{"enabledWorkflows":[]},"_links":{"self":[{"href":"https:\/\/blogdoeloiltoncajuhy.com.br\/site\/wp-json\/wp\/v2\/posts\/13252","targetHints":{"allow":["GET"]}}],"collection":[{"href":"https:\/\/blogdoeloiltoncajuhy.com.br\/site\/wp-json\/wp\/v2\/posts"}],"about":[{"href":"https:\/\/blogdoeloiltoncajuhy.com.br\/site\/wp-json\/wp\/v2\/types\/post"}],"author":[{"embeddable":true,"href":"https:\/\/blogdoeloiltoncajuhy.com.br\/site\/wp-json\/wp\/v2\/users\/2"}],"replies":[{"embeddable":true,"href":"https:\/\/blogdoeloiltoncajuhy.com.br\/site\/wp-json\/wp\/v2\/comments?post=13252"}],"version-history":[{"count":1,"href":"https:\/\/blogdoeloiltoncajuhy.com.br\/site\/wp-json\/wp\/v2\/posts\/13252\/revisions"}],"predecessor-version":[{"id":13253,"href":"https:\/\/blogdoeloiltoncajuhy.com.br\/site\/wp-json\/wp\/v2\/posts\/13252\/revisions\/13253"}],"wp:attachment":[{"href":"https:\/\/blogdoeloiltoncajuhy.com.br\/site\/wp-json\/wp\/v2\/media?parent=13252"}],"wp:term":[{"taxonomy":"category","embeddable":true,"href":"https:\/\/blogdoeloiltoncajuhy.com.br\/site\/wp-json\/wp\/v2\/categories?post=13252"},{"taxonomy":"post_tag","embeddable":true,"href":"https:\/\/blogdoeloiltoncajuhy.com.br\/site\/wp-json\/wp\/v2\/tags?post=13252"}],"curies":[{"name":"wp","href":"https:\/\/api.w.org\/{rel}","templated":true}]}}