{"id":13248,"date":"2016-11-05T11:24:05","date_gmt":"2016-11-05T14:24:05","guid":{"rendered":"http:\/\/blogdoeloiltoncajuhy.com.br\/site\/?p=13248"},"modified":"2016-11-05T11:24:05","modified_gmt":"2016-11-05T14:24:05","slug":"evento-de-luxo-de-juizes-em-resort-na-bahia-sera-pago-por-empresa-com-passivo-judicial","status":"publish","type":"post","link":"https:\/\/blogdoeloiltoncajuhy.com.br\/site\/evento-de-luxo-de-juizes-em-resort-na-bahia-sera-pago-por-empresa-com-passivo-judicial\/","title":{"rendered":"Evento de luxo de ju\u00edzes em resort na Bahia ser\u00e1 pago por empresa com passivo judicial"},"content":{"rendered":"<p style=\"text-align: center;\"><strong>Magistrados est\u00e3o reunidos em Porto Seguro, com direito a show de Ivete Sangalo<\/strong><\/p>\n<figure id=\"attachment_13249\" aria-describedby=\"caption-attachment-13249\" style=\"width: 699px\" class=\"wp-caption aligncenter\"><a href=\"https:\/\/i0.wp.com\/blogdoeloiltoncajuhy.com.br\/site\/wp-content\/uploads\/2016\/11\/resort-2.jpg\"><img data-recalc-dims=\"1\" fetchpriority=\"high\" decoding=\"async\" class=\"wp-image-13249 size-full\" src=\"https:\/\/i0.wp.com\/blogdoeloiltoncajuhy.com.br\/site\/wp-content\/uploads\/2016\/11\/resort-2.jpg?resize=699%2C420\" alt=\"resort-2\" width=\"699\" height=\"420\" srcset=\"https:\/\/i0.wp.com\/blogdoeloiltoncajuhy.com.br\/site\/wp-content\/uploads\/2016\/11\/resort-2.jpg?w=699&amp;ssl=1 699w, https:\/\/i0.wp.com\/blogdoeloiltoncajuhy.com.br\/site\/wp-content\/uploads\/2016\/11\/resort-2.jpg?resize=300%2C180&amp;ssl=1 300w, https:\/\/i0.wp.com\/blogdoeloiltoncajuhy.com.br\/site\/wp-content\/uploads\/2016\/11\/resort-2.jpg?resize=250%2C150&amp;ssl=1 250w\" sizes=\"(max-width: 699px) 100vw, 699px\" \/><\/a><figcaption id=\"caption-attachment-13249\" class=\"wp-caption-text\">Evento de ju\u00edzes acontecer\u00e1 em resort cinco estrelas no Sul da Bahia,, cuja di\u00e1ria custa R$ 605 &#8211; Reprodu\u00e7\u00e3o<\/figcaption><\/figure>\n<p>Uma empresa com extenso passivo judicial que inclui condena\u00e7\u00f5es por crimes ambientais, trabalhistas e fiscais patrocina um evento da Associa\u00e7\u00e3o de Magistrados Brasileiros (AMB) que reune milhares de ju\u00edzes em um resort cinco estrelas em Porto Seguro (BA), e ser\u00e1 encerrado com um show da cantora Ivete Sangalo hoje (05). A Veracel Celulose \u00e9 uma das patrocinadoras do encontro, que tamb\u00e9m \u00e9 apoiado pela Caixa Econ\u00f4mica Federal e pela estatal baiana Bahiag\u00e1s.<\/p>\n<p>O VI Encontro Nacional de Ju\u00edzes Estaduais (Enaje) est\u00e1 sendo realizado em um paradis\u00edaco resort em Arraial d&#8217;Ajuda, distrito de Porto Seguro. O Arraial D&#8217;Ajuda Eco Resort fica na Ponta do Apaga Fogo e tem cais, praia privativa e uma piscina de 700 metros quadrados na beira do mar. A di\u00e1ria no resort custa R$ 605.<\/p>\n<p>A AMB n\u00e3o paga as passagens a\u00e9reas nem a hospedagem, mas negociou descontos para quem for participar do evento. Em alguns casos, tribunais pagar\u00e3o di\u00e1rias a magistrados que participar\u00e3o do encontro.<\/p>\n<p>Na programa\u00e7\u00e3o oficial do evento os destaques s\u00e3o a presidente do Supremo Tribunal Federal (STF), C\u00e1rmen L\u00facia, e o juiz federal S\u00e9rgio Moro, respons\u00e1vel pela Lava-Jato, que participou de um talk show com Gherardo Colombo, membro da Suprema Corte Italiana que atuou na Opera\u00e7\u00e3o M\u00e3os Limpas. O ministro Ricardo Lewandowski, tamb\u00e9m do Supremo, faria a abertura na noite de quinta-feira (03). Durante o evento haver\u00e1 tamb\u00e9m o \u00fanico debate entre os tr\u00eas candidatos a presidente da entidade, que realizar\u00e1 a elei\u00e7\u00e3o na pr\u00f3xima semana.<\/p>\n<p>Empresa dos grupos brasileiro Fibria e sueco-finland\u00eas Stora Enso, a Veracel est\u00e1 instalada no Sul da Bahia, onde tem uma vasta \u00e1rea de plantio de eucalipto, uma planta industrial para produ\u00e7\u00e3o de celulose e at\u00e9 um terminal mar\u00edtimo.<\/p>\n<p>A Veracel j\u00e1 foi condenada na primeira inst\u00e2ncia do Judici\u00e1rio nas \u00e1reas ambiental, trabalhista e fiscal. A empresa recorre, mas j\u00e1 foi condenada em segunda inst\u00e2ncia em um processo que trata do n\u00e3o pagamento de IPTU em Belmonte (BA), cidade que ocupa o n\u00famero 4.198 no ranking do \u00cdndice de Desenvolvimento Humano dos munic\u00edpios brasileiros, ficando entre os piores do pa\u00eds. A empresa tamb\u00e9m move dezenas de a\u00e7\u00f5es, boa parte delas de reintegra\u00e7\u00e3o de posse de parte de suas terras.<\/p>\n<p>No site do Tribunal de Justi\u00e7a da Bahia (TJ-BA) h\u00e1 o registro de 106 demandas judiciais que envolvem a empresa na primeira inst\u00e2ncia. Ela aparece 24 vezes como r\u00e9 e em outras 19 oportunidades \u00e9 alvo de execu\u00e7\u00e3o fiscal. H\u00e1 ainda quatro a\u00e7\u00f5es em que a empresa foi acionada como \u201crequerido\u201d. Nos demais 59 casos foi a empresa quem acionou a Justi\u00e7a.<\/p>\n<p>H\u00e1 ainda outros 11 registros de procedimentos no Superior Tribunal de Justi\u00e7a (STJ), 24 no Tribunal Regional Federal da Primeira Regi\u00e3o (TRF-1), al\u00e9m de dois recursos da empresa no Supremo Tribunal Federal (STF).<\/p>\n<p>A Associa\u00e7\u00e3o dos Magistrados Brasileiros (AMB) disse que a Veracel e a Caixa patrocinam o evento com R$ 100 mil cada, enquanto que a Bahiag\u00e1s repassou R$ 30 mil. A entidade diz ter \u201ccrit\u00e9rios rigorosos para a admiss\u00e3o de patroc\u00ednios aos seus eventos\u201d e que os valores recebidos est\u00e3o dentro de limites estabelecidos pelo Conselho Nacional de Justi\u00e7a (CNJ). Ressalta haver uma parceria com a Caixa h\u00e1 alguns anos e que os demais patrocinadores foram prospectados devido ao local da realiza\u00e7\u00e3o do evento deste ano. Afirma ainda que o apoio dado pelas empresas n\u00e3o interfere na independ\u00eancia da magistratura.<\/p>\n<p>\u201cA AMB preza pela isen\u00e7\u00e3o e entende que n\u00e3o h\u00e1 nenhuma rela\u00e7\u00e3o entre apoio financeiro ao evento e a independ\u00eancia da magistratura ao julgar empresas que estejam respondendo processos\u201d, sustenta a entidade, por meio de nota.<\/p>\n<p>A Veracel destacou que como faz 25 anos em 2016 realiza uma campanha publicit\u00e1ria comemorativa e que o patroc\u00ednio ao evento dos ju\u00edzes \u201cfoi considerado eleg\u00edvel e adequado \u00e0 campanha\u201d. Sem responder \u00e0s perguntas sobre os processos, a empresa afirmou ainda que o apoio \u00e9 uma forma de auxiliar a realiza\u00e7\u00e3o de eventos na regi\u00e3o em que est\u00e1 instalada.<\/p>\n<p>\u201cA Veracel Celulose tem relev\u00e2ncia no PIB baiano e \u00e9 uma das maiores empresas regionais em gera\u00e7\u00e3o de emprego e renda, sendo este o entendimento que justifica o convite de parceria. Por parte da empresa, as contrapartidas de patroc\u00ednio esperadas s\u00e3o para a visibilidade da logomarca da empresa nas pe\u00e7as do evento abrigado sob o tema \u00e9tica, independ\u00eancia e valoriza\u00e7\u00e3o da Magistratura\u201d, diz trecho da nota enviada pela empresa.<\/p>\n<p><strong>OUTRO LADO<\/strong><\/p>\n<p>A Caixa, por sua vez, afirmou que o patroc\u00ednio \u201ctem como objetivo fortalecer o relacionamento negocial com o segmento, al\u00e9m de ser uma oportunidade para consolidar a imagem da Caixa junto ao p\u00fablico-alvo de interesse mercadol\u00f3gico\u201d.<\/p>\n<p>A Bahiag\u00e1s, por meio de nota, respondeu nesta sexta-feira que patrocina o encontro porque ele comp\u00f5e a pol\u00edtica de patroc\u00ednio da empresa e porque permite a consolida\u00e7\u00e3o da imagem da empresa junto \u00e0 sociedade do estado.<\/p>\n<p>&#8220;A Companhia de G\u00e1s da Bahia \u2013 Bahiag\u00e1s \u2013 realizou o patroc\u00ednio do IV Encontro Nacional de Ju\u00edzes Estaduais. O projeto comp\u00f5e a pol\u00edtica de patroc\u00ednio da Bahiag\u00e1s no quesito referente ao est\u00edmulo \u00e0 reflex\u00e3o e ao di\u00e1logo de temas de interesse para o desenvolvimento social, econ\u00f4mico, ambiental e cient\u00edfico &#8211; acad\u00eamico da Bahia. Al\u00e9m da potencialidade de consolida\u00e7\u00e3o da imagem da Bahiag\u00e1s junto \u00e0 sociedade, j\u00e1 que a a\u00e7\u00e3o de patroc\u00ednio acontece no Sul da Bahia, regi\u00e3o de mercado e distribui\u00e7\u00e3o da rede de g\u00e1s natural da Companhia e tamb\u00e9m est\u00e1 em concord\u00e2ncia com a diretriz estrat\u00e9gica da Bahiag\u00e1s de interioriza\u00e7\u00e3o do g\u00e1s natural, que busca alcan\u00e7ar as \u00e1reas mais iminentes de desenvolvimento no estado&#8221;, diz a nota.<\/p>\n<p><em>*O Globo<\/em><\/p>\n<p>&nbsp;<\/p>\n","protected":false},"excerpt":{"rendered":"<p>Magistrados est\u00e3o reunidos em Porto Seguro, com direito a show de Ivete Sangalo Uma empresa com extenso passivo judicial que inclui condena\u00e7\u00f5es por crimes ambientais, trabalhistas e fiscais patrocina um evento da Associa\u00e7\u00e3o de Magistrados Brasileiros (AMB) que reune milhares de ju\u00edzes em um resort cinco estrelas em Porto Seguro (BA), e ser\u00e1 encerrado com [&hellip;]<\/p>\n","protected":false},"author":2,"featured_media":13249,"comment_status":"open","ping_status":"open","sticky":false,"template":"","format":"standard","meta":{"_acf_changed":false,"_monsterinsights_skip_tracking":false,"_monsterinsights_sitenote_active":false,"_monsterinsights_sitenote_note":"","_monsterinsights_sitenote_category":0,"_jetpack_memberships_contains_paid_content":false,"footnotes":"","jetpack_publicize_message":"","jetpack_publicize_feature_enabled":true,"jetpack_social_post_already_shared":true,"jetpack_social_options":{"image_generator_settings":{"template":"highway","default_image_id":0,"font":"","enabled":false},"version":2}},"categories":[5,1],"tags":[],"class_list":["post-13248","post","type-post","status-publish","format-standard","has-post-thumbnail","hentry","category-cotidiano","category-noticias"],"acf":[],"jetpack_publicize_connections":[],"jetpack_featured_media_url":"https:\/\/i0.wp.com\/blogdoeloiltoncajuhy.com.br\/site\/wp-content\/uploads\/2016\/11\/resort-2.jpg?fit=699%2C420&ssl=1","jetpack_sharing_enabled":true,"publishpress_future_workflow_manual_trigger":{"enabledWorkflows":[]},"_links":{"self":[{"href":"https:\/\/blogdoeloiltoncajuhy.com.br\/site\/wp-json\/wp\/v2\/posts\/13248","targetHints":{"allow":["GET"]}}],"collection":[{"href":"https:\/\/blogdoeloiltoncajuhy.com.br\/site\/wp-json\/wp\/v2\/posts"}],"about":[{"href":"https:\/\/blogdoeloiltoncajuhy.com.br\/site\/wp-json\/wp\/v2\/types\/post"}],"author":[{"embeddable":true,"href":"https:\/\/blogdoeloiltoncajuhy.com.br\/site\/wp-json\/wp\/v2\/users\/2"}],"replies":[{"embeddable":true,"href":"https:\/\/blogdoeloiltoncajuhy.com.br\/site\/wp-json\/wp\/v2\/comments?post=13248"}],"version-history":[{"count":1,"href":"https:\/\/blogdoeloiltoncajuhy.com.br\/site\/wp-json\/wp\/v2\/posts\/13248\/revisions"}],"predecessor-version":[{"id":13250,"href":"https:\/\/blogdoeloiltoncajuhy.com.br\/site\/wp-json\/wp\/v2\/posts\/13248\/revisions\/13250"}],"wp:featuredmedia":[{"embeddable":true,"href":"https:\/\/blogdoeloiltoncajuhy.com.br\/site\/wp-json\/wp\/v2\/media\/13249"}],"wp:attachment":[{"href":"https:\/\/blogdoeloiltoncajuhy.com.br\/site\/wp-json\/wp\/v2\/media?parent=13248"}],"wp:term":[{"taxonomy":"category","embeddable":true,"href":"https:\/\/blogdoeloiltoncajuhy.com.br\/site\/wp-json\/wp\/v2\/categories?post=13248"},{"taxonomy":"post_tag","embeddable":true,"href":"https:\/\/blogdoeloiltoncajuhy.com.br\/site\/wp-json\/wp\/v2\/tags?post=13248"}],"curies":[{"name":"wp","href":"https:\/\/api.w.org\/{rel}","templated":true}]}}